{"id":289695,"date":"2023-11-07T13:06:02","date_gmt":"2023-11-07T12:06:02","guid":{"rendered":"https:\/\/zakrasnejsivimperk.cz\/?p=289695"},"modified":"2023-11-09T12:59:29","modified_gmt":"2023-11-09T11:59:29","slug":"nase-mesto-vimperk-ptame-se-za-vas-ma-mesto-vimperk-zpracovany-pasport-verejnych-komunikaci","status":"publish","type":"post","link":"https:\/\/zakrasnejsivimperk.cz\/?p=289695","title":{"rendered":"NA\u0160E M\u011aSTO VIMPERK: Pt\u00e1me se za v\u00e1s \u2013 M\u00e1 m\u011bsto Vimperk zpracovan\u00fd Pasport ve\u0159ejn\u00fdch komunikac\u00ed?"},"content":{"rendered":"<p><img loading=\"lazy\" decoding=\"async\" class=\"aligncenter wp-image-288139 size-full\" src=\"https:\/\/zakrasnejsivimperk.cz\/wp-content\/uploads\/2023\/10\/02\/ptame-se-za-vas-xx.jpg\" alt=\"\" width=\"771\" height=\"385\" srcset=\"https:\/\/zakrasnejsivimperk.cz\/wp-content\/uploads\/2023\/10\/02\/ptame-se-za-vas-xx.jpg 771w, https:\/\/zakrasnejsivimperk.cz\/wp-content\/uploads\/2023\/10\/02\/ptame-se-za-vas-xx-300x150.jpg 300w, https:\/\/zakrasnejsivimperk.cz\/wp-content\/uploads\/2023\/10\/02\/ptame-se-za-vas-xx-768x384.jpg 768w, https:\/\/zakrasnejsivimperk.cz\/wp-content\/uploads\/2023\/10\/02\/ptame-se-za-vas-xx-715x357.jpg 715w\" sizes=\"(max-width: 771px) 100vw, 771px\" \/><\/p>\n<p>&nbsp;<\/p>\n<h6><b>M\u00e1 m\u011bsto Vimperk zpracovan\u00fd Pasport ve\u0159ejn\u00fdch komunikac\u00ed? Pokud ano, pro\u010d nen\u00ed, jak by m\u011bl b\u00fdt, zve\u0159ejn\u011bn\u00fd na webu radnice? Pokud m\u011bsto pasport nem\u00e1, kdy se tak stane a kdy bude pasport zve\u0159ejn\u011bn?<\/b><\/h6>\n<h4>Odpov\u00edd\u00e1 Michal Jan\u010de, vedouc\u00ed Odboru investic a \u00fadr\u017eby M\u011bstsk\u00e9ho \u00fa\u0159adu Vimperk:<\/h4>\n<h6 class=\"-wm-MsoNormal\"><em>M\u011bsto Vimperk, jako vlastn\u00edk m\u00edstn\u00edch komunikac\u00ed, m\u00e1 vypracovan\u00fd pasport m\u00edstn\u00edch komunikac\u00ed (MK), kter\u00fd je sou\u010d\u00e1st\u00ed elektronick\u00e9ho informa\u010dn\u00edho syst\u00e9mu MISYS.<\/em><\/h6>\n<h6 class=\"-wm-MsoNormal\"><em>Z \u017e\u00e1dn\u00e9ho pr\u00e1vn\u00edho p\u0159edpisu nevypl\u00fdv\u00e1 v\u00fdslovn\u00e1 povinnost obce\/m\u011bsta m\u00edt pasport zve\u0159ejn\u011bn na webov\u00fdch str\u00e1nk\u00e1ch nebo \u00fa\u0159edn\u00ed desce.<\/em><\/h6>\n<h6><em>V p\u0159\u00edpad\u011b z\u00e1jmu nebo pot\u0159eby ze strany ve\u0159ejnosti je mo\u017en\u00e9 do pasportu MK, kter\u00fd je sou\u010d\u00e1st\u00ed elektronick\u00e9ho informa\u010dn\u00edho syst\u00e9mu MISYS, nahl\u00e9dnout v kancel\u00e1\u0159i odboru investic a \u00fadr\u017eby.<\/em><\/h6>\n<p>&nbsp;<\/p>\n<p>(red) &#8211; Za kr\u00e1sn\u011bj\u0161\u00ed Vimperk<\/p>\n<hr \/>\n<p>&nbsp;<\/p>\n<p>&nbsp;<\/p>\n","protected":false},"excerpt":{"rendered":"<p>&nbsp; M\u00e1 <\/p>\n","protected":false},"author":2,"featured_media":289697,"comment_status":"open","ping_status":"open","sticky":false,"template":"","format":"gallery","meta":{"footnotes":""},"categories":[119,108],"tags":[],"jetpack_featured_media_url":"https:\/\/zakrasnejsivimperk.cz\/wp-content\/uploads\/2023\/10\/24\/ram-pasport.jpg","_links":{"self":[{"href":"https:\/\/zakrasnejsivimperk.cz\/index.php?rest_route=\/wp\/v2\/posts\/289695"}],"collection":[{"href":"https:\/\/zakrasnejsivimperk.cz\/index.php?rest_route=\/wp\/v2\/posts"}],"about":[{"href":"https:\/\/zakrasnejsivimperk.cz\/index.php?rest_route=\/wp\/v2\/types\/post"}],"author":[{"embeddable":true,"href":"https:\/\/zakrasnejsivimperk.cz\/index.php?rest_route=\/wp\/v2\/users\/2"}],"replies":[{"embeddable":true,"href":"https:\/\/zakrasnejsivimperk.cz\/index.php?rest_route=%2Fwp%2Fv2%2Fcomments&post=289695"}],"version-history":[{"count":2,"href":"https:\/\/zakrasnejsivimperk.cz\/index.php?rest_route=\/wp\/v2\/posts\/289695\/revisions"}],"predecessor-version":[{"id":289837,"href":"https:\/\/zakrasnejsivimperk.cz\/index.php?rest_route=\/wp\/v2\/posts\/289695\/revisions\/289837"}],"wp:featuredmedia":[{"embeddable":true,"href":"https:\/\/zakrasnejsivimperk.cz\/index.php?rest_route=\/wp\/v2\/media\/289697"}],"wp:attachment":[{"href":"https:\/\/zakrasnejsivimperk.cz\/index.php?rest_route=%2Fwp%2Fv2%2Fmedia&parent=289695"}],"wp:term":[{"taxonomy":"category","embeddable":true,"href":"https:\/\/zakrasnejsivimperk.cz\/index.php?rest_route=%2Fwp%2Fv2%2Fcategories&post=289695"},{"taxonomy":"post_tag","embeddable":true,"href":"https:\/\/zakrasnejsivimperk.cz\/index.php?rest_route=%2Fwp%2Fv2%2Ftags&post=289695"}],"curies":[{"name":"wp","href":"https:\/\/api.w.org\/{rel}","templated":true}]}}