{"id":289481,"date":"2023-10-22T13:05:50","date_gmt":"2023-10-22T12:05:50","guid":{"rendered":"https:\/\/zakrasnejsivimperk.cz\/?p=289481"},"modified":"2023-10-25T12:57:57","modified_gmt":"2023-10-25T11:57:57","slug":"nase-mesto-vimperk-glosa-22-rijna-2023","status":"publish","type":"post","link":"https:\/\/zakrasnejsivimperk.cz\/?p=289481","title":{"rendered":"NA\u0160E M\u011aSTO VIMPERK: Glosa &#8211; 22. \u0159\u00edjna 2023"},"content":{"rendered":"<p><img loading=\"lazy\" decoding=\"async\" class=\"aligncenter wp-image-289482 size-full\" src=\"https:\/\/zakrasnejsivimperk.cz\/wp-content\/uploads\/2023\/10\/22\/glosa-milan-pesek.jpg\" alt=\"\" width=\"923\" height=\"1100\" srcset=\"https:\/\/zakrasnejsivimperk.cz\/wp-content\/uploads\/2023\/10\/22\/glosa-milan-pesek.jpg 923w, https:\/\/zakrasnejsivimperk.cz\/wp-content\/uploads\/2023\/10\/22\/glosa-milan-pesek-252x300.jpg 252w, https:\/\/zakrasnejsivimperk.cz\/wp-content\/uploads\/2023\/10\/22\/glosa-milan-pesek-859x1024.jpg 859w, https:\/\/zakrasnejsivimperk.cz\/wp-content\/uploads\/2023\/10\/22\/glosa-milan-pesek-768x915.jpg 768w, https:\/\/zakrasnejsivimperk.cz\/wp-content\/uploads\/2023\/10\/22\/glosa-milan-pesek-300x357.jpg 300w, https:\/\/zakrasnejsivimperk.cz\/wp-content\/uploads\/2023\/10\/22\/glosa-milan-pesek-405x483.jpg 405w\" sizes=\"(max-width: 923px) 100vw, 923px\" \/><\/p>\n<p style=\"text-align: left;\"><strong>Autor: Zden\u011bk JUNGVIRT<\/strong><\/p>\n<hr \/>\n<p>&nbsp;<\/p>\n<p>&nbsp;<\/p>\n","protected":false},"excerpt":{"rendered":"<p>Autor: Zden\u011bk <\/p>\n","protected":false},"author":2,"featured_media":289482,"comment_status":"open","ping_status":"open","sticky":false,"template":"","format":"gallery","meta":{"footnotes":""},"categories":[85,120],"tags":[],"jetpack_featured_media_url":"https:\/\/zakrasnejsivimperk.cz\/wp-content\/uploads\/2023\/10\/22\/glosa-milan-pesek.jpg","_links":{"self":[{"href":"https:\/\/zakrasnejsivimperk.cz\/index.php?rest_route=\/wp\/v2\/posts\/289481"}],"collection":[{"href":"https:\/\/zakrasnejsivimperk.cz\/index.php?rest_route=\/wp\/v2\/posts"}],"about":[{"href":"https:\/\/zakrasnejsivimperk.cz\/index.php?rest_route=\/wp\/v2\/types\/post"}],"author":[{"embeddable":true,"href":"https:\/\/zakrasnejsivimperk.cz\/index.php?rest_route=\/wp\/v2\/users\/2"}],"replies":[{"embeddable":true,"href":"https:\/\/zakrasnejsivimperk.cz\/index.php?rest_route=%2Fwp%2Fv2%2Fcomments&post=289481"}],"version-history":[{"count":1,"href":"https:\/\/zakrasnejsivimperk.cz\/index.php?rest_route=\/wp\/v2\/posts\/289481\/revisions"}],"predecessor-version":[{"id":289483,"href":"https:\/\/zakrasnejsivimperk.cz\/index.php?rest_route=\/wp\/v2\/posts\/289481\/revisions\/289483"}],"wp:featuredmedia":[{"embeddable":true,"href":"https:\/\/zakrasnejsivimperk.cz\/index.php?rest_route=\/wp\/v2\/media\/289482"}],"wp:attachment":[{"href":"https:\/\/zakrasnejsivimperk.cz\/index.php?rest_route=%2Fwp%2Fv2%2Fmedia&parent=289481"}],"wp:term":[{"taxonomy":"category","embeddable":true,"href":"https:\/\/zakrasnejsivimperk.cz\/index.php?rest_route=%2Fwp%2Fv2%2Fcategories&post=289481"},{"taxonomy":"post_tag","embeddable":true,"href":"https:\/\/zakrasnejsivimperk.cz\/index.php?rest_route=%2Fwp%2Fv2%2Ftags&post=289481"}],"curies":[{"name":"wp","href":"https:\/\/api.w.org\/{rel}","templated":true}]}}