{"id":289005,"date":"2024-10-17T21:22:50","date_gmt":"2024-10-17T20:22:50","guid":{"rendered":"https:\/\/zakrasnejsivimperk.cz\/?p=289005"},"modified":"2025-10-11T09:54:43","modified_gmt":"2025-10-11T08:54:43","slug":"z-archivu-a-kronik-o-cisarskem-posviceni","status":"publish","type":"post","link":"https:\/\/zakrasnejsivimperk.cz\/?p=289005","title":{"rendered":"Z ARCHIV\u016e A KRONIK: O c\u00edsa\u0159sk\u00e9m posv\u00edcen\u00ed"},"content":{"rendered":"<p><img loading=\"lazy\" decoding=\"async\" class=\"aligncenter wp-image-289006 size-full\" src=\"https:\/\/zakrasnejsivimperk.cz\/wp-content\/uploads\/2023\/10\/16\/O-CISARSKEM-POSVICENI......jpg\" alt=\"\" width=\"2014\" height=\"2048\" srcset=\"https:\/\/zakrasnejsivimperk.cz\/wp-content\/uploads\/2023\/10\/16\/O-CISARSKEM-POSVICENI......jpg 2014w, https:\/\/zakrasnejsivimperk.cz\/wp-content\/uploads\/2023\/10\/16\/O-CISARSKEM-POSVICENI.....-295x300.jpg 295w, https:\/\/zakrasnejsivimperk.cz\/wp-content\/uploads\/2023\/10\/16\/O-CISARSKEM-POSVICENI.....-1007x1024.jpg 1007w, https:\/\/zakrasnejsivimperk.cz\/wp-content\/uploads\/2023\/10\/16\/O-CISARSKEM-POSVICENI.....-768x781.jpg 768w, https:\/\/zakrasnejsivimperk.cz\/wp-content\/uploads\/2023\/10\/16\/O-CISARSKEM-POSVICENI.....-1511x1536.jpg 1511w, https:\/\/zakrasnejsivimperk.cz\/wp-content\/uploads\/2023\/10\/16\/O-CISARSKEM-POSVICENI.....-351x357.jpg 351w, https:\/\/zakrasnejsivimperk.cz\/wp-content\/uploads\/2023\/10\/16\/O-CISARSKEM-POSVICENI.....-475x483.jpg 475w\" sizes=\"(max-width: 2014px) 100vw, 2014px\" \/><\/p>\n<p>&nbsp;<\/p>\n<h6>U\u017e to tak pat\u0159\u00ed k \u010dlov\u011bku, \u017ee nevydr\u017e\u00ed ani v\u011b\u010dn\u011b dr\u017eet smutek, ani v\u011b\u010dn\u011b b\u00fdt hodn\u00fd, ani se po\u0159\u00e1d d\u00edvat na sv\u011bt v\u00e1\u017en\u011b. V\u017edy\u0165 jsme zesm\u011b\u0161nili i samotn\u00e9ho \u010derta. Vl\u00e1dce, kter\u00fd krom\u011b chleba poskytne lidu tak\u00e9 hry, se nemus\u00ed b\u00e1t o tr\u016fn. Pracovat a modlit se, to je n\u011bjak m\u00e1lo\u2026<\/h6>\n<p>L\u00e9to je za n\u00e1mi, je dost \u010dasu na oslavy. Pr\u00e1v\u011b na podzim se konalo nejv\u00edc svateb a chystalo se posv\u00edcen\u00ed. Oslava posv\u00edcen\u00ed sice za\u010d\u00ednala shrom\u00e1\u017ed\u011bn\u00edm v\u011b\u0159\u00edc\u00edch a m\u0161\u00ed, ale pak n\u00e1sledoval zp\u011bv a tanec \u2013 p\u016fvodn\u011b asi spojen\u00fd s ob\u011bt\u00ed. N\u011bkdy k posv\u00edcen\u00ed je\u0161t\u011b dnes pat\u0159\u00ed pou\u0165 ve smyslu proces\u00ed. Ov\u0161em, my m\u00e1me pou\u0165 u\u017e zafixovanou jinak. Jako lidovou z\u00e1bavu se z\u00e1bavn\u00edmi atrakcemi. Je paradoxn\u00ed, \u017ee se n\u00e1bo\u017eensk\u00fd sv\u00e1tek, \u010dasto spojen\u00fd se vzpom\u00ednkou na mu\u010dedn\u00edka, oslavuje buja\u0159e, jako by k takov\u00e9mu dni n\u011bjak\u00fd ten h\u0159\u00edch, nejv\u00edc opilstv\u00ed a ob\u017eerstv\u00ed, jaksi samoz\u0159ejm\u011b pat\u0159il.<\/p>\n<p>A m\u00e1me tu sv\u00e1tek svat\u00e9ho Havla a s n\u00edm spojen\u00e9 havelsk\u00e9 posv\u00edcen\u00ed, je\u017e n\u00e1sleduje v ned\u011bli. Havelsk\u00e9 posv\u00edcen\u00ed je tak\u00e9 zn\u00e1mo jako c\u00edsa\u0159sk\u00e9. To proto, \u017ee se c\u00edsa\u0159i Josefu II. nel\u00edbilo, \u017ee v ka\u017ed\u00e9m m\u00edst\u011b se slav\u00ed posv\u00edcen\u00ed jindy. A proto\u017ee se lid\u00e9 o posv\u00edcen\u00ed nav\u0161t\u011bvovali a p\u0159i t\u00e9 p\u0159\u00edle\u017eitosti obchodovali a pracovn\u00ed mor\u00e1lka velice trp\u011bla, cht\u011bl c\u00edsa\u0159 posv\u00edcen\u00ed sjednotit pr\u00e1v\u011b na sv. Havla. Co\u017e se opravdu stalo v roce 1787, kdy vydal na\u0159\u00edzen\u00ed o jednotn\u00e9m posv\u00edcen\u00ed prvn\u00ed n\u00e1sleduj\u00edc\u00ed ned\u011bli po sv. Havlu.<\/p>\n<p>\u201eNa v\u011bdomost v\u0161em poddan\u00fdm se d\u00e1v\u00e1, \u017ee Jeho C\u00edsa\u0159sk\u00e1 Milost p\u0159ikazuje, t\u0159et\u00ed ned\u011bli m\u011bs\u00edce \u0159\u00edjna, v\u017edy po sv\u00e1tku svat\u00e9ho Havla, posv\u00edcen\u00ed neb hody dr\u017eeti. V ka\u017ed\u00e9m kout\u011b na\u0161\u00ed zem\u011b pr\u00e1v\u011b v tento \u010das C\u00edsa\u0159sk\u00e9 hody slaviti se budou.\u201c&#8230;.. Jezdec na koni s lejstrem opat\u0159en\u00fdm velkou pe\u010det\u00ed st\u00e1l na n\u00e1vsi a v\u0161ichni mu dychtiv\u011b naslouchali. Posv\u00edcen\u00ed bude tento rok je\u0161t\u011b jednou, to\u010dilo se rycht\u00e1\u0159ovi v hlav\u011b. Posel oble\u010den\u00fd v bohat\u011b zdoben\u00e9 kamizole s nakade\u0159en\u00fdmi vlasy pokra\u010doval, ale ji\u017e ho t\u00e9m\u011b\u0159 nikdo nesledoval. V\u0161ak posv\u00edcen\u00ed ji\u017e u n\u00e1s letos bylo a nyn\u00ed, na samotn\u00e9 c\u00edsa\u0159ovo p\u0159\u00e1n\u00ed, se bude konat znovu. \u0160um hlas\u016f se postupn\u011b m\u011bnil v hlasit\u00e9 p\u0159ek\u0159ikov\u00e1n\u00ed. B\u011bhem chv\u00edle u\u017e mluvili jeden p\u0159es druh\u00e9ho a posla si v\u016fbec nev\u0161\u00edmali. Ten v tichosti smotal glejt do ruli\u010dky, zastr\u010dil jej do bra\u0161ny a klusal zv\u011bstovat c\u00edsa\u0159skou novinu do dal\u0161\u00ed vsi.<\/p>\n<p>V mnoha kraj\u00edch se ov\u0161em posv\u00edcen\u00ed pouze p\u0159ibralo jako dal\u0161\u00ed p\u0159\u00edle\u017eitost k oslav\u00e1m a slavilo se dvoje posv\u00edcen\u00ed \u2013 Havelsk\u00e9 nebo-li c\u00edsa\u0159sk\u00e9 a \u201ena\u0161e posv\u00edcen\u00ed\u201c.<\/p>\n<p>Prvn\u00ed posv\u00edcen\u00ed, zd\u00e1 se, m\u00e1me zaznamen\u00e1no u\u017e v Bibli za vl\u00e1dy kr\u00e1le \u0160alamouna a jedn\u00e1 se o chr\u00e1m jeruzal\u00e9msk\u00fd. \u010cteme o tom: \u201eTruba\u010di a zp\u011bv\u00e1ci hr\u00e1li a zp\u00edvali z\u00e1rove\u0148, aby Hospodinova chv\u00e1la a oslava zn\u011bla jednohlasn\u011b; kdy\u017e se za\u010dalo hr\u00e1t na pozouny a cymb\u00e1ly a jin\u00e9 hudebn\u00ed n\u00e1stroje, chv\u00e1lili Hospodina, proto\u017ee je dobr\u00fd a \u017ee jeho milosrdenstv\u00ed je v\u011b\u010dn\u00e9. D\u016fm se naplnil oblakem Bo\u017e\u00ed velebnosti&#8230; Tehdy \u0160alamoun \u0159ekl: \u201eVybudoval jsem ti s\u00eddlo Hospodine, kde bude\u0161 p\u0159eb\u00fdvat, vzne\u0161en\u00e9 obydl\u00ed, po v\u0161echny v\u011bky.&#8221; Ka\u017ed\u00fd rok v ten stejn\u00fd den pak po\u0159\u00e1dal hostinu pro sv\u00e9 p\u0159\u00e1tele na po\u010dest vysv\u011bcen\u00ed chr\u00e1mu. V\u00fdstavba kostela byla pro obec v\u017edy mimo\u0159\u00e1dnou ud\u00e1lost\u00ed, nebo\u0165 obyvatel\u00e9 a lid\u00e9 z bl\u00edzk\u00e9ho i vzd\u00e1len\u011bj\u0161\u00edho okol\u00ed v\u011bnovali mnoho pr\u00e1ce a dle mo\u017enost\u00ed i pen\u011bz na stavbu jako takovou. C\u00edrkev sama kostely zpravidla nestav\u011bla, ale po dokon\u010den\u00ed kostel p\u0159evzala a od t\u00e9 doby se starala o provoz i \u00fadr\u017ebu.<\/p>\n<p>Po dokon\u010den\u00ed stavby se kostel hned nepou\u017e\u00edval pro \u00fa\u010dely bohoslu\u017eby. Nejprve bylo t\u0159eba vyjmout kostel ze sv\u011btsk\u00e9 sf\u00e9ry slavnostn\u00edm zp\u016fsobem a posv\u011bcen\u00edm jej slavnostn\u011b vy\u010dlenit pro slu\u017eby Bohu. Posv\u00edcen\u00ed b\u00fdvalo jedn\u00edm z nejobl\u00edben\u011bj\u0161\u00edch sv\u00e1tk\u016f prost\u00e9ho venkovsk\u00e9ho lidu a z\u00e1rove\u0148 oslavou ukon\u010den\u00fdch prac\u00ed na poli.<br \/>\nD\u0159\u00edve se posv\u00edcen\u00ed slavilo v\u011bt\u0161inou od sobotn\u00edho ve\u010dera do \u00fatern\u00edho r\u00e1na, n\u011bkde do \u010dtvrtka a m\u00edsty dokonce tzv. \u201eod star\u00e9ho posv\u00edcen\u00ed do mlad\u00e9ho posv\u00edcen\u00ed\u201c, tedy od ned\u011ble do ned\u011ble. Samotn\u00e9 p\u0159\u00edpravy v\u0161ak za\u010d\u00ednaly mnoho dn\u016f p\u0159ed posv\u00edcen\u00edm samotn\u00fdm. Bylo t\u0159eba vy\u010distit staven\u00ed i dvorek.<\/p>\n<p>Pro na\u0161e p\u0159edky byl velmi d\u016fle\u017eit\u00fd zejm\u00e9na 16. \u0159\u00edjen, kdy m\u00e1 sv\u00e1tek svat\u00fd Havel. Tento den tvo\u0159il rozhran\u00ed mezi pracemi venkovn\u00edmi a dom\u00e1c\u00edmi. Hospod\u00e1\u0159i, sada\u0159i \u010di roln\u00edci se tak sna\u017eili, aby do svat\u00e9ho Havla dokon\u010dili v\u0161echny sv\u00e9 venkovn\u00ed pr\u00e1ce. Bylo pro n\u011b nezbytn\u00e9, aby do tohoto sv\u00e1tku sklidili hlavn\u011b ovoce, brambory a zel\u00ed.<\/p>\n<p>O t\u00e9to skute\u010dnosti mluv\u00ed ostatn\u011b i n\u00e1sleduj\u00edc\u00ed lidov\u00e9 pranostiky:<br \/>\n<em>Na Havla svat\u00e9ho posledn\u00ed jablko do pytle sv\u00e9ho.<\/em><br \/>\n<em>Na svat\u00e9ho Havla m\u00e1 b\u00fdt v\u0161echno ovoce v komo\u0159e.<\/em><br \/>\n<em>Kdy\u017e se do svat\u00e9ho Havla nesklid\u00ed zel\u00ed, je neuva\u0159liv\u00e9.<\/em><br \/>\n<em>Svat\u00fd Havel do zel\u00ed zajel<\/em>.<\/p>\n<p>V \u00farodn\u00e9m roce se hodovalo jako nikdy jindy v roce, p\u0159esto\u017ee v horsk\u00fdch samot\u00e1ch na \u0160umav\u011b nebyly tyto slavnosti nikdy tak bohat\u00e9 jako v n\u00ed\u017ee polo\u017een\u00fdch a \u00farodn\u011bj\u0161\u00edch obc\u00edch. Tam se podle zpr\u00e1vy vojensk\u00e9 odhadn\u00ed komise z roku 1771 o hodech utrat\u00ed tolik, \u017ee by to sta\u010dilo \u043a ob\u017eiv\u011b rodiny do poloviny zimy.<br \/>\nPozd\u011bji, po zm\u00edrn\u011bn\u00ed a \u00fapln\u00e9m zru\u0161en\u00ed robotn\u00edch povinnost\u00ed se vesnice vracely k p\u016fvodn\u00edm term\u00edn\u016fm posv\u00edcen\u00ed, ale hodn\u011b m\u011bst a vesnic t\u0159et\u00ed \u0159\u00edjnovou ned\u011bli slav\u00ed \u201eC\u00edsa\u0159sk\u00e9 posv\u00edcen\u00ed.\u201c B\u00fdvaly vesnice v bohat\u0161\u00edch kraj\u00edch, kde se slavila ob\u011b posv\u00edcen\u00ed; to p\u016fvodn\u00ed i to podle c\u00edsa\u0159e Josefa II. Komunistick\u00fd re\u017eim c\u00edrkevn\u00ed slavnosti nevid\u011bl r\u00e1d, a tak posv\u00edcen\u00ed t\u00e9m\u011b\u0159 zmizelo z podv\u011bdom\u00ed obyvatelstva, v sou\u010dasnosti se sice na mnoha m\u00edstech slav\u00ed, ale jedn\u00e1 se v\u00edce o komer\u010dn\u00ed z\u00e1le\u017eitost ve m\u011bstech a v\u011bt\u0161\u00edch vesnic\u00edch ne\u017e o c\u00edrkevn\u00ed a rodinnou slavnost.<\/p>\n<p>&nbsp;<\/p>\n<p><strong>Zdroj:<\/strong> Z\u00edbrt, \u010c. Vesel\u00e9 chv\u00edle v \u017eivot\u011b lidu \u010desk\u00e9ho. Praha, Frolec, V. \u00davod. In V\u00fdro\u010dn\u00ed oby\u010deje : Sou\u010dasn\u00fd stav a prom\u011bny. Brno, 1982<\/p>\n<p><strong>P\u0159ipravuje: Miroslav K\u016eS ANDRES<\/strong><\/p>\n<p><strong>Foto: archiv autora<\/strong><\/p>\n<hr \/>\n<p>&nbsp;<\/p>\n","protected":false},"excerpt":{"rendered":"<p>&nbsp; U\u017e <\/p>\n","protected":false},"author":2,"featured_media":325823,"comment_status":"open","ping_status":"open","sticky":false,"template":"","format":"gallery","meta":{"footnotes":""},"categories":[74],"tags":[],"jetpack_featured_media_url":"https:\/\/zakrasnejsivimperk.cz\/wp-content\/uploads\/2024\/10\/17\/ram-posviceni.jpg","_links":{"self":[{"href":"https:\/\/zakrasnejsivimperk.cz\/index.php?rest_route=\/wp\/v2\/posts\/289005"}],"collection":[{"href":"https:\/\/zakrasnejsivimperk.cz\/index.php?rest_route=\/wp\/v2\/posts"}],"about":[{"href":"https:\/\/zakrasnejsivimperk.cz\/index.php?rest_route=\/wp\/v2\/types\/post"}],"author":[{"embeddable":true,"href":"https:\/\/zakrasnejsivimperk.cz\/index.php?rest_route=\/wp\/v2\/users\/2"}],"replies":[{"embeddable":true,"href":"https:\/\/zakrasnejsivimperk.cz\/index.php?rest_route=%2Fwp%2Fv2%2Fcomments&post=289005"}],"version-history":[{"count":3,"href":"https:\/\/zakrasnejsivimperk.cz\/index.php?rest_route=\/wp\/v2\/posts\/289005\/revisions"}],"predecessor-version":[{"id":358868,"href":"https:\/\/zakrasnejsivimperk.cz\/index.php?rest_route=\/wp\/v2\/posts\/289005\/revisions\/358868"}],"wp:featuredmedia":[{"embeddable":true,"href":"https:\/\/zakrasnejsivimperk.cz\/index.php?rest_route=\/wp\/v2\/media\/325823"}],"wp:attachment":[{"href":"https:\/\/zakrasnejsivimperk.cz\/index.php?rest_route=%2Fwp%2Fv2%2Fmedia&parent=289005"}],"wp:term":[{"taxonomy":"category","embeddable":true,"href":"https:\/\/zakrasnejsivimperk.cz\/index.php?rest_route=%2Fwp%2Fv2%2Fcategories&post=289005"},{"taxonomy":"post_tag","embeddable":true,"href":"https:\/\/zakrasnejsivimperk.cz\/index.php?rest_route=%2Fwp%2Fv2%2Ftags&post=289005"}],"curies":[{"name":"wp","href":"https:\/\/api.w.org\/{rel}","templated":true}]}}