{"id":288377,"date":"2023-10-08T12:54:19","date_gmt":"2023-10-08T11:54:19","guid":{"rendered":"https:\/\/zakrasnejsivimperk.cz\/?p=288377"},"modified":"2023-10-10T12:29:51","modified_gmt":"2023-10-10T11:29:51","slug":"nase-mesto-vimperk-ptame-se-za-vas-skonci-ve-vimperku-banka-moneta","status":"publish","type":"post","link":"https:\/\/zakrasnejsivimperk.cz\/?p=288377","title":{"rendered":"NA\u0160E M\u011aSTO VIMPERK: Pt\u00e1me se za v\u00e1s \u2013 Skon\u010d\u00ed ve Vimperku banka MONETA?"},"content":{"rendered":"<p><img loading=\"lazy\" decoding=\"async\" class=\"aligncenter wp-image-288139 size-full\" src=\"https:\/\/zakrasnejsivimperk.cz\/wp-content\/uploads\/2023\/10\/02\/ptame-se-za-vas-xx.jpg\" alt=\"\" width=\"771\" height=\"385\" srcset=\"https:\/\/zakrasnejsivimperk.cz\/wp-content\/uploads\/2023\/10\/02\/ptame-se-za-vas-xx.jpg 771w, https:\/\/zakrasnejsivimperk.cz\/wp-content\/uploads\/2023\/10\/02\/ptame-se-za-vas-xx-300x150.jpg 300w, https:\/\/zakrasnejsivimperk.cz\/wp-content\/uploads\/2023\/10\/02\/ptame-se-za-vas-xx-768x384.jpg 768w, https:\/\/zakrasnejsivimperk.cz\/wp-content\/uploads\/2023\/10\/02\/ptame-se-za-vas-xx-715x357.jpg 715w\" sizes=\"(max-width: 771px) 100vw, 771px\" \/><\/p>\n<p>&nbsp;<\/p>\n<h6><b>Co je pravdy na tom (jak se pov\u00edd\u00e1 po m\u011bst\u011b), \u017ee bude zru\u0161ena pobo\u010dka\u00a0<\/b><b>MONETA Money Bank ve\u00a0Vimperku? Pokud ano, kdy a s jakou n\u00e1hradou (z\u016fstane bankomat?).<\/b><\/h6>\n<h4>Odpov\u00edd\u00e1 Zuzana Filipov\u00e1, \u0159editelka udr\u017eitelnosti a komunikace Skupiny MONETA:<\/h4>\n<h6><em>Ke konci leto\u0161n\u00edho roku skute\u010dn\u011b uzav\u0159eme pobo\u010dku ve Vimperku. Jednalo se o strategick\u00e9 rozhodnut\u00ed, kdy jsme zva\u017eovali ve\u0161ker\u00e1 pro a proti, nebo\u0165 chceme b\u00fdt bankou dostupnou pro klienty. Na druhou stranu ale mus\u00edme zohlednit i to, jak \u010dasto a v\u00a0jak\u00fdch lokalit\u00e1ch klienti na\u0161e slu\u017eby vyu\u017e\u00edvaj\u00ed a tak\u00e9 to, jak\u00fd kan\u00e1l pro obsluhu sv\u00fdch \u00fa\u010dt\u016f preferuj\u00ed. Jin\u00fdmi slovy, ve v\u0161ech p\u0159\u00edpadech, kdy se rozhodneme pro uzav\u0159en\u00ed se jedn\u00e1 o pobo\u010dku, kter\u00e1 se bu\u010f dlouhodob\u011b pot\u00fdk\u00e1 s\u00a0n\u00edzkou n\u00e1v\u0161t\u011bvnost\u00ed klient\u016f, nen\u00ed na optim\u00e1ln\u00edm m\u00edst\u011b nebo jej\u00ed um\u00edst\u011bn\u00ed z\u00a0r\u016fzn\u00fdch d\u016fvod\u016f nedovoluje dal\u0161\u00ed \u00fapravy, modernizaci nebo roz\u0161\u00ed\u0159en\u00ed.<\/em><\/h6>\n<h6><em>Do budoucna v\u0161ak ve Vimperku zachov\u00e1v\u00e1me n\u00e1\u0161 bankomat.<\/em><\/h6>\n<h6><em>S bank\u00e9\u0159i a bank\u00e9\u0159kami z ru\u0161en\u00e9 pobo\u010dky budeme situaci \u0159e\u0161it individu\u00e1ln\u011b. Pokud je to mo\u017en\u00e9, budeme se jim sna\u017eit nab\u00eddnout alternativn\u00ed um\u00edst\u011bn\u00ed na jin\u00e9 na\u0161\u00ed pobo\u010dce. V\u00e1\u017e\u00edme si ka\u017ed\u00e9ho \u0161ikovn\u00e9ho a zku\u0161en\u00e9ho zam\u011bstnance, ne v\u017edy se bohu\u017eel poda\u0159\u00ed nov\u00e9 um\u00edst\u011bn\u00ed v r\u00e1mci Skupiny naj\u00edt. Na\u0161\u00edm kolegyn\u00edm a koleg\u016fm proto v takov\u00fdch p\u0159\u00edpadech poskytneme maxim\u00e1ln\u00ed podporu p\u0159i hled\u00e1n\u00ed jejich nov\u00e9ho uplatn\u011bn\u00ed.<\/em><\/h6>\n<p>&nbsp;<\/p>\n<p>(red) \u2013 Za kr\u00e1sn\u011bj\u0161\u00ed Vimperk<\/p>\n<hr \/>\n<p>&nbsp;<\/p>\n<p>&nbsp;<\/p>\n","protected":false},"excerpt":{"rendered":"<p>&nbsp; Co <\/p>\n","protected":false},"author":2,"featured_media":288379,"comment_status":"open","ping_status":"open","sticky":false,"template":"","format":"gallery","meta":{"footnotes":""},"categories":[120,108],"tags":[],"jetpack_featured_media_url":"https:\/\/zakrasnejsivimperk.cz\/wp-content\/uploads\/2023\/10\/05\/ram-moneta.jpg","_links":{"self":[{"href":"https:\/\/zakrasnejsivimperk.cz\/index.php?rest_route=\/wp\/v2\/posts\/288377"}],"collection":[{"href":"https:\/\/zakrasnejsivimperk.cz\/index.php?rest_route=\/wp\/v2\/posts"}],"about":[{"href":"https:\/\/zakrasnejsivimperk.cz\/index.php?rest_route=\/wp\/v2\/types\/post"}],"author":[{"embeddable":true,"href":"https:\/\/zakrasnejsivimperk.cz\/index.php?rest_route=\/wp\/v2\/users\/2"}],"replies":[{"embeddable":true,"href":"https:\/\/zakrasnejsivimperk.cz\/index.php?rest_route=%2Fwp%2Fv2%2Fcomments&post=288377"}],"version-history":[{"count":1,"href":"https:\/\/zakrasnejsivimperk.cz\/index.php?rest_route=\/wp\/v2\/posts\/288377\/revisions"}],"predecessor-version":[{"id":288378,"href":"https:\/\/zakrasnejsivimperk.cz\/index.php?rest_route=\/wp\/v2\/posts\/288377\/revisions\/288378"}],"wp:featuredmedia":[{"embeddable":true,"href":"https:\/\/zakrasnejsivimperk.cz\/index.php?rest_route=\/wp\/v2\/media\/288379"}],"wp:attachment":[{"href":"https:\/\/zakrasnejsivimperk.cz\/index.php?rest_route=%2Fwp%2Fv2%2Fmedia&parent=288377"}],"wp:term":[{"taxonomy":"category","embeddable":true,"href":"https:\/\/zakrasnejsivimperk.cz\/index.php?rest_route=%2Fwp%2Fv2%2Fcategories&post=288377"},{"taxonomy":"post_tag","embeddable":true,"href":"https:\/\/zakrasnejsivimperk.cz\/index.php?rest_route=%2Fwp%2Fv2%2Ftags&post=288377"}],"curies":[{"name":"wp","href":"https:\/\/api.w.org\/{rel}","templated":true}]}}