{"id":28835,"date":"2015-08-21T10:31:24","date_gmt":"2015-08-21T09:31:24","guid":{"rendered":"http:\/\/zakrasnejsivimperk.cz\/?p=28835"},"modified":"2015-08-21T10:34:39","modified_gmt":"2015-08-21T09:34:39","slug":"kraj-daruje-prnackum-kufriky-se-zakladnimi-skolnimi-potrebami-a-bezpecnostnimi-prvky","status":"publish","type":"post","link":"https:\/\/zakrasnejsivimperk.cz\/?p=28835","title":{"rendered":"D\u00c1REK KRAJE PRV\u0147\u00c1K\u016eM: Kuf\u0159\u00edky se z\u00e1kladn\u00edmi \u0161koln\u00edmi pot\u0159ebami a bezpe\u010dnostn\u00edmi prvky"},"content":{"rendered":"<p style=\"text-align: justify;\">Prvn\u00edho z\u00e1\u0159\u00ed rozd\u00e1me v\u0161em jiho\u010desk\u00fdm prv\u0148\u00e1\u010dk\u016fm, a bude jich 7337, kuf\u0159\u00edky, kter\u00e9 vedle z\u00e1kladn\u00edch \u0161koln\u00edch pot\u0159eb a r\u016fzn\u00fdch u\u017eite\u010dn\u00fdch v\u011bc\u00ed, obsahuj\u00ed tak\u00e9 reflexn\u00ed bezpe\u010dnostn\u00ed prvky pro zaji\u0161t\u011bn\u00ed jejich v\u011bt\u0161\u00ed ochrany p\u0159i cest\u011b do \u0161koly a ze \u0161koly. Chceme d\u011btem ud\u011blat radost, ale p\u0159edev\u0161\u00edm se sna\u017e\u00edme zajistit jejich maxim\u00e1ln\u00ed bezpe\u010dnost p\u0159i pohybu na ulici, a\u0165 ji\u017e budou v roli chodc\u016f, nebo cyklist\u016f. Proto vznikla i preventivn\u00ed akce \u201eJezd\u011bte bezpe\u010dn\u011b! \u2013 Vzh\u016fru do \u0161koly!\u201c D\u00edky n\u00ed by si m\u011bli \u0159idi\u010di uv\u011bdomit zv\u00fd\u0161en\u00e1 rizika, s nimi\u017e se mohou p\u0159i j\u00edzd\u011b v okol\u00ed \u0161kol setkat. Tak\u017ee, mil\u00ed prv\u0148\u00e1\u010dci i vy v\u0161ichni ostatn\u00ed \u0161kolou povinn\u00ed, vzh\u016fru do \u0161koly!<\/p>\n<p style=\"text-align: justify;\"><span data-ft=\"{&quot;tn&quot;:&quot;K&quot;}\" data-reactid=\".rm.1:5:1:$comment10203447139494206_10203447200015719:0.0.$right.0.$left.0.0.1.$comment-body\"><span class=\"UFICommentBody\" data-reactid=\".rm.1:5:1:$comment10203447139494206_10203447200015719:0.0.$right.0.$left.0.0.1.$comment-body.0\"><span data-reactid=\".rm.1:5:1:$comment10203447139494206_10203447200015719:0.0.$right.0.$left.0.0.1.$comment-body.0.$end:0:$text0:0\">Kuf\u0159\u00edky pro leto\u0161n\u00ed prv\u0148\u00e1\u010dky obsahuj\u00ed sva\u010dinov\u00fd box, rozvrh hodin, ohebn\u00e9 plastov\u00e9 prav\u00edtko, reflexn\u00ed p\u00e1sky na ruku, omalov\u00e1nky, pozn\u00e1mkov\u00fd blok, pexeso, dopis hejtmana, vyst\u0159ihovac\u00ed p\u00edsmenka, fotor\u00e1me\u010dek, reflexn\u00ed odrazku na od\u011bv, pastelky, reflexn\u00ed \u0161n\u016frku na krk, voln\u00e9 vstupenky (nap\u0159. do \u010deskobud\u011bjovick\u00e9ho hops\u00e1ria, ZOO Ohrada, Muzeua \u010dokol\u00e1dy, Ly\u017ea\u0159sk\u00e9ho are\u00e1lu Mon\u00ednec), grafitovou tu\u017eku, pry\u017e a vodovky.<\/span><\/span><\/span><\/p>\n<p><strong>Ji\u0159\u00ed ZIMOLA, hejtman Jiho\u010desk\u00e9ho kraje<\/strong><\/p>\n<p><strong>Foto: archiv J\u010d. kraje<\/strong><\/p>\n<p>&nbsp;<\/p>\n<p>&nbsp;<\/p>\n<p>&nbsp;<\/p>\n<p>&nbsp;<\/p>\n<p>&nbsp;<\/p>\n","protected":false},"excerpt":{"rendered":"<p>Prvn\u00edho z\u00e1\u0159\u00ed <\/p>\n","protected":false},"author":2,"featured_media":28836,"comment_status":"open","ping_status":"open","sticky":false,"template":"","format":"standard","meta":{"footnotes":""},"categories":[7],"tags":[],"jetpack_featured_media_url":"https:\/\/zakrasnejsivimperk.cz\/wp-content\/uploads\/2015\/08\/kufrik.jpg","_links":{"self":[{"href":"https:\/\/zakrasnejsivimperk.cz\/index.php?rest_route=\/wp\/v2\/posts\/28835"}],"collection":[{"href":"https:\/\/zakrasnejsivimperk.cz\/index.php?rest_route=\/wp\/v2\/posts"}],"about":[{"href":"https:\/\/zakrasnejsivimperk.cz\/index.php?rest_route=\/wp\/v2\/types\/post"}],"author":[{"embeddable":true,"href":"https:\/\/zakrasnejsivimperk.cz\/index.php?rest_route=\/wp\/v2\/users\/2"}],"replies":[{"embeddable":true,"href":"https:\/\/zakrasnejsivimperk.cz\/index.php?rest_route=%2Fwp%2Fv2%2Fcomments&post=28835"}],"version-history":[{"count":7,"href":"https:\/\/zakrasnejsivimperk.cz\/index.php?rest_route=\/wp\/v2\/posts\/28835\/revisions"}],"predecessor-version":[{"id":28885,"href":"https:\/\/zakrasnejsivimperk.cz\/index.php?rest_route=\/wp\/v2\/posts\/28835\/revisions\/28885"}],"wp:featuredmedia":[{"embeddable":true,"href":"https:\/\/zakrasnejsivimperk.cz\/index.php?rest_route=\/wp\/v2\/media\/28836"}],"wp:attachment":[{"href":"https:\/\/zakrasnejsivimperk.cz\/index.php?rest_route=%2Fwp%2Fv2%2Fmedia&parent=28835"}],"wp:term":[{"taxonomy":"category","embeddable":true,"href":"https:\/\/zakrasnejsivimperk.cz\/index.php?rest_route=%2Fwp%2Fv2%2Fcategories&post=28835"},{"taxonomy":"post_tag","embeddable":true,"href":"https:\/\/zakrasnejsivimperk.cz\/index.php?rest_route=%2Fwp%2Fv2%2Ftags&post=28835"}],"curies":[{"name":"wp","href":"https:\/\/api.w.org\/{rel}","templated":true}]}}