{"id":287999,"date":"2023-10-04T14:17:01","date_gmt":"2023-10-04T13:17:01","guid":{"rendered":"https:\/\/zakrasnejsivimperk.cz\/?p=287999"},"modified":"2023-10-07T17:14:09","modified_gmt":"2023-10-07T16:14:09","slug":"nase-mesto-vimperk-z-historie-mladsi-zaci-fotbaloveho-oddilu-tj-sumavan-vimperk-s-trenerem-vladanem-pokornym-pri-zimni-priprava-v-roce-1997","status":"publish","type":"post","link":"https:\/\/zakrasnejsivimperk.cz\/?p=287999","title":{"rendered":"NA\u0160E M\u011aSTO VIMPERK \u2013 Z HISTORIE: Mlad\u0161\u00ed \u017e\u00e1ci fotbalov\u00e9ho odd\u00edlu TJ \u0160umavan Vimperk s tren\u00e9rem Vladanem Pokorn\u00fdm p\u0159i zimn\u00ed p\u0159\u00edprava v roce 1997"},"content":{"rendered":"<p><strong>Foto: Zden\u011bk JUNGVIRT<\/strong><\/p>\n<p>&nbsp;<\/p>\n<p><img loading=\"lazy\" decoding=\"async\" class=\"aligncenter wp-image-288001 size-full\" src=\"https:\/\/zakrasnejsivimperk.cz\/wp-content\/uploads\/2023\/09\/29\/mladsi-zaci-fotbal-sumavan-1997-1.jpg\" alt=\"\" width=\"1010\" height=\"671\" srcset=\"https:\/\/zakrasnejsivimperk.cz\/wp-content\/uploads\/2023\/09\/29\/mladsi-zaci-fotbal-sumavan-1997-1.jpg 1010w, https:\/\/zakrasnejsivimperk.cz\/wp-content\/uploads\/2023\/09\/29\/mladsi-zaci-fotbal-sumavan-1997-1-300x199.jpg 300w, https:\/\/zakrasnejsivimperk.cz\/wp-content\/uploads\/2023\/09\/29\/mladsi-zaci-fotbal-sumavan-1997-1-768x510.jpg 768w, https:\/\/zakrasnejsivimperk.cz\/wp-content\/uploads\/2023\/09\/29\/mladsi-zaci-fotbal-sumavan-1997-1-100x65.jpg 100w, https:\/\/zakrasnejsivimperk.cz\/wp-content\/uploads\/2023\/09\/29\/mladsi-zaci-fotbal-sumavan-1997-1-537x357.jpg 537w, https:\/\/zakrasnejsivimperk.cz\/wp-content\/uploads\/2023\/09\/29\/mladsi-zaci-fotbal-sumavan-1997-1-727x483.jpg 727w\" sizes=\"(max-width: 1010px) 100vw, 1010px\" \/><\/p>\n<p>&nbsp;<\/p>\n<p>&nbsp;<\/p>\n<p><img loading=\"lazy\" decoding=\"async\" class=\"aligncenter wp-image-288002 size-full\" src=\"https:\/\/zakrasnejsivimperk.cz\/wp-content\/uploads\/2023\/09\/29\/mladsi-zaci-fotbal-sumavan-1997-2.jpg\" alt=\"\" width=\"1010\" height=\"671\" srcset=\"https:\/\/zakrasnejsivimperk.cz\/wp-content\/uploads\/2023\/09\/29\/mladsi-zaci-fotbal-sumavan-1997-2.jpg 1010w, https:\/\/zakrasnejsivimperk.cz\/wp-content\/uploads\/2023\/09\/29\/mladsi-zaci-fotbal-sumavan-1997-2-300x199.jpg 300w, https:\/\/zakrasnejsivimperk.cz\/wp-content\/uploads\/2023\/09\/29\/mladsi-zaci-fotbal-sumavan-1997-2-768x510.jpg 768w, https:\/\/zakrasnejsivimperk.cz\/wp-content\/uploads\/2023\/09\/29\/mladsi-zaci-fotbal-sumavan-1997-2-100x65.jpg 100w, https:\/\/zakrasnejsivimperk.cz\/wp-content\/uploads\/2023\/09\/29\/mladsi-zaci-fotbal-sumavan-1997-2-537x357.jpg 537w, https:\/\/zakrasnejsivimperk.cz\/wp-content\/uploads\/2023\/09\/29\/mladsi-zaci-fotbal-sumavan-1997-2-727x483.jpg 727w\" sizes=\"(max-width: 1010px) 100vw, 1010px\" \/><\/p>\n<p>&nbsp;<\/p>\n<p>&nbsp;<\/p>\n<p><img loading=\"lazy\" decoding=\"async\" class=\"aligncenter wp-image-288004 size-full\" src=\"https:\/\/zakrasnejsivimperk.cz\/wp-content\/uploads\/2023\/09\/29\/mladsi-zaci-fotbal-sumavan-1997-4.jpg\" alt=\"\" width=\"1010\" height=\"681\" srcset=\"https:\/\/zakrasnejsivimperk.cz\/wp-content\/uploads\/2023\/09\/29\/mladsi-zaci-fotbal-sumavan-1997-4.jpg 1010w, https:\/\/zakrasnejsivimperk.cz\/wp-content\/uploads\/2023\/09\/29\/mladsi-zaci-fotbal-sumavan-1997-4-300x202.jpg 300w, https:\/\/zakrasnejsivimperk.cz\/wp-content\/uploads\/2023\/09\/29\/mladsi-zaci-fotbal-sumavan-1997-4-768x518.jpg 768w, https:\/\/zakrasnejsivimperk.cz\/wp-content\/uploads\/2023\/09\/29\/mladsi-zaci-fotbal-sumavan-1997-4-529x357.jpg 529w, https:\/\/zakrasnejsivimperk.cz\/wp-content\/uploads\/2023\/09\/29\/mladsi-zaci-fotbal-sumavan-1997-4-716x483.jpg 716w\" sizes=\"(max-width: 1010px) 100vw, 1010px\" \/><\/p>\n<p>&nbsp;<\/p>\n<p>&nbsp;<\/p>\n<p><img loading=\"lazy\" decoding=\"async\" class=\"aligncenter wp-image-288003 size-full\" src=\"https:\/\/zakrasnejsivimperk.cz\/wp-content\/uploads\/2023\/09\/29\/mladsi-zaci-fotbal-sumavan-1997-3.jpg\" alt=\"\" width=\"1006\" height=\"660\" srcset=\"https:\/\/zakrasnejsivimperk.cz\/wp-content\/uploads\/2023\/09\/29\/mladsi-zaci-fotbal-sumavan-1997-3.jpg 1006w, https:\/\/zakrasnejsivimperk.cz\/wp-content\/uploads\/2023\/09\/29\/mladsi-zaci-fotbal-sumavan-1997-3-300x197.jpg 300w, https:\/\/zakrasnejsivimperk.cz\/wp-content\/uploads\/2023\/09\/29\/mladsi-zaci-fotbal-sumavan-1997-3-768x504.jpg 768w, https:\/\/zakrasnejsivimperk.cz\/wp-content\/uploads\/2023\/09\/29\/mladsi-zaci-fotbal-sumavan-1997-3-100x65.jpg 100w, https:\/\/zakrasnejsivimperk.cz\/wp-content\/uploads\/2023\/09\/29\/mladsi-zaci-fotbal-sumavan-1997-3-544x357.jpg 544w, https:\/\/zakrasnejsivimperk.cz\/wp-content\/uploads\/2023\/09\/29\/mladsi-zaci-fotbal-sumavan-1997-3-736x483.jpg 736w\" sizes=\"(max-width: 1006px) 100vw, 1006px\" \/><\/p>\n<p style=\"text-align: center;\"><strong>V horn\u00ed \u0159ad\u011b zleva: Dan Tischler, Jaroslav Novotn\u00fd, Petr Kuka\u010dka, Miroslav K\u00e1\u0161 a Vladim\u00edr Havlan. Spodn\u00ed \u0159ada zleva: Josef Marc, Michal Pechl\u00e1t, Lud\u011bk \u0160varc a Martin \u0160kopek<\/strong><\/p>\n<hr \/>\n<p>&nbsp;<\/p>\n<p>&nbsp;<\/p>\n","protected":false},"excerpt":{"rendered":"<p>Foto: Zden\u011bk <\/p>\n","protected":false},"author":2,"featured_media":288006,"comment_status":"open","ping_status":"open","sticky":false,"template":"","format":"gallery","meta":{"footnotes":""},"categories":[74],"tags":[],"jetpack_featured_media_url":"https:\/\/zakrasnejsivimperk.cz\/wp-content\/uploads\/2023\/09\/29\/ram-nadeje.jpg","_links":{"self":[{"href":"https:\/\/zakrasnejsivimperk.cz\/index.php?rest_route=\/wp\/v2\/posts\/287999"}],"collection":[{"href":"https:\/\/zakrasnejsivimperk.cz\/index.php?rest_route=\/wp\/v2\/posts"}],"about":[{"href":"https:\/\/zakrasnejsivimperk.cz\/index.php?rest_route=\/wp\/v2\/types\/post"}],"author":[{"embeddable":true,"href":"https:\/\/zakrasnejsivimperk.cz\/index.php?rest_route=\/wp\/v2\/users\/2"}],"replies":[{"embeddable":true,"href":"https:\/\/zakrasnejsivimperk.cz\/index.php?rest_route=%2Fwp%2Fv2%2Fcomments&post=287999"}],"version-history":[{"count":6,"href":"https:\/\/zakrasnejsivimperk.cz\/index.php?rest_route=\/wp\/v2\/posts\/287999\/revisions"}],"predecessor-version":[{"id":288502,"href":"https:\/\/zakrasnejsivimperk.cz\/index.php?rest_route=\/wp\/v2\/posts\/287999\/revisions\/288502"}],"wp:featuredmedia":[{"embeddable":true,"href":"https:\/\/zakrasnejsivimperk.cz\/index.php?rest_route=\/wp\/v2\/media\/288006"}],"wp:attachment":[{"href":"https:\/\/zakrasnejsivimperk.cz\/index.php?rest_route=%2Fwp%2Fv2%2Fmedia&parent=287999"}],"wp:term":[{"taxonomy":"category","embeddable":true,"href":"https:\/\/zakrasnejsivimperk.cz\/index.php?rest_route=%2Fwp%2Fv2%2Fcategories&post=287999"},{"taxonomy":"post_tag","embeddable":true,"href":"https:\/\/zakrasnejsivimperk.cz\/index.php?rest_route=%2Fwp%2Fv2%2Ftags&post=287999"}],"curies":[{"name":"wp","href":"https:\/\/api.w.org\/{rel}","templated":true}]}}