{"id":28784,"date":"2015-08-20T09:27:17","date_gmt":"2015-08-20T08:27:17","guid":{"rendered":"http:\/\/zakrasnejsivimperk.cz\/?p=28784"},"modified":"2015-08-20T09:28:53","modified_gmt":"2015-08-20T08:28:53","slug":"dobra-zprava-jihocesti-hasici-obdrzi-novou-techniku-a-prostredky-v-hodnote-temer-sestnact-milionu-korun","status":"publish","type":"post","link":"https:\/\/zakrasnejsivimperk.cz\/?p=28784","title":{"rendered":"DOBR\u00c1 ZPR\u00c1VA: Jiho\u010de\u0161t\u00ed hasi\u010di obdr\u017e\u00ed novou techniku a prost\u0159edky za t\u00e9m\u011b\u0159 16 milion\u016f korun"},"content":{"rendered":"<p style=\"text-align: justify;\"><strong>Vybaven\u00ed jiho\u010desk\u00fdch hasi\u010d\u016f se ve \u010dtvrtek 27. srpna roz\u0161\u00ed\u0159\u00ed o automobilov\u00fd \u017eeb\u0159\u00edk, velitelsk\u00e9 a dopravn\u00ed automobily, d\u00fdchac\u00ed p\u0159\u00edstroje \u010di termokameru. Slavnostn\u00ed p\u0159ed\u00e1n\u00ed nov\u00e9 techniky a z\u00e1sahov\u00fdch prost\u0159edk\u016f prob\u011bhne na stanici v \u010cesk\u00fdch Bud\u011bjovic\u00edch na Pra\u017esk\u00e9 t\u0159\u00edd\u011b v 11 hodin.\u00a0<\/strong><\/p>\n<div style=\"text-align: justify;\">Technika a dal\u0161\u00ed prost\u0159edky byly po\u0159\u00edzeny z\u00a0projektu operace Technika, technologie a prost\u0159edky Hasi\u010dsk\u00e9ho z\u00e1chrann\u00e9ho sboru Jiho\u010desk\u00e9ho kraje pro efektivn\u00ed z\u00e1sah. Projekt realizovan\u00fd v\u00a0letech 2013 \u2013 2015. Projekt je spolufinancov\u00e1n ze struktur\u00e1ln\u00edch fond\u016f Evropsk\u00e9 unie, p\u0159esn\u011b se jedn\u00e1 o Integrovan\u00fd opera\u010dn\u00ed program Evropsk\u00e9ho region\u00e1ln\u00edho rozvojov\u00e9ho fondu.<\/div>\n<div style=\"text-align: justify;\">C\u00edlem n\u00e1kupu je zv\u00fd\u0161en\u00ed kvality \u0159e\u0161en\u00ed mimo\u0159\u00e1dn\u00fdch ud\u00e1lost\u00ed a zlep\u0161en\u00ed podm\u00ednek na m\u00edst\u011b z\u00e1sahu. Po\u0159\u00edzen\u00e1 nov\u00e1 a modern\u00ed technika, technologie a v\u011bcn\u00e9 prost\u0159edky umo\u017en\u00ed zv\u00fd\u0161it efektivitu, akceschopnost a mobilitu hasi\u010d\u016f p\u0159i z\u00e1sahov\u00e9 \u010dinnosti a vede tak k\u00a0dosa\u017een\u00ed stanoven\u00e9ho c\u00edle.<\/div>\n<div><strong>Hasi\u010dsk\u00fd z\u00e1chrann\u00fd sbor Jiho\u010desk\u00e9ho kraje prost\u0159ednictv\u00edm projektu obdr\u017e\u00ed majetek v\u00a0celkov\u00e9 hodnot\u011b t\u00e9m\u011b\u0159 16 mili\u00f3n\u016f korun:<\/strong><\/div>\n<ul>\n<li>velitelsk\u00fd automobil (5 ks)<\/li>\n<li>ter\u00e9nn\u00ed vozidlo SxS s\u00a0p\u0159\u00edslu\u0161enstv\u00edm<\/li>\n<li>dopravn\u00ed automobil (2 ks)<\/li>\n<li>automobilov\u00fd \u017eeb\u0159\u00edk AZ 30 s rekonstruovanou \u017eeb\u0159\u00edkovou sadou<\/li>\n<li>u\u017eitkov\u00fd automobil (2 ks)<\/li>\n<li>tlakov\u00e9 lahve k IDP kompozitov\u00e9 (30 ks)<\/li>\n<li>izola\u010dn\u00ed d\u00fdchac\u00ed p\u0159\u00edstroj vzduchov\u00fd v\u010detn\u011b komunika\u010dn\u00edho prost\u0159edku v\u00a0masce (20 ks)<\/li>\n<li>protichemick\u00e9 ochrann\u00e9 od\u011bvy typu 1a (17)<\/li>\n<li>z\u00e1sahov\u00fd radiometr<\/li>\n<li>mobiln\u00ed infra\u010derven\u00fd spektrometr<\/li>\n<li>termokamera pro hasi\u010de (5 ks)<\/li>\n<li>t\u011b\u017ek\u00e1 vypro\u0161\u0165ovac\u00ed sada na dopravn\u00ed nehody (3ks)<\/li>\n<\/ul>\n<p><strong>(vm)<\/strong><\/p>\n<h1><\/h1>\n<div>\n<div class=\"fotobox rgt\"><img loading=\"lazy\" decoding=\"async\" src=\"http:\/\/www.hzscr.cz\/SCRIPT\/ViewImage.aspx?physid=683745&amp;docname=fondy%20EU.png\" alt=\"\" width=\"640\" height=\"51\" \/><\/div>\n<\/div>\n<div class=\"fotobox rgt\"><\/div>\n<div class=\"fotobox rgt\"><\/div>\n<div class=\"fotobox rgt\"><\/div>\n<p>&nbsp;<\/p>\n","protected":false},"excerpt":{"rendered":"<p>Vybaven\u00ed jiho\u010desk\u00fdch <\/p>\n","protected":false},"author":2,"featured_media":0,"comment_status":"open","ping_status":"open","sticky":false,"template":"","format":"standard","meta":{"footnotes":""},"categories":[7],"tags":[],"jetpack_featured_media_url":"","_links":{"self":[{"href":"https:\/\/zakrasnejsivimperk.cz\/index.php?rest_route=\/wp\/v2\/posts\/28784"}],"collection":[{"href":"https:\/\/zakrasnejsivimperk.cz\/index.php?rest_route=\/wp\/v2\/posts"}],"about":[{"href":"https:\/\/zakrasnejsivimperk.cz\/index.php?rest_route=\/wp\/v2\/types\/post"}],"author":[{"embeddable":true,"href":"https:\/\/zakrasnejsivimperk.cz\/index.php?rest_route=\/wp\/v2\/users\/2"}],"replies":[{"embeddable":true,"href":"https:\/\/zakrasnejsivimperk.cz\/index.php?rest_route=%2Fwp%2Fv2%2Fcomments&post=28784"}],"version-history":[{"count":7,"href":"https:\/\/zakrasnejsivimperk.cz\/index.php?rest_route=\/wp\/v2\/posts\/28784\/revisions"}],"predecessor-version":[{"id":28791,"href":"https:\/\/zakrasnejsivimperk.cz\/index.php?rest_route=\/wp\/v2\/posts\/28784\/revisions\/28791"}],"wp:attachment":[{"href":"https:\/\/zakrasnejsivimperk.cz\/index.php?rest_route=%2Fwp%2Fv2%2Fmedia&parent=28784"}],"wp:term":[{"taxonomy":"category","embeddable":true,"href":"https:\/\/zakrasnejsivimperk.cz\/index.php?rest_route=%2Fwp%2Fv2%2Fcategories&post=28784"},{"taxonomy":"post_tag","embeddable":true,"href":"https:\/\/zakrasnejsivimperk.cz\/index.php?rest_route=%2Fwp%2Fv2%2Ftags&post=28784"}],"curies":[{"name":"wp","href":"https:\/\/api.w.org\/{rel}","templated":true}]}}