{"id":287561,"date":"2025-09-19T17:50:18","date_gmt":"2025-09-19T16:50:18","guid":{"rendered":"https:\/\/zakrasnejsivimperk.cz\/?p=287561"},"modified":"2025-09-19T17:50:18","modified_gmt":"2025-09-19T16:50:18","slug":"stara-sumava-a-posumavi-podzimni-rovnodennost","status":"publish","type":"post","link":"https:\/\/zakrasnejsivimperk.cz\/?p=287561","title":{"rendered":"STAR\u00c1 \u0160UMAVA A PO\u0160UMAV\u00cd: Podzimn\u00ed rovnodennost"},"content":{"rendered":"<p><img loading=\"lazy\" decoding=\"async\" class=\"aligncenter wp-image-287562 size-full\" src=\"https:\/\/zakrasnejsivimperk.cz\/wp-content\/uploads\/2023\/09\/23\/O-PODZIMNI-ROVNODENNOSTI..jpg\" alt=\"\" width=\"2048\" height=\"1754\" srcset=\"https:\/\/zakrasnejsivimperk.cz\/wp-content\/uploads\/2023\/09\/23\/O-PODZIMNI-ROVNODENNOSTI..jpg 2048w, https:\/\/zakrasnejsivimperk.cz\/wp-content\/uploads\/2023\/09\/23\/O-PODZIMNI-ROVNODENNOSTI.-300x257.jpg 300w, https:\/\/zakrasnejsivimperk.cz\/wp-content\/uploads\/2023\/09\/23\/O-PODZIMNI-ROVNODENNOSTI.-1024x877.jpg 1024w, https:\/\/zakrasnejsivimperk.cz\/wp-content\/uploads\/2023\/09\/23\/O-PODZIMNI-ROVNODENNOSTI.-768x658.jpg 768w, https:\/\/zakrasnejsivimperk.cz\/wp-content\/uploads\/2023\/09\/23\/O-PODZIMNI-ROVNODENNOSTI.-1536x1316.jpg 1536w, https:\/\/zakrasnejsivimperk.cz\/wp-content\/uploads\/2023\/09\/23\/O-PODZIMNI-ROVNODENNOSTI.-417x357.jpg 417w, https:\/\/zakrasnejsivimperk.cz\/wp-content\/uploads\/2023\/09\/23\/O-PODZIMNI-ROVNODENNOSTI.-564x483.jpg 564w\" sizes=\"(max-width: 2048px) 100vw, 2048px\" \/><\/p>\n<p>&nbsp;<\/p>\n<h6>P\u0159ich\u00e1z\u00ed podzim, doba milovan\u00e1 i nen\u00e1vid\u011bn\u00e1. Podzim kdy nebe, korunov\u00ed strom\u016f i emoce postupn\u011b m\u011bn\u00ed sv\u00e9 barvy, sv\u011btlo m\u011bkne. Den a noc jsou si v t\u011bchto dnech rovny, na\u0161i p\u0159edkov\u00e9 proto vn\u00edmali tento \u010das jako obdob\u00ed naprost\u00e9 rovnov\u00e1hy v \u017eivot\u011b i p\u0159\u00edrod\u011b. Co m\u011blo b\u00fdt d\u00e1no, bylo vyd\u00e1no.<\/h6>\n<p>Pole jsou sklizen\u00e1, l\u00e9to n\u00e1m d\u00e1v\u00e1 sbohem a vl\u00e1du nad krajinou p\u0159eb\u00edr\u00e1 podzim. Nast\u00e1v\u00e1 \u010das p\u0159em\u00fd\u0161len\u00ed, rozj\u00edm\u00e1n\u00ed, kr\u00e1cen\u00ed dn\u016f a samoz\u0159ejm\u011b t\u011b\u0161en\u00ed se na V\u00e1noce.<\/p>\n<p>A zas tu m\u00e1me \u010das rozd\u011blen\u00fd na p\u0159esnou polovinu, jen\u017ee te\u010f za\u010dal podzim a den se u\u017e bude zkracovat, tak\u017ee vrchu naberou st\u00edny a temnota. Snad proto podzimn\u00ed rovnodennost nem\u00e1 tolik p\u0159\u00edznivc\u016f jako ta jarn\u00ed, kdy se v\u0161e probouz\u00ed k \u017eivotu. Stoupaj\u00edc\u00ed slunce prosv\u011bcuje zvedaj\u00edc\u00ed se rann\u00ed mlhu a sv\u00fdmi paprsky skrze ni vytv\u00e1\u0159\u00ed trochu rozmazan\u00fd obraz krajiny s n\u00e1dechem tajemna. Netrv\u00e1 dlouho a mlha ustoup\u00ed podzimn\u00edmu slunci, jeho\u017e paprsky nemaj\u00ed ji\u017e svoji letn\u00ed s\u00edlu, ale st\u00e1le je\u0161t\u011b dok\u00e1\u017e\u00ed s postupuj\u00edc\u00edm dnem p\u0159\u00edjemn\u011b proh\u0159\u00e1t vzduch a p\u0159in\u00e9st teplo a pot\u011b\u0161en\u00ed na\u0161emu t\u011blu i du\u0161i.<\/p>\n<p>Podzim se ji\u017e hl\u00e1s\u00ed o slovo \u2013 p\u0159ich\u00e1z\u00ed podzimn\u00ed rovnodennost. P\u0159ich\u00e1z\u00ed magick\u00fd \u010das, kdy den je roven noci. \u010cas, kdy Slunce p\u0159ekra\u010duje nebesk\u00fd rovn\u00edk. Dny rovnodennosti jsou zvl\u00e1\u0161tn\u00ed p\u0159edev\u0161\u00edm t\u00edm, \u017ee Slunce zapad\u00e1 p\u0159esn\u011b naproti m\u00edstu jeho v\u00fdchodu. P\u0159\u00edrodn\u00ed jevy, jako jsou slunovraty a rovnodennosti se pro na\u0161e p\u0159edky staly jakousi z\u00e1kladn\u00ed osou m\u011b\u0159en\u00ed \u010dasu a d\u011blen\u00ed roku na \u010dty\u0159i z\u00e1kladn\u00ed d\u00edly. Lid\u00e9 v tyto dny p\u0159ich\u00e1zeli na v\u00fdznamn\u00e1 kultovn\u00ed m\u00edsta v p\u0159\u00edrod\u011b, kde se obraceli ke sv\u00fdm boh\u016fm prost\u0159ednictv\u00edm ob\u0159ad\u016f \u2013 slovem, tancem, zp\u011bvem i hrami. V tento \u010das se sout\u011b\u017eilo se nejen ve sportu, p\u0159edv\u00e1d\u011bla se znalost m\u00fdt\u016f, p\u00edsn\u00ed a vzpom\u00ednalo se na slavn\u00e9 p\u0159edky. Nav\u00edc plnily tyto ritu\u00e1ly velmi v\u00fdznamnou roli v duchovn\u00edm \u017eivot\u011b. Podzimn\u00ed rovnodennost je sv\u00e1tkem pod\u011bkov\u00e1n\u00ed za \u00farodu, hojnost, tak\u00e9 oslava konce l\u00e9ta a lou\u010den\u00ed se s n\u00edm, p\u0159\u00edchod bab\u00edho l\u00e9ta a pozvoln\u00e1 p\u0159\u00edprava na zimn\u00ed dobu chladu a ne\u00farody.<\/p>\n<p>Kdy nast\u00e1v\u00e1 rovnodennost a kdy slunovrat? Lid\u00e9 si \u010dasto pletou n\u00e1zvy rovnodennosti a slunovratu spolu s jejich ur\u010den\u00edm, kter\u00e9 z\u00e1vis\u00ed na ro\u010dn\u00ed dob\u011b, kdy se d\u011bj\u00ed. Rovnodennost p\u0159in\u00e1\u0161\u00ed v b\u0159eznu do na\u0161\u00ed krajiny jaro a v z\u00e1\u0159\u00ed podzim. Proto se b\u0159eznov\u00e1 rovnodennost naz\u00fdv\u00e1 jarn\u00ed a v z\u00e1\u0159\u00ed hovo\u0159\u00edme o podzimn\u00ed rovnodennosti. V l\u00e9t\u011b a v zim\u011b se odehr\u00e1v\u00e1 slunovrat. Letn\u00edm slunovratem ozna\u010dujeme nejdel\u0161\u00ed den v roce a zimn\u00ed slunovrat je jeho opak, tedy nejkrat\u0161\u00ed den v roce.<\/p>\n<p>Pro zaj\u00edmavost m\u016f\u017eeme na zvyky nahl\u00e9dnout i k na\u0161im soused\u016fm. Kdy\u017e l\u00e9to st\u0159\u00eddal podzim, v okol\u00ed n\u011bmeck\u00e9ho pohrani\u010d\u00ed po svozu obil\u00ed zav\u011b\u0161ovali sedl\u00e1ci na stodoly d\u0159ev\u011bn\u00e9 kohouty. Toto zv\u00ed\u0159e bylo d\u00edky sv\u00e9mu rann\u00edmu kokrh\u00e1n\u00ed pokl\u00e1d\u00e1no za symbol bd\u011blosti. Na kostel\u00edch a v\u011b\u017e\u00edch se objevovalo ji\u017e v 9. stolet\u00ed. N\u011bkde se zase tan\u010dil kohout\u00ed tanec, jeho\u017e v\u00fdhern\u00ed cenou byl pr\u00e1v\u011b tento ope\u0159enec. U\u017e oded\u00e1vna byl toti\u017e kohout ob\u011btn\u00edm zv\u00ed\u0159etem. V na\u0161ich zem\u00edch se zase v tomto duchu volila takzvan\u00e1 kohout\u00ed nev\u011bsta.<\/p>\n<p>Bohu\u017eel se ob\u00e1v\u00e1m, \u017ee dne\u0161n\u00ed zp\u016fsob \u017eit\u00ed, chvat a n\u00e1ro\u010dn\u00e9 po\u017eadavky spole\u010dnosti n\u00e1s \u010d\u00edm d\u00e1l v\u00edc vzdaluj\u00ed od moudrosti na\u0161ich p\u0159edk\u016f a dar\u016f p\u0159\u00edrody. V na\u0161ich m\u011bstech a vesnic\u00edch p\u0159es sv\u011bteln\u00fd smog sotva uvid\u00edme na hloubku zimn\u00ed oblohy magicky oz\u00e1\u0159enou hv\u011bzdami. Pracovn\u00ed rytmus v\u016fbec nerespektuje p\u0159irozen\u00e9 cykly a pot\u0159eby organizmu. Dostaneme n\u00e1dhernou mo\u017enost naj\u00edt pohodu ve\u010dern\u00edho souzn\u011bn\u00ed s p\u0159\u00e1teli \u010di milovanou bytost\u00ed, t\u0159eba se zatoul\u00e1me do d\u011btstv\u00ed p\u0159i proch\u00e1zce spadan\u00fdm list\u00edm a v\u00edtr n\u00e1m p\u0159ivane inspiraci, na kterou u\u017e dlouho \u010dek\u00e1me. Mysl\u00edm, \u017ee n\u00e1m pak rozhodn\u011b nebude vadit, \u017ee je den kr\u00e1tk\u00fd, hol\u00e9 v\u011btve strom\u016f n\u00e1m nebudou p\u0159ipadat smutn\u011b a v\u00edtr studen\u00fd.<\/p>\n<p>&nbsp;<\/p>\n<p><strong>Zdroj:<\/strong> Podzim &#8211; EDUARD FEDOR KASTNER, autor p\u0159eklad\u016f a \u010desk\u00fdch text\u016f Jan Mare\u0161, elektronick\u00e1 verze Ivo Kare\u0161 &#8211; Jiho\u010desk\u00e1 v\u011bdeck\u00e1 knihovna v \u010cesk\u00fdch Bud\u011bjovic\u00edch<\/p>\n<p><strong>P\u0159ipravuje: Miroslav K\u016eS ANDRES<\/strong><\/p>\n<p><strong>Foto: archiv autora<\/strong><\/p>\n<hr \/>\n<p>&nbsp;<\/p>\n","protected":false},"excerpt":{"rendered":"<p>&nbsp; P\u0159ich\u00e1z\u00ed <\/p>\n","protected":false},"author":2,"featured_media":357027,"comment_status":"open","ping_status":"open","sticky":false,"template":"","format":"gallery","meta":{"footnotes":""},"categories":[111],"tags":[],"jetpack_featured_media_url":"https:\/\/zakrasnejsivimperk.cz\/wp-content\/uploads\/2025\/09\/19\/ram-rovnodennost.jpg","_links":{"self":[{"href":"https:\/\/zakrasnejsivimperk.cz\/index.php?rest_route=\/wp\/v2\/posts\/287561"}],"collection":[{"href":"https:\/\/zakrasnejsivimperk.cz\/index.php?rest_route=\/wp\/v2\/posts"}],"about":[{"href":"https:\/\/zakrasnejsivimperk.cz\/index.php?rest_route=\/wp\/v2\/types\/post"}],"author":[{"embeddable":true,"href":"https:\/\/zakrasnejsivimperk.cz\/index.php?rest_route=\/wp\/v2\/users\/2"}],"replies":[{"embeddable":true,"href":"https:\/\/zakrasnejsivimperk.cz\/index.php?rest_route=%2Fwp%2Fv2%2Fcomments&post=287561"}],"version-history":[{"count":11,"href":"https:\/\/zakrasnejsivimperk.cz\/index.php?rest_route=\/wp\/v2\/posts\/287561\/revisions"}],"predecessor-version":[{"id":357026,"href":"https:\/\/zakrasnejsivimperk.cz\/index.php?rest_route=\/wp\/v2\/posts\/287561\/revisions\/357026"}],"wp:featuredmedia":[{"embeddable":true,"href":"https:\/\/zakrasnejsivimperk.cz\/index.php?rest_route=\/wp\/v2\/media\/357027"}],"wp:attachment":[{"href":"https:\/\/zakrasnejsivimperk.cz\/index.php?rest_route=%2Fwp%2Fv2%2Fmedia&parent=287561"}],"wp:term":[{"taxonomy":"category","embeddable":true,"href":"https:\/\/zakrasnejsivimperk.cz\/index.php?rest_route=%2Fwp%2Fv2%2Fcategories&post=287561"},{"taxonomy":"post_tag","embeddable":true,"href":"https:\/\/zakrasnejsivimperk.cz\/index.php?rest_route=%2Fwp%2Fv2%2Ftags&post=287561"}],"curies":[{"name":"wp","href":"https:\/\/api.w.org\/{rel}","templated":true}]}}