{"id":287327,"date":"2023-09-30T21:24:59","date_gmt":"2023-09-30T20:24:59","guid":{"rendered":"https:\/\/zakrasnejsivimperk.cz\/?p=287327"},"modified":"2025-05-31T17:35:29","modified_gmt":"2025-05-31T16:35:29","slug":"na-navsteve-po-roce-opet-s-fotoaparatem-u-byvale-detske-ozdravovny","status":"publish","type":"post","link":"https:\/\/zakrasnejsivimperk.cz\/?p=287327","title":{"rendered":"NA N\u00c1V\u0160T\u011aV\u011a: Po roce op\u011bt s fotoapar\u00e1tem u b\u00fdval\u00e9 d\u011btsk\u00e9 ozdravovny"},"content":{"rendered":"<p><img loading=\"lazy\" decoding=\"async\" class=\"aligncenter wp-image-287328 size-full\" src=\"https:\/\/zakrasnejsivimperk.cz\/wp-content\/uploads\/2023\/09\/19\/ozdravovna-1.jpg\" alt=\"\" width=\"1100\" height=\"751\" srcset=\"https:\/\/zakrasnejsivimperk.cz\/wp-content\/uploads\/2023\/09\/19\/ozdravovna-1.jpg 1100w, https:\/\/zakrasnejsivimperk.cz\/wp-content\/uploads\/2023\/09\/19\/ozdravovna-1-300x205.jpg 300w, https:\/\/zakrasnejsivimperk.cz\/wp-content\/uploads\/2023\/09\/19\/ozdravovna-1-1024x699.jpg 1024w, https:\/\/zakrasnejsivimperk.cz\/wp-content\/uploads\/2023\/09\/19\/ozdravovna-1-768x524.jpg 768w, https:\/\/zakrasnejsivimperk.cz\/wp-content\/uploads\/2023\/09\/19\/ozdravovna-1-523x357.jpg 523w, https:\/\/zakrasnejsivimperk.cz\/wp-content\/uploads\/2023\/09\/19\/ozdravovna-1-707x483.jpg 707w\" sizes=\"(max-width: 1100px) 100vw, 1100px\" \/><\/p>\n<p>&nbsp;<\/p>\n<h6>Zhruba po roce jsme se op\u011bt p\u0159i n\u00e1v\u0161t\u011bv\u011b Javorn\u00edku vydali s fotoapar\u00e1tem zdokumentovat ch\u00e1traj\u00edc\u00ed objekty b\u00fdval\u00e9 d\u011btsk\u00e9 ozdravovny. Naposledy, <a href=\"https:\/\/zakrasnejsivimperk.cz\/?p=264370\" target=\"_blank\" rel=\"noopener\">loni 8. \u0159\u00edjna<\/a> jsme po na\u0161\u00ed n\u00e1v\u0161t\u011bv\u011b napsali n\u00e1sleduj\u00edc\u00ed \u0159\u00e1dky, kter\u00e9 plat\u00ed i pro sou\u010dasnost:<\/h6>\n<h6><em>P\u0159i n\u00e1v\u0161t\u011bv\u011b Javorn\u00edku jsme nevynechali obhl\u00eddku objekt\u016f n\u011bkdej\u0161\u00ed d\u011btsk\u00e9 ozdravovny (p\u016fvodn\u011b \u0160vehlova chata uveden\u00e1 do provozu v roce 1939 jako vl\u00e1dn\u00ed a poslaneck\u00e1 budova). Schov\u00e1vaj\u00ed se za vzrostl\u00e9 stromy nad silni\u010dkou ke Stra\u0161\u00ednu. V \u00fastran\u00ed ka\u017edodenn\u00edho \u017eivota \u0161umavsk\u00e9 vesni\u010dky ch\u0159adnou a smutn\u011b vzpom\u00ednaj\u00ed na l\u00e9ta, kdy se to v jejich vnit\u0159n\u00edch prostor\u00e1ch i venku kolem hem\u017eilo d\u011btmi p\u0159edev\u0161\u00edm z pr\u016fmyslov\u00fdch aglomerac\u00ed. Co bylo u\u017e d\u00e1vno nen\u00ed. Dnes je v\u0161ude pusto a pr\u00e1zdno. B\u00fdval\u00e1 ozdravovna sama pot\u0159ebuje ozdravnou k\u016fru pro dal\u0161\u00ed smyslupln\u00e9 vyu\u017eit\u00ed. Chce se n\u00e1m v\u011b\u0159it, \u017ee se to poda\u0159\u00ed.<\/em><\/h6>\n<p><strong>Zden\u011bk JUNGVIRT<\/strong><\/p>\n<p>&nbsp;<\/p>\n<p><img loading=\"lazy\" decoding=\"async\" class=\"aligncenter wp-image-287329 size-full\" src=\"https:\/\/zakrasnejsivimperk.cz\/wp-content\/uploads\/2023\/09\/19\/ozdravovna-2.jpg\" alt=\"\" width=\"1100\" height=\"825\" srcset=\"https:\/\/zakrasnejsivimperk.cz\/wp-content\/uploads\/2023\/09\/19\/ozdravovna-2.jpg 1100w, https:\/\/zakrasnejsivimperk.cz\/wp-content\/uploads\/2023\/09\/19\/ozdravovna-2-300x225.jpg 300w, https:\/\/zakrasnejsivimperk.cz\/wp-content\/uploads\/2023\/09\/19\/ozdravovna-2-1024x768.jpg 1024w, https:\/\/zakrasnejsivimperk.cz\/wp-content\/uploads\/2023\/09\/19\/ozdravovna-2-768x576.jpg 768w, https:\/\/zakrasnejsivimperk.cz\/wp-content\/uploads\/2023\/09\/19\/ozdravovna-2-476x357.jpg 476w, https:\/\/zakrasnejsivimperk.cz\/wp-content\/uploads\/2023\/09\/19\/ozdravovna-2-644x483.jpg 644w\" sizes=\"(max-width: 1100px) 100vw, 1100px\" \/><\/p>\n<p>&nbsp;<\/p>\n<p>&nbsp;<\/p>\n<p><img loading=\"lazy\" decoding=\"async\" class=\"aligncenter wp-image-287330 size-full\" src=\"https:\/\/zakrasnejsivimperk.cz\/wp-content\/uploads\/2023\/09\/19\/ozdravovna-3.jpg\" alt=\"\" width=\"1100\" height=\"825\" srcset=\"https:\/\/zakrasnejsivimperk.cz\/wp-content\/uploads\/2023\/09\/19\/ozdravovna-3.jpg 1100w, https:\/\/zakrasnejsivimperk.cz\/wp-content\/uploads\/2023\/09\/19\/ozdravovna-3-300x225.jpg 300w, https:\/\/zakrasnejsivimperk.cz\/wp-content\/uploads\/2023\/09\/19\/ozdravovna-3-1024x768.jpg 1024w, https:\/\/zakrasnejsivimperk.cz\/wp-content\/uploads\/2023\/09\/19\/ozdravovna-3-768x576.jpg 768w, https:\/\/zakrasnejsivimperk.cz\/wp-content\/uploads\/2023\/09\/19\/ozdravovna-3-476x357.jpg 476w, https:\/\/zakrasnejsivimperk.cz\/wp-content\/uploads\/2023\/09\/19\/ozdravovna-3-644x483.jpg 644w\" sizes=\"(max-width: 1100px) 100vw, 1100px\" \/><\/p>\n<p>&nbsp;<\/p>\n<p>&nbsp;<\/p>\n<p><img loading=\"lazy\" decoding=\"async\" class=\"aligncenter wp-image-287331 size-full\" src=\"https:\/\/zakrasnejsivimperk.cz\/wp-content\/uploads\/2023\/09\/19\/ozdravovna-4.jpg\" alt=\"\" width=\"1100\" height=\"825\" srcset=\"https:\/\/zakrasnejsivimperk.cz\/wp-content\/uploads\/2023\/09\/19\/ozdravovna-4.jpg 1100w, https:\/\/zakrasnejsivimperk.cz\/wp-content\/uploads\/2023\/09\/19\/ozdravovna-4-300x225.jpg 300w, https:\/\/zakrasnejsivimperk.cz\/wp-content\/uploads\/2023\/09\/19\/ozdravovna-4-1024x768.jpg 1024w, https:\/\/zakrasnejsivimperk.cz\/wp-content\/uploads\/2023\/09\/19\/ozdravovna-4-768x576.jpg 768w, https:\/\/zakrasnejsivimperk.cz\/wp-content\/uploads\/2023\/09\/19\/ozdravovna-4-476x357.jpg 476w, https:\/\/zakrasnejsivimperk.cz\/wp-content\/uploads\/2023\/09\/19\/ozdravovna-4-644x483.jpg 644w\" sizes=\"(max-width: 1100px) 100vw, 1100px\" \/><\/p>\n<p>&nbsp;<\/p>\n<p>&nbsp;<\/p>\n<p><img loading=\"lazy\" decoding=\"async\" class=\"aligncenter wp-image-287332 size-full\" src=\"https:\/\/zakrasnejsivimperk.cz\/wp-content\/uploads\/2023\/09\/19\/ozdravovna-5.jpg\" alt=\"\" width=\"1100\" height=\"825\" srcset=\"https:\/\/zakrasnejsivimperk.cz\/wp-content\/uploads\/2023\/09\/19\/ozdravovna-5.jpg 1100w, https:\/\/zakrasnejsivimperk.cz\/wp-content\/uploads\/2023\/09\/19\/ozdravovna-5-300x225.jpg 300w, https:\/\/zakrasnejsivimperk.cz\/wp-content\/uploads\/2023\/09\/19\/ozdravovna-5-1024x768.jpg 1024w, https:\/\/zakrasnejsivimperk.cz\/wp-content\/uploads\/2023\/09\/19\/ozdravovna-5-768x576.jpg 768w, https:\/\/zakrasnejsivimperk.cz\/wp-content\/uploads\/2023\/09\/19\/ozdravovna-5-476x357.jpg 476w, https:\/\/zakrasnejsivimperk.cz\/wp-content\/uploads\/2023\/09\/19\/ozdravovna-5-644x483.jpg 644w\" sizes=\"(max-width: 1100px) 100vw, 1100px\" \/><\/p>\n<p>&nbsp;<\/p>\n<p>&nbsp;<\/p>\n<p><img loading=\"lazy\" decoding=\"async\" class=\"aligncenter wp-image-287333 size-full\" src=\"https:\/\/zakrasnejsivimperk.cz\/wp-content\/uploads\/2023\/09\/19\/ozdravovna-6.jpg\" alt=\"\" width=\"1100\" height=\"825\" srcset=\"https:\/\/zakrasnejsivimperk.cz\/wp-content\/uploads\/2023\/09\/19\/ozdravovna-6.jpg 1100w, https:\/\/zakrasnejsivimperk.cz\/wp-content\/uploads\/2023\/09\/19\/ozdravovna-6-300x225.jpg 300w, https:\/\/zakrasnejsivimperk.cz\/wp-content\/uploads\/2023\/09\/19\/ozdravovna-6-1024x768.jpg 1024w, https:\/\/zakrasnejsivimperk.cz\/wp-content\/uploads\/2023\/09\/19\/ozdravovna-6-768x576.jpg 768w, https:\/\/zakrasnejsivimperk.cz\/wp-content\/uploads\/2023\/09\/19\/ozdravovna-6-476x357.jpg 476w, https:\/\/zakrasnejsivimperk.cz\/wp-content\/uploads\/2023\/09\/19\/ozdravovna-6-644x483.jpg 644w\" sizes=\"(max-width: 1100px) 100vw, 1100px\" \/><\/p>\n<p>&nbsp;<\/p>\n<p>&nbsp;<\/p>\n<p><img loading=\"lazy\" decoding=\"async\" class=\"aligncenter wp-image-287334 size-full\" src=\"https:\/\/zakrasnejsivimperk.cz\/wp-content\/uploads\/2023\/09\/19\/ozdravovna-7.jpg\" alt=\"\" width=\"1100\" height=\"825\" srcset=\"https:\/\/zakrasnejsivimperk.cz\/wp-content\/uploads\/2023\/09\/19\/ozdravovna-7.jpg 1100w, https:\/\/zakrasnejsivimperk.cz\/wp-content\/uploads\/2023\/09\/19\/ozdravovna-7-300x225.jpg 300w, https:\/\/zakrasnejsivimperk.cz\/wp-content\/uploads\/2023\/09\/19\/ozdravovna-7-1024x768.jpg 1024w, https:\/\/zakrasnejsivimperk.cz\/wp-content\/uploads\/2023\/09\/19\/ozdravovna-7-768x576.jpg 768w, https:\/\/zakrasnejsivimperk.cz\/wp-content\/uploads\/2023\/09\/19\/ozdravovna-7-476x357.jpg 476w, https:\/\/zakrasnejsivimperk.cz\/wp-content\/uploads\/2023\/09\/19\/ozdravovna-7-644x483.jpg 644w\" sizes=\"(max-width: 1100px) 100vw, 1100px\" \/><\/p>\n<p>&nbsp;<\/p>\n<p>&nbsp;<\/p>\n<p><img loading=\"lazy\" decoding=\"async\" class=\"aligncenter wp-image-287336 size-full\" src=\"https:\/\/zakrasnejsivimperk.cz\/wp-content\/uploads\/2023\/09\/19\/ozdravovna-9.jpg\" alt=\"\" width=\"1100\" height=\"699\" srcset=\"https:\/\/zakrasnejsivimperk.cz\/wp-content\/uploads\/2023\/09\/19\/ozdravovna-9.jpg 1100w, https:\/\/zakrasnejsivimperk.cz\/wp-content\/uploads\/2023\/09\/19\/ozdravovna-9-300x191.jpg 300w, https:\/\/zakrasnejsivimperk.cz\/wp-content\/uploads\/2023\/09\/19\/ozdravovna-9-1024x651.jpg 1024w, https:\/\/zakrasnejsivimperk.cz\/wp-content\/uploads\/2023\/09\/19\/ozdravovna-9-768x488.jpg 768w, https:\/\/zakrasnejsivimperk.cz\/wp-content\/uploads\/2023\/09\/19\/ozdravovna-9-100x65.jpg 100w, https:\/\/zakrasnejsivimperk.cz\/wp-content\/uploads\/2023\/09\/19\/ozdravovna-9-562x357.jpg 562w, https:\/\/zakrasnejsivimperk.cz\/wp-content\/uploads\/2023\/09\/19\/ozdravovna-9-760x483.jpg 760w\" sizes=\"(max-width: 1100px) 100vw, 1100px\" \/><\/p>\n<p>&nbsp;<\/p>\n<p>&nbsp;<\/p>\n<p><img loading=\"lazy\" decoding=\"async\" class=\"aligncenter wp-image-287335 size-full\" src=\"https:\/\/zakrasnejsivimperk.cz\/wp-content\/uploads\/2023\/09\/19\/ozdravovna-8.jpg\" alt=\"\" width=\"1100\" height=\"825\" srcset=\"https:\/\/zakrasnejsivimperk.cz\/wp-content\/uploads\/2023\/09\/19\/ozdravovna-8.jpg 1100w, https:\/\/zakrasnejsivimperk.cz\/wp-content\/uploads\/2023\/09\/19\/ozdravovna-8-300x225.jpg 300w, https:\/\/zakrasnejsivimperk.cz\/wp-content\/uploads\/2023\/09\/19\/ozdravovna-8-1024x768.jpg 1024w, https:\/\/zakrasnejsivimperk.cz\/wp-content\/uploads\/2023\/09\/19\/ozdravovna-8-768x576.jpg 768w, https:\/\/zakrasnejsivimperk.cz\/wp-content\/uploads\/2023\/09\/19\/ozdravovna-8-476x357.jpg 476w, https:\/\/zakrasnejsivimperk.cz\/wp-content\/uploads\/2023\/09\/19\/ozdravovna-8-644x483.jpg 644w\" sizes=\"(max-width: 1100px) 100vw, 1100px\" \/><\/p>\n<p>&nbsp;<\/p>\n<p><strong>Foto na str\u00e1nce: (red) \u2013 Za kr\u00e1sn\u011bj\u0161\u00ed Vimperk<\/strong><\/p>\n<p>&nbsp;<\/p>\n<h6>Informovali jsme:<\/h6>\n<h4 class=\"entry-title\"><a href=\"https:\/\/zakrasnejsivimperk.cz\/?p=264370\" target=\"_blank\" rel=\"noopener\">NA N\u00c1V\u0160T\u011aV\u011a: N\u011bkdej\u0161\u00ed ozdravovna v Javorn\u00edku ch\u0159adne a smutn\u00ed<\/a><\/h4>\n<hr \/>\n<p>&nbsp;<\/p>\n<p>&nbsp;<\/p>\n","protected":false},"excerpt":{"rendered":"<p>&nbsp; Zhruba <\/p>\n","protected":false},"author":2,"featured_media":287338,"comment_status":"open","ping_status":"open","sticky":false,"template":"","format":"gallery","meta":{"footnotes":""},"categories":[164,151,86],"tags":[],"jetpack_featured_media_url":"https:\/\/zakrasnejsivimperk.cz\/wp-content\/uploads\/2023\/09\/19\/ram-ozdravovna.jpg","_links":{"self":[{"href":"https:\/\/zakrasnejsivimperk.cz\/index.php?rest_route=\/wp\/v2\/posts\/287327"}],"collection":[{"href":"https:\/\/zakrasnejsivimperk.cz\/index.php?rest_route=\/wp\/v2\/posts"}],"about":[{"href":"https:\/\/zakrasnejsivimperk.cz\/index.php?rest_route=\/wp\/v2\/types\/post"}],"author":[{"embeddable":true,"href":"https:\/\/zakrasnejsivimperk.cz\/index.php?rest_route=\/wp\/v2\/users\/2"}],"replies":[{"embeddable":true,"href":"https:\/\/zakrasnejsivimperk.cz\/index.php?rest_route=%2Fwp%2Fv2%2Fcomments&post=287327"}],"version-history":[{"count":2,"href":"https:\/\/zakrasnejsivimperk.cz\/index.php?rest_route=\/wp\/v2\/posts\/287327\/revisions"}],"predecessor-version":[{"id":287339,"href":"https:\/\/zakrasnejsivimperk.cz\/index.php?rest_route=\/wp\/v2\/posts\/287327\/revisions\/287339"}],"wp:featuredmedia":[{"embeddable":true,"href":"https:\/\/zakrasnejsivimperk.cz\/index.php?rest_route=\/wp\/v2\/media\/287338"}],"wp:attachment":[{"href":"https:\/\/zakrasnejsivimperk.cz\/index.php?rest_route=%2Fwp%2Fv2%2Fmedia&parent=287327"}],"wp:term":[{"taxonomy":"category","embeddable":true,"href":"https:\/\/zakrasnejsivimperk.cz\/index.php?rest_route=%2Fwp%2Fv2%2Fcategories&post=287327"},{"taxonomy":"post_tag","embeddable":true,"href":"https:\/\/zakrasnejsivimperk.cz\/index.php?rest_route=%2Fwp%2Fv2%2Ftags&post=287327"}],"curies":[{"name":"wp","href":"https:\/\/api.w.org\/{rel}","templated":true}]}}