{"id":287172,"date":"2023-09-18T13:30:06","date_gmt":"2023-09-18T12:30:06","guid":{"rendered":"https:\/\/zakrasnejsivimperk.cz\/?p=287172"},"modified":"2023-09-20T14:50:31","modified_gmt":"2023-09-20T13:50:31","slug":"nase-mesto-vimperk-glosa-nas-vimpersky-prales","status":"publish","type":"post","link":"https:\/\/zakrasnejsivimperk.cz\/?p=287172","title":{"rendered":"NA\u0160E M\u011aSTO VIMPERK: Glosa &#8211; N\u00e1\u0161 vimpersk\u00fd prales"},"content":{"rendered":"<p><img loading=\"lazy\" decoding=\"async\" class=\"aligncenter wp-image-287173 size-full\" src=\"https:\/\/zakrasnejsivimperk.cz\/wp-content\/uploads\/2023\/09\/18\/glosa-prales.jpg\" alt=\"\" width=\"923\" height=\"1100\" srcset=\"https:\/\/zakrasnejsivimperk.cz\/wp-content\/uploads\/2023\/09\/18\/glosa-prales.jpg 923w, https:\/\/zakrasnejsivimperk.cz\/wp-content\/uploads\/2023\/09\/18\/glosa-prales-252x300.jpg 252w, https:\/\/zakrasnejsivimperk.cz\/wp-content\/uploads\/2023\/09\/18\/glosa-prales-859x1024.jpg 859w, https:\/\/zakrasnejsivimperk.cz\/wp-content\/uploads\/2023\/09\/18\/glosa-prales-768x915.jpg 768w, https:\/\/zakrasnejsivimperk.cz\/wp-content\/uploads\/2023\/09\/18\/glosa-prales-300x357.jpg 300w, https:\/\/zakrasnejsivimperk.cz\/wp-content\/uploads\/2023\/09\/18\/glosa-prales-405x483.jpg 405w\" sizes=\"(max-width: 923px) 100vw, 923px\" \/><\/p>\n<p><strong>Autor: Zden\u011bk JUNGVIRT<\/strong><\/p>\n<p>&nbsp;<\/p>\n<p><img loading=\"lazy\" decoding=\"async\" class=\"aligncenter wp-image-284147 size-full\" src=\"https:\/\/zakrasnejsivimperk.cz\/wp-content\/uploads\/2023\/08\/02\/ostudne-okoli-knihovny-8.jpg\" alt=\"\" width=\"825\" height=\"1100\" srcset=\"https:\/\/zakrasnejsivimperk.cz\/wp-content\/uploads\/2023\/08\/02\/ostudne-okoli-knihovny-8.jpg 825w, https:\/\/zakrasnejsivimperk.cz\/wp-content\/uploads\/2023\/08\/02\/ostudne-okoli-knihovny-8-225x300.jpg 225w, https:\/\/zakrasnejsivimperk.cz\/wp-content\/uploads\/2023\/08\/02\/ostudne-okoli-knihovny-8-768x1024.jpg 768w, https:\/\/zakrasnejsivimperk.cz\/wp-content\/uploads\/2023\/08\/02\/ostudne-okoli-knihovny-8-268x357.jpg 268w, https:\/\/zakrasnejsivimperk.cz\/wp-content\/uploads\/2023\/08\/02\/ostudne-okoli-knihovny-8-362x483.jpg 362w\" sizes=\"(max-width: 825px) 100vw, 825px\" \/><\/p>\n<p>&nbsp;<\/p>\n<p>&nbsp;<\/p>\n<p><img loading=\"lazy\" decoding=\"async\" class=\"aligncenter wp-image-284142 size-full\" src=\"https:\/\/zakrasnejsivimperk.cz\/wp-content\/uploads\/2023\/08\/02\/ostudne-okoli-knihovny-3.jpg\" alt=\"\" width=\"1037\" height=\"1100\" srcset=\"https:\/\/zakrasnejsivimperk.cz\/wp-content\/uploads\/2023\/08\/02\/ostudne-okoli-knihovny-3.jpg 1037w, https:\/\/zakrasnejsivimperk.cz\/wp-content\/uploads\/2023\/08\/02\/ostudne-okoli-knihovny-3-283x300.jpg 283w, https:\/\/zakrasnejsivimperk.cz\/wp-content\/uploads\/2023\/08\/02\/ostudne-okoli-knihovny-3-965x1024.jpg 965w, https:\/\/zakrasnejsivimperk.cz\/wp-content\/uploads\/2023\/08\/02\/ostudne-okoli-knihovny-3-768x815.jpg 768w, https:\/\/zakrasnejsivimperk.cz\/wp-content\/uploads\/2023\/08\/02\/ostudne-okoli-knihovny-3-337x357.jpg 337w, https:\/\/zakrasnejsivimperk.cz\/wp-content\/uploads\/2023\/08\/02\/ostudne-okoli-knihovny-3-455x483.jpg 455w\" sizes=\"(max-width: 1037px) 100vw, 1037px\" \/><\/p>\n<p>&nbsp;<\/p>\n<p>&nbsp;<\/p>\n<p><img loading=\"lazy\" decoding=\"async\" class=\"aligncenter wp-image-284141 size-full\" src=\"https:\/\/zakrasnejsivimperk.cz\/wp-content\/uploads\/2023\/08\/02\/ostudne-okoli-knihovny-2.jpg\" alt=\"\" width=\"1100\" height=\"1080\" srcset=\"https:\/\/zakrasnejsivimperk.cz\/wp-content\/uploads\/2023\/08\/02\/ostudne-okoli-knihovny-2.jpg 1100w, https:\/\/zakrasnejsivimperk.cz\/wp-content\/uploads\/2023\/08\/02\/ostudne-okoli-knihovny-2-300x295.jpg 300w, https:\/\/zakrasnejsivimperk.cz\/wp-content\/uploads\/2023\/08\/02\/ostudne-okoli-knihovny-2-1024x1005.jpg 1024w, https:\/\/zakrasnejsivimperk.cz\/wp-content\/uploads\/2023\/08\/02\/ostudne-okoli-knihovny-2-768x754.jpg 768w, https:\/\/zakrasnejsivimperk.cz\/wp-content\/uploads\/2023\/08\/02\/ostudne-okoli-knihovny-2-364x357.jpg 364w, https:\/\/zakrasnejsivimperk.cz\/wp-content\/uploads\/2023\/08\/02\/ostudne-okoli-knihovny-2-492x483.jpg 492w\" sizes=\"(max-width: 1100px) 100vw, 1100px\" \/><\/p>\n<p>&nbsp;<\/p>\n<p><strong>Foto: (red) &#8211; Za kr\u00e1sn\u011bj\u0161\u00ed Vimperk<\/strong><\/p>\n<hr \/>\n<p>&nbsp;<\/p>\n<p>&nbsp;<\/p>\n","protected":false},"excerpt":{"rendered":"<p>Autor: Zden\u011bk <\/p>\n","protected":false},"author":2,"featured_media":287173,"comment_status":"open","ping_status":"open","sticky":false,"template":"","format":"gallery","meta":{"footnotes":""},"categories":[85,120],"tags":[],"jetpack_featured_media_url":"https:\/\/zakrasnejsivimperk.cz\/wp-content\/uploads\/2023\/09\/18\/glosa-prales.jpg","_links":{"self":[{"href":"https:\/\/zakrasnejsivimperk.cz\/index.php?rest_route=\/wp\/v2\/posts\/287172"}],"collection":[{"href":"https:\/\/zakrasnejsivimperk.cz\/index.php?rest_route=\/wp\/v2\/posts"}],"about":[{"href":"https:\/\/zakrasnejsivimperk.cz\/index.php?rest_route=\/wp\/v2\/types\/post"}],"author":[{"embeddable":true,"href":"https:\/\/zakrasnejsivimperk.cz\/index.php?rest_route=\/wp\/v2\/users\/2"}],"replies":[{"embeddable":true,"href":"https:\/\/zakrasnejsivimperk.cz\/index.php?rest_route=%2Fwp%2Fv2%2Fcomments&post=287172"}],"version-history":[{"count":1,"href":"https:\/\/zakrasnejsivimperk.cz\/index.php?rest_route=\/wp\/v2\/posts\/287172\/revisions"}],"predecessor-version":[{"id":287174,"href":"https:\/\/zakrasnejsivimperk.cz\/index.php?rest_route=\/wp\/v2\/posts\/287172\/revisions\/287174"}],"wp:featuredmedia":[{"embeddable":true,"href":"https:\/\/zakrasnejsivimperk.cz\/index.php?rest_route=\/wp\/v2\/media\/287173"}],"wp:attachment":[{"href":"https:\/\/zakrasnejsivimperk.cz\/index.php?rest_route=%2Fwp%2Fv2%2Fmedia&parent=287172"}],"wp:term":[{"taxonomy":"category","embeddable":true,"href":"https:\/\/zakrasnejsivimperk.cz\/index.php?rest_route=%2Fwp%2Fv2%2Fcategories&post=287172"},{"taxonomy":"post_tag","embeddable":true,"href":"https:\/\/zakrasnejsivimperk.cz\/index.php?rest_route=%2Fwp%2Fv2%2Ftags&post=287172"}],"curies":[{"name":"wp","href":"https:\/\/api.w.org\/{rel}","templated":true}]}}