{"id":286283,"date":"2025-09-02T17:49:59","date_gmt":"2025-09-02T16:49:59","guid":{"rendered":"https:\/\/zakrasnejsivimperk.cz\/?p=286283"},"modified":"2025-09-02T17:49:59","modified_gmt":"2025-09-02T16:49:59","slug":"z-archivu-a-kronik-pocatky-skolnich-sesitu","status":"publish","type":"post","link":"https:\/\/zakrasnejsivimperk.cz\/?p=286283","title":{"rendered":"Z ARCHIV\u016e A KRONIK: Po\u010d\u00e1tky \u0161koln\u00edch se\u0161it\u016f"},"content":{"rendered":"<p><img loading=\"lazy\" decoding=\"async\" class=\"aligncenter wp-image-286284 size-full\" src=\"https:\/\/zakrasnejsivimperk.cz\/wp-content\/uploads\/2023\/09\/05\/POCATKY-SKOLNICH-SESITU....jpg\" alt=\"\" width=\"1606\" height=\"2048\" srcset=\"https:\/\/zakrasnejsivimperk.cz\/wp-content\/uploads\/2023\/09\/05\/POCATKY-SKOLNICH-SESITU....jpg 1606w, https:\/\/zakrasnejsivimperk.cz\/wp-content\/uploads\/2023\/09\/05\/POCATKY-SKOLNICH-SESITU...-235x300.jpg 235w, https:\/\/zakrasnejsivimperk.cz\/wp-content\/uploads\/2023\/09\/05\/POCATKY-SKOLNICH-SESITU...-803x1024.jpg 803w, https:\/\/zakrasnejsivimperk.cz\/wp-content\/uploads\/2023\/09\/05\/POCATKY-SKOLNICH-SESITU...-768x979.jpg 768w, https:\/\/zakrasnejsivimperk.cz\/wp-content\/uploads\/2023\/09\/05\/POCATKY-SKOLNICH-SESITU...-1205x1536.jpg 1205w, https:\/\/zakrasnejsivimperk.cz\/wp-content\/uploads\/2023\/09\/05\/POCATKY-SKOLNICH-SESITU...-280x357.jpg 280w, https:\/\/zakrasnejsivimperk.cz\/wp-content\/uploads\/2023\/09\/05\/POCATKY-SKOLNICH-SESITU...-379x483.jpg 379w\" sizes=\"(max-width: 1606px) 100vw, 1606px\" \/><\/p>\n<p>&nbsp;<\/p>\n<h6>Nep\u00ed\u0161e na\u0161e ruka, p\u00ed\u0161e na\u0161e du\u0161e,\u201c napsal v roce 1920 Adolf Zelinka v knize O grafologii. Bylo to v dob\u011b, kdy byl krasopis ob\u00e1van\u00fdm \u0161koln\u00edm p\u0159edm\u011btem a \u201e\u0161kr\u00e1bat jako kocour\u201c bylo pova\u017eov\u00e1no za ostudu. Tak\u00e9 v\u00e1s p\u0159\u00edmo pohlad\u00ed a nadchne, kdy\u017e dostanete pohlednici od n\u011bkoho ze star\u0161\u00ed generace a pozn\u00e1te na prvn\u00ed pohled, \u017ee je to od toho, kdo se ve \u0161kole je\u0161t\u011b u\u010dil krasopis?<\/h6>\n<p>U\u017e jen pohled na kr\u00e1sn\u011b vykrou\u017een\u00e1 p\u00edsmena d\u00e1v\u00e1 slov\u016fm \u00fapln\u011b jinou n\u00e1pl\u0148. A \u010dlov\u011bk se mus\u00ed t\u00e9 n\u00e1dhe\u0159e obdivovat t\u00edm v\u00edc, proto\u017ee vlastn\u011b vznikala v t\u011b\u017ek\u00fdch podm\u00ednk\u00e1ch, kdy se psalo kovov\u00fdm perem na n\u00e1sadce a nam\u00e1\u010delo do inkoustu v kalam\u00e1\u0159i \u010di lahvi\u010dce. To pamatuje je\u0161t\u011b generace dne\u0161n\u00edch sedmdes\u00e1tn\u00edk\u016f, kdy ka\u0148ka v se\u0161it\u011b nebyla ni\u010d\u00edm ojedin\u011bl\u00fdm a r\u016f\u017eov\u00fd pij\u00e1k byl nepostradateln\u00fdm pomocn\u00edkem p\u0159i psan\u00ed.<\/p>\n<p>Ve \u0161koln\u00edch se\u0161itech se d\u011bti poprv\u00e9 setk\u00e1vaj\u00ed s rukopisnou kulturou psan\u00ed. Ji\u017e mnoho generac\u00ed \u017e\u00e1k\u016f si nedovede \u0161kolu bez se\u0161it\u016f p\u0159edstavit. Pokud definujeme \u0161koln\u00ed se\u0161it jako slo\u017eku p\u0159esn\u011b se\u0159\u00edznut\u00fdch pap\u00edr\u016f pevn\u011b spojen\u00fdch s ob\u00e1lkou, a\u0165 u\u017e linkovan\u00fdch nebo nelinkovan\u00fdch, vznikl a\u017e se zaveden\u00edm strojn\u00ed v\u00fdroby pap\u00edru v polovin\u011b 19. stolet\u00ed.<\/p>\n<p>Zlev\u0148ov\u00e1n\u00ed pap\u00edru prov\u00e1zely objevy nov\u00fdch technik tisku z hloubky i plochy, stejn\u011b jako popt\u00e1vka po levn\u00fdch knih\u00e1ch a tiskovin\u00e1ch. Do t\u00e9 doby se setk\u00e1v\u00e1me v trivi\u00e1ln\u00ed \u0161kole s kombinov\u00e1n\u00edm pap\u00edru s jin\u00fdmi materi\u00e1ly, z nich\u017e nejzn\u00e1m\u011bj\u0161\u00ed je b\u0159idlicov\u00e1 tabulka. Jednotliv\u00e9 archy pap\u00edru pro \u017e\u00e1ky kupoval, roz\u0159ez\u00e1val a linkoval u\u010ditel, k tomu \u0159ezal pera z brk\u016f. Pro pot\u0159eby prezentace \u017e\u00e1k\u016f, nap\u0159\u00edklad p\u0159i vizitaci \u0161koly, byly zhotovov\u00e1ny vzorov\u00e9 opisy, kter\u00e9 byly dodate\u010dn\u011b ru\u010dn\u011b svazov\u00e1ny do blok\u016f. Z muzejn\u00edch a archivn\u00edch fond\u016f jsou zn\u00e1m\u00e9 vzorov\u00e9 p\u0159edpisy od prvn\u00edch desetilet\u00ed 19. stolet\u00ed n\u011bkter\u00e9 kolorovan\u00e9 a zdoben\u00e9 ornamenty.<\/p>\n<p>Nejstar\u0161\u00ed datovan\u00e9 \u0161koln\u00ed se\u0161ity ve sb\u00edrk\u00e1ch p\u0159erovsk\u00e9ho muzea s n\u00e1zvy Schreib Buch a Sch\u00f6nschreib-Buch s p\u0159edti\u0161t\u011bn\u00fdmi linkami jsou z roku 1844. Jejich ob\u00e1lky zdob\u00ed obr\u00e1zky s motivem krajiny a biblick\u00fdm t\u00e9matem. Jedn\u00e1 se o p\u00edsanky, kter\u00e9 m\u011bly mezi se\u0161ity v\u017edy zvl\u00e1\u0161tn\u00ed postaven\u00ed.<\/p>\n<p>V 60. a 70. letech 19. stolet\u00ed se na ob\u00e1lk\u00e1ch se\u0161it\u016f objevovaly obr\u00e1zky s texty z v\u011bcn\u00e9ho vyu\u010dov\u00e1n\u00ed po vzoru Komensk\u00e9ho Sv\u011bta v obrazech (nap\u0159\u00edklad firma Hynek Fuchs z Prahy, firma J. Wallishauser z V\u00eddn\u011b), pozd\u011bji n\u00e1sobilka a po\u010detn\u00ed rovnice.<\/p>\n<p>Se\u0161ity nesly r\u016fzn\u00e9 n\u00e1zvy: diktovac\u00ed kniha, se\u0161it pro diktando, Sch\u00f6n- und Schuellschreiben, Schreibheft, krasopisn\u00e1 kniha, p\u00edsanka, se\u0161it ku psan\u00ed, po\u010d\u00edt\u00e1n\u00ed nebo kreslen\u00ed apod. N\u00e1m\u011btov\u011b bohat\u00e9 ob\u00e1lky se\u0161it\u016f vyr\u00e1b\u011bla firma Ed. Musil z V\u00eddn\u011b: obrazy z \u010desk\u00fdch d\u011bjin, podobizny panovnick\u00e9 rodiny, vyobrazen\u00ed m\u011bst, krajin, hrad\u016f, pam\u00e1tn\u00fdch budov, mapy, jedovat\u00e9 byliny, zv\u00ed\u0159ata, nov\u00e9 m\u00edry a z\u00e1va\u017e\u00ed, geometrick\u00e1 t\u011blesa atd. nebo jen pouh\u00e9 n\u00e1pisy.<\/p>\n<p>Prvn\u00ed omezen\u00ed \u017eiveln\u00e9 v\u00fdroby se\u0161it\u016f p\u0159i\u0161lo kr\u00e1tce po \u0161kolsk\u00e9 reform\u011b. Ve \u0161koln\u00edm \u0159\u00e1du z roku 1870 \u00a7 72 byla kodifikov\u00e1na povinnost rodi\u010d\u016f nebo z\u00e1stupc\u016f \u017e\u00e1ka zajistit pot\u0159ebn\u00e9 se\u0161ity, stejn\u011b jako u\u010debnice a jin\u00e9 u\u010debn\u00ed prost\u0159edky. Pokud byli nemajetn\u00ed, plnily tuto povinnost osoby a instituce ur\u010den\u00e9 z\u00e1konem. V nutn\u00fdch p\u0159\u00edpadech se vyu\u017e\u00edvaly dobro\u010dinn\u00e9 dary a v\u00fdt\u011b\u017eky z charitativn\u00edch akc\u00ed.<\/p>\n<p>Roku 1882 se objevuje v\u00fdzva, aby u\u010ditel\u00e9 v \u010cech\u00e1ch a na Morav\u011b neignorovali v\u00fdrobky \u010desk\u00fdch firem, nap\u0159\u00edklad Felkl \u010di Hynek. \u010cesk\u00e9 \u0161koly velmi \u010dasto odeb\u00edraly od n\u011bmeck\u00fdch firem, kter\u00e9 podporovaly Schulverein. Pob\u00eddkou k odb\u011bru b\u00fdval dar bal\u00edku se\u0161it\u016f pro chud\u00e9, p\u0159i\u010dem\u017e \u010de\u0161t\u00ed v\u00fdrobce nab\u00edzeli p\u0159i hromadn\u00e9m odb\u011bru v\u017edy ur\u010dit\u011b mno\u017estv\u00ed se\u0161it\u016f zdarma a \u010dasto se objevovala i pod\u011bkov\u00e1n\u00ed za samostatn\u00e9 dary \u0161kol\u00e1m. V roce 1883 se v Litovli a okol\u00ed pou\u017e\u00edvaly se\u0161ity v\u00edde\u0148sk\u00fdch firem m\u00edsto vlasteneck\u00fdch, nap\u0159. Felkl a Hynek.<\/p>\n<p>V 80. letech 19. stolet\u00ed se objevovaly zpr\u00e1vy o \u0161\u00ed\u0159en\u00ed kr\u00e1tkozrakosti ve \u0161kol\u00e1ch. Na z\u00e1klad\u011b l\u00e9ka\u0159sk\u00fdch posudk\u016f bylo za jednu z p\u0159\u00ed\u010din ozna\u010deno u\u017e\u00edv\u00e1n\u00ed b\u0159idlicov\u00fdch tabulek (dr\u017een\u00ed hlavy p\u0159\u00edli\u0161 bl\u00edzko psac\u00ed plo\u0161e), \u0161ikm\u00e9 dr\u017een\u00ed hlavy u \u0161ikm\u00e9ho p\u00edsma a stigmografick\u00e9 kreslen\u00ed (podle s\u00edt\u011b te\u010dek). Navrhov\u00e1no bylo tak\u00e9 omezen\u00ed dom\u00e1c\u00edch \u00fakol\u016f a p\u0159est\u00e1vky po dvouhodinov\u00e9m vyu\u010dov\u00e1n\u00ed, nebo\u0165 \u201est\u00e1l\u00e9 nam\u00e1h\u00e1n\u00ed ml\u00e1de\u017ee je ko\u0159enem \u00fa\u017easn\u011b se vzm\u00e1haj\u00edc\u00ed kr\u00e1tkozrakosti\u201c. Ministerstvo proto dv\u011bma v\u00fdnosy z 23. 7. a 19. 12. 1885 zak\u00e1zalo u\u017e\u00edv\u00e1n\u00ed m\u0159\u00ed\u017ekovan\u00fdch (\u010d\u00e1rkov\u00e1n\u00ed \u010dtverduch\u00e9ho, \u010dtvercovan\u00fdch) psac\u00edch pot\u0159eb, stejn\u011b jako t\u011bch se \u0161ikm\u00fdmi (\u00fahlop\u0159\u00ed\u010dn\u00fdmi zrakov\u00fdmi) linkami, a to na z\u00e1klad\u011b nejvy\u0161\u0161\u00ed zdravotn\u00ed rady jako \u0161kodliv\u00e9 pro zrak \u017e\u00e1k\u016f.<\/p>\n<p>V roce 1895 mohl m\u00edt jeden \u017e\u00e1k ve \u0161kole a\u017e 12 druh\u016f r\u016fzn\u00fdch se\u0161it\u016f, od ka\u017ed\u00e9ho spot\u0159eboval za rok v\u00edce kus\u016f. Dobov\u00e9 hodnocen\u00ed situace v tisku bylo zna\u010dn\u011b nekompromisn\u00ed: \u201eT\u00edm se vedou \u017e\u00e1ci ku povrchnosti p\u0159i kon\u00e1n\u00ed prac\u00ed p\u00edsemn\u00fdch a kaz\u00ed si zrak, rodi\u010d\u016fm pak zp\u016fsobuj\u00ed se zbyte\u010dn\u00e1 vyd\u00e1n\u00ed. [\u2026] Co jen drah\u00e9ho \u010dasu ve \u0161kol\u00e1ch zma\u0159\u00ed touto pap\u00edrovou manipulac\u00ed!\u201c Podle nejstriktn\u011bj\u0161\u00edch n\u00e1vrh\u016f by posta\u010dovaly jen \u010dty\u0159i druhy se\u0161it\u016f. Prodej se\u0161it\u016f se stal v\u00fdnosn\u00fdm obchodem s nezanedbateln\u00fdm ziskem. V roce 1882 byla spot\u0159eba jedn\u00e9 venkovsk\u00e9 \u0161koly se 150\u2013180 \u017e\u00e1ky odhadov\u00e1na ro\u010dn\u011b na 30 a\u017e 50 zl (ka\u017ed\u00fd minim\u00e1ln\u011b 10 se\u0161it\u016f po jednom kr).<\/p>\n<p>U\u010ditel\u00e9 museli \u010dasto \u0159e\u0161it probl\u00e9m s jakost\u00ed pap\u00edru v se\u0161itech. Na oby\u010dejn\u00e9 psan\u00ed si \u017e\u00e1ci mohli p\u0159in\u00e1\u0161et jak\u00fdkoli se\u0161it, v\u011bt\u0161inou za krejcar. Na \u010dist\u00e9 \u00fakoly \u017e\u00e1dali kvalitn\u00ed pap\u00edr, aby se jim pero nezar\u00fdvalo a vl\u00e1kna z pap\u00edru na n\u011bm nez\u016fst\u00e1vala viset. U n\u011bkter\u00fdch firem se st\u00e1valo, \u017ee vzorky i prvn\u00ed dodan\u00e9 se\u0161ity na za\u010d\u00e1tku roku byly v po\u0159\u00e1dku, ale pozd\u011bji se jakost zhor\u0161ila.<\/p>\n<p>\u017divnostn\u00edci si v pr\u016fb\u011bhu let n\u011bkolikr\u00e1t st\u011b\u017eovali na u\u010ditele, \u017ee se ziskem prod\u00e1vaj\u00ed \u017e\u00e1k\u016fm obecn\u00fdch a m\u011b\u0161\u0165ansk\u00fdch \u0161kol u\u010debnice, \u0161koln\u00ed pom\u016fcky a pot\u0159eby, v\u010detn\u011b se\u0161it\u016f. Obchodn\u00edci a prodejci byli naopak kritizov\u00e1ni za p\u0159edra\u017eov\u00e1n\u00ed \u0161koln\u00edch pot\u0159eb. Na Vala\u0161sku se pr\u00fd se\u0161it, kter\u00fd kupec z\u00edskal za 2 kr prod\u00e1val za 4 i 6 kr.<\/p>\n<p>V z\u00e1\u0159\u00ed 1906 vyzvala Zemsk\u00e1 jednota \u010desk\u00fdch obchodn\u00edch gr\u00e9mi\u00ed v Kr\u00e1lovstv\u00ed \u010desk\u00e9m k oznamov\u00e1n\u00ed p\u0159\u00edpad\u016f, kdy u\u010ditel\u00e9 bu\u010f sami prod\u00e1vaj\u00ed se\u0161ity a dal\u0161\u00ed \u0161koln\u00ed pot\u0159eby se ziskem nebo doporu\u010duj\u00ed \u010di odrazuj\u00ed od n\u00e1kupu v ur\u010dit\u00e9m obchod\u011b nebo od ur\u010dit\u00e9 firmy za \u00faplatek. Darovan\u00e9 se\u0161ity pro chud\u00e9 po\u017eadovali ozna\u010dovat, aby bylo jasn\u00e9, zda jsou spr\u00e1vn\u011b rozd\u011blov\u00e1ny. U\u010ditel\u00e9 toti\u017e m\u011bli v\u00fdslovn\u011b povoleno vypom\u00e1hat \u017e\u00e1k\u016fm s obstar\u00e1v\u00e1n\u00edm \u0161koln\u00edch pot\u0159eb v m\u00edstech, kde nebyl \u017e\u00e1dn\u00fd obchodn\u00edk. D\u00e1le se sna\u017eili organizovat hromadn\u00e9 n\u00e1kupy, proto\u017ee k nim byly p\u0159id\u00e1v\u00e1ny se\u0161ity a dal\u0161\u00ed \u0161kol\u00ed pot\u0159eby zdarma. Pochybovat o jejich spravedliv\u00e9m rozd\u011blov\u00e1n\u00ed bylo pro u\u010ditelsk\u00fd stav stejnou denunciac\u00ed jako podez\u0159en\u00ed, \u017ee by mohli m\u00edt z t\u00e9to \u010dinnosti pen\u011b\u017eit\u00fd zisk.<\/p>\n<p>Ned\u00edlnou sou\u010d\u00e1st\u00ed \u0161koln\u00edch se\u0161it\u016f byly pij\u00e1ky (sav\u00e9 \u010di pijav\u00e9 pap\u00edry) k ods\u00e1t\u00ed p\u0159ebyte\u010dn\u00e9ho inkoustu. V druh\u00e9 polovin\u011b 19. stolet\u00ed se vyr\u00e1b\u011bly pro \u0161koln\u00ed se\u0161ity v \u010derven\u00e9 barv\u011b. Pozd\u011bji se objevovaly sv\u011btl\u00e9 pastelov\u00e9 barvy, \u010dasto s p\u0159im\u00edch\u00e1n\u00edm jinobarevn\u00fdch vl\u00e1ken. Jeho struktura se podobala ru\u010dn\u011b vyr\u00e1b\u011bn\u00e9mu pap\u00edru (siln\u011bj\u0161\u00ed s nezalisovan\u00fdmi vl\u00e1kny). V dob\u011b rozkv\u011btu reklamy za prvn\u00ed republiky byly vyu\u017e\u00edv\u00e1ny v\u0161echny vhodn\u00e9 plochy, v\u010detn\u011b \u0161koln\u00edch pom\u016fcek. Vznikaly pij\u00e1ky s ti\u0161t\u011bn\u00fdm textem, s obr\u00e1zky i zdoben\u00e9 ornamenty. V 50. a\u017e 70. letech 20. stolet\u00ed se na pij\u00e1ky tiskly hlavn\u011b hesla a obr\u00e1zky propaguj\u00edc\u00ed spo\u0159ivost, sb\u011br odpadov\u00fdch materi\u00e1l\u016f, sb\u011br l\u00e9\u010div\u00fdch rostlin. V 80. letech 20. stolet\u00ed se vyr\u00e1b\u011bly pij\u00e1ky bez potisku, jednobarevn\u00e9, v\u011bt\u0161inou r\u016f\u017eov\u00e9, v 90. l\u00e9tech sv\u011btle \u0161ed\u00e9. Na po\u010d\u00e1tku 21. stolet\u00ed klasick\u00e9 sav\u00e9 pap\u00edry ze \u0161koln\u00edch se\u0161it\u016f zmizely.<\/p>\n<p>&nbsp;<\/p>\n<p>&nbsp;<\/p>\n<p><strong>Zdroj:<\/strong> K zlo\u0159\u00e1d\u016fm v obchod\u011b se \u0161koln\u00edmi se\u0161ity a pom\u016fckami, N\u00e1rodn\u00ed politika 24, 1906, 12. 9. 1906, \u010d. 251, s. 2; Tamt\u00e9\u017e, 13. 9. 1906, \u010d. 252 Velvarsk\u00e1 Bude\u010d, Beseda u\u010ditelsk\u00e1 9, 1877, 28. 8. 1877, \u010d. 26, s. 333. Srov. U\u010debn\u00e9 se\u0161ity psac\u00ed a kreslic\u00ed, Beseda u\u010ditelsk\u00e1 9, 1877, 12. 4. 1877, \u010d. 15, s. 184\u2013185 Se\u0161itov\u00e1 hore\u010dka ve \u0161kol\u00e1ch, N\u00e1rodn\u00ed listy 35, 1895, 13. 2. 1895 \u010cesk\u00fdm d\u011btem \u010desk\u00e9 pot\u0159eby \u0161koln\u00ed, N\u00e1rodn\u00ed listy 26, 1886, 15. 7. 1886, \u010d. 194, s. 2. [Josef KLIKA], Ministerstvo vyu\u010dov\u00e1n\u00ed pro \u0161koln\u00ed se\u0161ity, N\u00e1rodn\u00ed listy 44, 1904, 4. 9. 1904, \u010d. 244, s. 13. Je\u0161t\u011b v roce 1878 upozor\u0148oval \u010dl\u00e1nek v pedagogick\u00e9m \u010dasopise, aby si d\u011bti kupovaly linkovan\u00e9 se\u0161ity nebo pap\u00edr, Se\u0161itov\u00e1 hore\u010dka ve \u0161kol\u00e1ch, N\u00e1rodn\u00ed listy 35, 1895, 13. 2. 1895,<\/p>\n<p><strong>P\u0159ipravuje: Miroslav K\u016eS ANDRES<\/strong><\/p>\n<p><strong>Foto: archiv autora<\/strong><\/p>\n<hr \/>\n<p>&nbsp;<\/p>\n","protected":false},"excerpt":{"rendered":"<p>&nbsp; Nep\u00ed\u0161e <\/p>\n","protected":false},"author":2,"featured_media":355139,"comment_status":"open","ping_status":"open","sticky":false,"template":"","format":"gallery","meta":{"footnotes":""},"categories":[74],"tags":[],"jetpack_featured_media_url":"https:\/\/zakrasnejsivimperk.cz\/wp-content\/uploads\/2025\/08\/28\/ram-pocatky-sesitu.jpg","_links":{"self":[{"href":"https:\/\/zakrasnejsivimperk.cz\/index.php?rest_route=\/wp\/v2\/posts\/286283"}],"collection":[{"href":"https:\/\/zakrasnejsivimperk.cz\/index.php?rest_route=\/wp\/v2\/posts"}],"about":[{"href":"https:\/\/zakrasnejsivimperk.cz\/index.php?rest_route=\/wp\/v2\/types\/post"}],"author":[{"embeddable":true,"href":"https:\/\/zakrasnejsivimperk.cz\/index.php?rest_route=\/wp\/v2\/users\/2"}],"replies":[{"embeddable":true,"href":"https:\/\/zakrasnejsivimperk.cz\/index.php?rest_route=%2Fwp%2Fv2%2Fcomments&post=286283"}],"version-history":[{"count":3,"href":"https:\/\/zakrasnejsivimperk.cz\/index.php?rest_route=\/wp\/v2\/posts\/286283\/revisions"}],"predecessor-version":[{"id":355138,"href":"https:\/\/zakrasnejsivimperk.cz\/index.php?rest_route=\/wp\/v2\/posts\/286283\/revisions\/355138"}],"wp:featuredmedia":[{"embeddable":true,"href":"https:\/\/zakrasnejsivimperk.cz\/index.php?rest_route=\/wp\/v2\/media\/355139"}],"wp:attachment":[{"href":"https:\/\/zakrasnejsivimperk.cz\/index.php?rest_route=%2Fwp%2Fv2%2Fmedia&parent=286283"}],"wp:term":[{"taxonomy":"category","embeddable":true,"href":"https:\/\/zakrasnejsivimperk.cz\/index.php?rest_route=%2Fwp%2Fv2%2Fcategories&post=286283"},{"taxonomy":"post_tag","embeddable":true,"href":"https:\/\/zakrasnejsivimperk.cz\/index.php?rest_route=%2Fwp%2Fv2%2Ftags&post=286283"}],"curies":[{"name":"wp","href":"https:\/\/api.w.org\/{rel}","templated":true}]}}