{"id":286113,"date":"2025-09-01T20:47:12","date_gmt":"2025-09-01T19:47:12","guid":{"rendered":"https:\/\/zakrasnejsivimperk.cz\/?p=286113"},"modified":"2025-09-01T20:47:12","modified_gmt":"2025-09-01T19:47:12","slug":"z-archivu-a-kronik-skolni-slabikar","status":"publish","type":"post","link":"https:\/\/zakrasnejsivimperk.cz\/?p=286113","title":{"rendered":"Z ARCHIV\u016e A KRONIK: \u0160koln\u00ed slabik\u00e1\u0159"},"content":{"rendered":"<p><img loading=\"lazy\" decoding=\"async\" class=\"aligncenter wp-image-286114 size-full\" src=\"https:\/\/zakrasnejsivimperk.cz\/wp-content\/uploads\/2023\/09\/03\/O-SKOLNIM-SLABIKARI.jpg\" alt=\"\" width=\"1281\" height=\"2048\" srcset=\"https:\/\/zakrasnejsivimperk.cz\/wp-content\/uploads\/2023\/09\/03\/O-SKOLNIM-SLABIKARI.jpg 1281w, https:\/\/zakrasnejsivimperk.cz\/wp-content\/uploads\/2023\/09\/03\/O-SKOLNIM-SLABIKARI-188x300.jpg 188w, https:\/\/zakrasnejsivimperk.cz\/wp-content\/uploads\/2023\/09\/03\/O-SKOLNIM-SLABIKARI-641x1024.jpg 641w, https:\/\/zakrasnejsivimperk.cz\/wp-content\/uploads\/2023\/09\/03\/O-SKOLNIM-SLABIKARI-768x1228.jpg 768w, https:\/\/zakrasnejsivimperk.cz\/wp-content\/uploads\/2023\/09\/03\/O-SKOLNIM-SLABIKARI-961x1536.jpg 961w, https:\/\/zakrasnejsivimperk.cz\/wp-content\/uploads\/2023\/09\/03\/O-SKOLNIM-SLABIKARI-223x357.jpg 223w, https:\/\/zakrasnejsivimperk.cz\/wp-content\/uploads\/2023\/09\/03\/O-SKOLNIM-SLABIKARI-302x483.jpg 302w\" sizes=\"(max-width: 1281px) 100vw, 1281px\" \/><\/p>\n<h6><em>Kl\u00ed\u010d k br\u00e1n\u011b tohoto vypr\u00e1v\u011bn\u00ed se dosud neporu\u0161en\u00fd leskne v pr\u016fzra\u010dn\u00e9 stud\u00e1nce hodn\u011b ran\u00e9ho d\u011btstv\u00ed, n\u011bkde pod ohmatan\u00fdmi listy star\u00e9ho Al\u0161ova slabik\u00e1\u0159e, po nich\u017e bloudily umoun\u011bn\u00e9 klukovsk\u00e9 prsty za udiven\u00fdma o\u010dima jako po tajemn\u00e9 map\u011b, a tenkr\u00e1t ani zdaleka netu\u0161ily, \u017ee je to vlastn\u011b prvn\u00ed vzru\u0161uj\u00edc\u00ed v\u00fdprava do sv\u011bta poesie. Pokus\u00edm se nahl\u00e9dnout za clonu minul\u00e9ho \u010dasu a nahmatati tam citliv\u011b nesm\u011bl\u00fd tep, kter\u00fdm se ohl\u00e1sila prvn\u00ed vlna vzru\u0161en\u00ed z ti\u0161t\u011bn\u00e9ho slova.<\/em> (Ladislav Stehl\u00edk)<\/h6>\n<p>M\u00e1ma m\u00e1 Emu. Ema m\u00e1 maso. M\u00e1ma mele maso. Legend\u00e1rn\u00ed v\u011bty z \u010desk\u00fdch slabik\u00e1\u0159\u016f rozehraj\u00ed \u00fasm\u011bv na tv\u00e1\u0159i ka\u017ed\u00e9ho dosp\u011bl\u00e9ho. Probouzej\u00ed vzpom\u00ednky na d\u011btstv\u00ed a prvn\u00ed \u0161koln\u00ed knihu, kterou v t\u011bchto dnech budou listovat dal\u0161\u00ed \u010de\u0161t\u00ed prv\u0148\u00e1\u010dci. I oni se sezn\u00e1m\u00ed s Emou a m\u00e1mou. Ka\u017ed\u00fd si jist\u011b vzpomene na ten sv\u016fj slabik\u00e1\u0159. Na prvn\u00ed kn\u00ed\u017eku, kter\u00e1 je skute\u010dn\u011b ofici\u00e1ln\u011b moje a mohu v n\u00ed nejist\u011b skl\u00e1dat nic ne\u0159\u00edkaj\u00edc\u00ed kostrbat\u00e1 p\u00edsmena do hla\u010founk\u00fdch slov pln\u00fdch v\u00fdznam\u016f, se nikdy nezapom\u00edn\u00e1.<\/p>\n<p>Slabik\u00e1\u0159 by se m\u011bl zcela ur\u010dit\u011b ps\u00e1t s velk\u00fdm S. Jist\u011b stejn\u011b hluboko v srdci nos\u00edte ten sv\u016fj. Pom\u016f\u017ee k n\u00e1vratu do d\u011btstv\u00ed, p\u0159ipomene d\u011bde\u010dka, jen\u017e n\u00e1s houpal na kolenou, jin\u00ed vzpomenou na milou sle\u010dnu u\u010ditelku, dal\u0161\u00ed zase na lump\u00e1rny, kter\u00e9 prov\u00e1d\u011bli s kamar\u00e1dy. N\u00e1vrat do bezstarostn\u00e9ho d\u011btstv\u00ed pln\u00e9ho nad\u011bj\u00ed je obrovsk\u00fd d\u00e1rek nevy\u010d\u00edsliteln\u00e9 hodnoty, mnohdy prov\u00e1zen\u00fd slzi\u010dkami.<\/p>\n<p>Jestli\u017ee se o Bibli hovo\u0159\u00ed jako o nej\u010dten\u011bj\u0161\u00ed knize v historii, slabik\u00e1\u0159 ve sv\u00fdch mnoha obdob\u00e1ch j\u00ed m\u016f\u017ee sm\u011ble konkurovat, sp\u00ed\u0161 ji je\u0161t\u011b p\u0159ed\u010d\u00ed. Za\u010d\u00edn\u00e1 \u0161koln\u00ed rok a prvn\u00ed u\u010debnic\u00ed, kterou mnoz\u00ed prv\u0148\u00e1\u010dci otev\u0159ou, bude slabik\u00e1\u0159. \u010cten\u00edm za\u010d\u00edn\u00e1 cesta ke vzd\u011bl\u00e1n\u00ed a otev\u00edr\u00e1 br\u00e1nu pozn\u00e1n\u00ed. Jedn\u00edm ze symbol\u016f \u0161koln\u00ed doch\u00e1zky je u\u017e po l\u00e9ta slabik\u00e1\u0159. Tato z\u00e1kladn\u00ed u\u010debnice zaznamenala v pr\u016fb\u011bhu stolet\u00ed mnoho prom\u011bn. V \u010desk\u00fdch zem\u00edch tyto u\u010debnice vych\u00e1zej\u00ed u\u017e od rozmachu knihtisku.<\/p>\n<p>Prvn\u00ed \u010desk\u00fd slabik\u00e1\u0159 se zrodil v Prost\u011bjov\u011b v roce 1547 v tisk\u00e1rn\u011b Jana G\u00fcnthera. Kn\u00ed\u017ee\u010dka o dvan\u00e1cti listech se dv\u011bma d\u0159evoryty: Bohorodi\u010dky a Je\u017e\u00ed\u0161ova k\u00e1z\u00e1n\u00ed shrom\u00e1\u017ed\u011bn\u00fdm z\u00e1stup\u016fm m\u011bla n\u00e1zev: \u201eSlabik\u00e1\u0159 \u010desk\u00fd a jin\u00fdch n\u00e1bo\u017eenstv\u00ed po\u010d\u00e1tkov\u00e9: kter\u00fdm\u017eto v\u011bcem d\u00edtky k\u0159es\u0165ansk\u00e9 hned z mladosti u\u010deny b\u00fdti maj\u00ed. Prost\u011bjov 1547.\u201c Na konci textu byl dodatek: \u201eV Prost\u011bjov\u011b skrze Jana G\u00fcnthera.\u201c U zrodu slabik\u00e1\u0159e byli p\u0159\u00edslu\u0161n\u00edci jednoty bratrsk\u00e9, p\u0159edev\u0161\u00edm kolem u\u010dence a pozd\u011bj\u0161\u00edho biskupa jednoty Jana Blahoslava. \u0160lo toti\u017e o trojjazy\u010dn\u00fd slabik\u00e1\u0159.<\/p>\n<p>\u010ce\u0161tina v t\u00e9 dob\u011b je\u0161t\u011b nebyla \u00fapln\u011b ust\u00e1len\u00e1. Byly tam r\u016fzn\u00e9 varianty, kter\u00e9 lze popsat. Na\u0161li byste tam varianty se sp\u0159e\u017ekami i s h\u00e1\u010dky. Latina a \u010de\u0161tina se v t\u00e9 dob\u011b li\u0161ily i graficky. \u010ce\u0161tina se psala je\u0161t\u011b novogotick\u00fdm p\u00edsmem, tedy \u0161vabachem a pak frakturou. Zat\u00edmco latina se psala antikvou, kter\u00e1 u\u017e p\u0159ipom\u00ednala dne\u0161n\u00ed p\u00edsmo. Pades\u00e1tistr\u00e1nkov\u00fd slabik\u00e1\u0159 obsahoval i chvalozp\u011bvy na Pannu Marii, seznamy apo\u0161tol\u016f, modlitby a dal\u0161\u00ed k\u0159es\u0165ansk\u00e9 texty podobn\u011b jako jin\u00e9 dobov\u00e9 slabik\u00e1\u0159e.<\/p>\n<p>N\u00e1bo\u017eensk\u00fd obsah \u010desk\u00fdch slabik\u00e1\u0159\u016f se vytratil v r\u00e1mci terezi\u00e1nsk\u00fdch reforem. Dal\u0161\u00edm slabik\u00e1\u0159em na \u010desk\u00e9m \u00fazem\u00ed byla metodick\u00e1 p\u0159\u00edru\u010dka k n\u00e1cviku \u010dten\u00ed pod n\u00e1zvem Husova abeceda. Jak n\u00e1zev vypov\u00edd\u00e1, jej\u00edm autorem byl Jan Hus, a vznik t\u00e9to p\u0159\u00edru\u010dky je datov\u00e1n do obdob\u00ed 15. stolet\u00ed.<\/p>\n<p>Slabik\u00e1\u0159 slou\u017eil pro n\u00e1cvik \u010dten\u00ed vy\u0161\u0161\u00edch vrstev i prost\u00e9ho lidu. V\u0161echny tyto slabik\u00e1\u0159e vyu\u017e\u00edvaly slabikovou metodu, \u010dten\u00ed podle nich bylo ale dost obt\u00ed\u017en\u00e9. Pozd\u011bj\u0161\u00ed hl\u00e1skov\u00e1 metoda od pojmenov\u00e1n\u00ed hl\u00e1sek upustila a d\u011bti za\u010d\u00ednaly \u010d\u00edst p\u00edsmena hned tak, jak se vyslovuj\u00ed. Tuto metodu rozpracoval ve sv\u00e9 Velk\u00e9 didaktice u\u017e Jan \u00c1mos Komensk\u00fd. Ve spisu Schola ludus vytvo\u0159il nav\u00edc \u017divou abecedu (u ka\u017ed\u00e9ho p\u00edsmene je obr\u00e1zek zv\u00ed\u0159ete, jeho\u017e hlas se podob\u00e1 zvuku p\u00edsmena).<\/p>\n<p>Za Rakouska byly nejd\u0159\u00edve tzv. knihy ke \u010dten\u00ed. Pozd\u011bji byl velice proslul\u00fd slabik\u00e1\u0159 p\u00e1n\u016f Frumara a Jursy, kter\u00fd se do\u010dkal asi 20 vyd\u00e1n\u00ed. Za prvn\u00ed republiky bylo sice nutn\u00e9 z\u00edskat schvalovac\u00ed dolo\u017eku, co\u017e funguje i dneska, ale u\u017e za\u010dal b\u00fdt velk\u00fd v\u00fdb\u011br slabik\u00e1\u0159\u016f. Takov\u00e9 nejzn\u00e1m\u011bj\u0161\u00ed byly nap\u0159. Ko\u017e\u00ed\u0161kovy Poupata nebo slabik\u00e1\u0159 U n\u00e1s, U n\u00e1s doma, U n\u00e1s ve m\u011bst\u011b, t\u011bch slabik\u00e1\u0159\u016f byla opravdu cel\u00e1 \u0159ada. Vyu\u010duj\u00edc\u00ed u\u010dili \u017e\u00e1ky 4\u20136 slov denn\u011b a \u010dasto nar\u00e1\u017eeli na probl\u00e9m s pam\u011bt\u00ed \u017e\u00e1k\u016f. V prvn\u00edm roce se \u017e\u00e1ci nau\u010dili 700\u2013800 nov\u00fdch slov, p\u0159i\u010dem\u017e byl po\u010det v\u00fdrazn\u011b ovlivn\u011bn zdravotn\u00edm i psychick\u00fdm stavem \u017eactva a po\u010dtem \u017e\u00e1k\u016f ve t\u0159\u00edd\u011b.\u00a0 D\u011bti se tak postupn\u011b no\u0159\u00ed do p\u0159\u00edb\u011bhu &#8211; za\u010d\u00ednaj\u00ed jm\u00e9ny postav a postupn\u011b putuj\u00ed a\u017e k prvn\u00ed p\u0159\u00edhod\u011b o rodinn\u00e9m v\u00fdletu. Zpest\u0159en\u00edm jsou b\u00e1sni\u010dky na jednotliv\u00e9 hl\u00e1sky, v t\u00e9to f\u00e1zi v\u0161ak s p\u0159\u00edb\u011bhem souvisej\u00ed jen voln\u011b a vytv\u00e1\u0159ej\u00ed vlastn\u00ed fantazijn\u00ed sv\u011bt.<\/p>\n<p>Teprve po\u010d\u00e1tkem 70. let se za\u010dalo \u010desk\u00e9 vzd\u011bl\u00e1v\u00e1n\u00ed postupn\u011b odpout\u00e1vat od v\u00fdchodn\u00edch vzor\u016f a slabik\u00e1\u0159e dost\u00e1valy op\u011bt \u010desk\u00fd r\u00e1z. Roku 1973 vy\u0161el nap\u0159\u00edklad slabik\u00e1\u0159 od Jarmily H\u0159ebejkov\u00e9 a Ireny Fabi\u00e1nov\u00e9, kter\u00fd obsahuje prvn\u00ed klasick\u00e9 v\u011bty o m\u00e1m\u011b, t\u00e1tovi a Em\u011b (ta zde j\u00e1s\u00e1 nebo l\u00e1me). Roku 1983 ho pak nahradil z\u0159ejm\u011b nejzn\u00e1m\u011bj\u0161\u00ed socialistick\u00fd slabik\u00e1\u0159 s kresbami Oty Jane\u010dka. V n\u011bm u\u017e M\u00edla mele (nezn\u00e1mo co), my m\u00e1me maso a m\u00e1ma m\u00e1 m\u00edsu. Ema sol\u00ed. Po revoluci v roce 1989 se trh s u\u010debnicemi otev\u0159el \u00fapln\u011b. Toho vyu\u017eil jako prvn\u00ed Ji\u0159\u00ed \u017d\u00e1\u010dek, kter\u00fd roku 1990 vytvo\u0159il Slabik\u00e1\u0159 s ilustracemi Heleny Zmatl\u00edkov\u00e9. M\u00e1ma v n\u011bm u\u017e nem\u00e1 m\u00edsu, ale sed\u00ed u po\u010d\u00edta\u010de a pot\u00e9 cvi\u010d\u00ed, zat\u00edmco t\u00e1ta prost\u00edr\u00e1 st\u016fl.<\/p>\n<p>&nbsp;<\/p>\n<p><strong>Zdroj:<\/strong> WAGNEROV\u00c1, Jarmila, 2000. V\u00fdvoj \u010desk\u00e9ho slabik\u00e1\u0159e od nejstar\u0161\u00edch dob do<br \/>\nsou\u010dasnosti. 2. vyd., upr. a dopl. Plze\u0148: Z\u00e1pado\u010desk\u00e1 univerzita. Zem\u011b zamy\u0161len\u00e1 Ladislav Stehl\u00edk<\/p>\n<p><strong>P\u0159ipravuje: Miroslav K\u016eS ANDRES<\/strong><\/p>\n<p><strong>Foto: archiv autora<\/strong><\/p>\n<hr \/>\n<p>&nbsp;<\/p>\n","protected":false},"excerpt":{"rendered":"<p>Kl\u00ed\u010d k <\/p>\n","protected":false},"author":2,"featured_media":355137,"comment_status":"open","ping_status":"open","sticky":false,"template":"","format":"gallery","meta":{"footnotes":""},"categories":[74],"tags":[],"jetpack_featured_media_url":"https:\/\/zakrasnejsivimperk.cz\/wp-content\/uploads\/2025\/08\/28\/ram-slabikar.jpg","_links":{"self":[{"href":"https:\/\/zakrasnejsivimperk.cz\/index.php?rest_route=\/wp\/v2\/posts\/286113"}],"collection":[{"href":"https:\/\/zakrasnejsivimperk.cz\/index.php?rest_route=\/wp\/v2\/posts"}],"about":[{"href":"https:\/\/zakrasnejsivimperk.cz\/index.php?rest_route=\/wp\/v2\/types\/post"}],"author":[{"embeddable":true,"href":"https:\/\/zakrasnejsivimperk.cz\/index.php?rest_route=\/wp\/v2\/users\/2"}],"replies":[{"embeddable":true,"href":"https:\/\/zakrasnejsivimperk.cz\/index.php?rest_route=%2Fwp%2Fv2%2Fcomments&post=286113"}],"version-history":[{"count":4,"href":"https:\/\/zakrasnejsivimperk.cz\/index.php?rest_route=\/wp\/v2\/posts\/286113\/revisions"}],"predecessor-version":[{"id":355407,"href":"https:\/\/zakrasnejsivimperk.cz\/index.php?rest_route=\/wp\/v2\/posts\/286113\/revisions\/355407"}],"wp:featuredmedia":[{"embeddable":true,"href":"https:\/\/zakrasnejsivimperk.cz\/index.php?rest_route=\/wp\/v2\/media\/355137"}],"wp:attachment":[{"href":"https:\/\/zakrasnejsivimperk.cz\/index.php?rest_route=%2Fwp%2Fv2%2Fmedia&parent=286113"}],"wp:term":[{"taxonomy":"category","embeddable":true,"href":"https:\/\/zakrasnejsivimperk.cz\/index.php?rest_route=%2Fwp%2Fv2%2Fcategories&post=286113"},{"taxonomy":"post_tag","embeddable":true,"href":"https:\/\/zakrasnejsivimperk.cz\/index.php?rest_route=%2Fwp%2Fv2%2Ftags&post=286113"}],"curies":[{"name":"wp","href":"https:\/\/api.w.org\/{rel}","templated":true}]}}