{"id":285879,"date":"2023-08-31T13:17:05","date_gmt":"2023-08-31T12:17:05","guid":{"rendered":"https:\/\/zakrasnejsivimperk.cz\/?p=285879"},"modified":"2023-09-01T12:20:20","modified_gmt":"2023-09-01T11:20:20","slug":"nase-mesto-vimperk-flop-stary-do-kdy-novy-od-kdy","status":"publish","type":"post","link":"https:\/\/zakrasnejsivimperk.cz\/?p=285879","title":{"rendered":"NA\u0160E M\u011aSTO VIMPERK: Flop &#8211; star\u00fd do kdy \/ nov\u00fd od kdy?"},"content":{"rendered":"<p><img loading=\"lazy\" decoding=\"async\" class=\"aligncenter wp-image-281639 size-full\" src=\"https:\/\/zakrasnejsivimperk.cz\/wp-content\/uploads\/2023\/06\/22\/flop-1.jpg\" alt=\"\" width=\"1100\" height=\"537\" srcset=\"https:\/\/zakrasnejsivimperk.cz\/wp-content\/uploads\/2023\/06\/22\/flop-1.jpg 1100w, https:\/\/zakrasnejsivimperk.cz\/wp-content\/uploads\/2023\/06\/22\/flop-1-300x146.jpg 300w, https:\/\/zakrasnejsivimperk.cz\/wp-content\/uploads\/2023\/06\/22\/flop-1-1024x500.jpg 1024w, https:\/\/zakrasnejsivimperk.cz\/wp-content\/uploads\/2023\/06\/22\/flop-1-768x375.jpg 768w, https:\/\/zakrasnejsivimperk.cz\/wp-content\/uploads\/2023\/06\/22\/flop-1-326x159.jpg 326w, https:\/\/zakrasnejsivimperk.cz\/wp-content\/uploads\/2023\/06\/22\/flop-1-731x357.jpg 731w, https:\/\/zakrasnejsivimperk.cz\/wp-content\/uploads\/2023\/06\/22\/flop-1-989x483.jpg 989w\" sizes=\"(max-width: 1100px) 100vw, 1100px\" \/><\/p>\n<p>&nbsp;<\/p>\n<h6>Kdy skon\u010d\u00ed na sou\u010dasn\u00e9 adrese na n\u00e1ro\u017e\u00ed ulic Kapl\u00ed\u0159ova a Ro\u017embersk\u00e1 ve Vimperku sv\u00e9 dlouholet\u00e9 p\u016fsoben\u00ed potravin\u00e1\u0159sk\u00e1 samoobsluha pat\u0159\u00edc\u00ed v posledn\u00edch letech t\u00e1borsk\u00e9 spole\u010dnosti Flosman, kter\u00e1 provozuje \u010desk\u00fd \u0159et\u011bzec potravin\u00e1\u0159sk\u00fdch prodejen Flop, a kdy za\u010dne pod stejnou zna\u010dkou nab\u00edzet sv\u00e9 zbo\u017e\u00ed z\u00e1kazn\u00edk\u016fm v nov\u00e9m prost\u0159ed\u00ed ve \u010dtvrti Karla Weise v t\u011bsn\u00e9m sousedstv\u00ed ned\u00e1vno otev\u0159en\u00e9 prodejny Pepco?<\/h6>\n<h6>Jak jsme sl\u00edbili koncem \u010dervna, p\u0159in\u00e1\u0161\u00edme dnes konkr\u00e9tn\u011bj\u0161\u00ed informace. Poskytla n\u00e1m je Martina Svobodov\u00e1, marketingov\u00e1 specialistka spole\u010dnosti Flosman:<\/h6>\n<h4><em>&#8220;Otev\u0159en\u00ed nov\u00e9 prodejny pl\u00e1nujeme v \u0159\u00edjnu a\u017e listopadu, p\u0159esn\u00fd term\u00edn zat\u00edm v\u016fbec nev\u00edm. St\u00e1vaj\u00edc\u00ed prodejnu Flop Top uzav\u00edr\u00e1me 31. \u0159\u00edjna a m\u00edsto n\u00ed bude jin\u00fd n\u00e1jemce.&#8221;<\/em><\/h4>\n<p>&nbsp;<\/p>\n<p><strong>(red) \u2013 Za kr\u00e1sn\u011bj\u0161\u00ed Vimperk<\/strong><\/p>\n<hr \/>\n<p>&nbsp;<\/p>\n<p>&nbsp;<\/p>\n","protected":false},"excerpt":{"rendered":"<p>&nbsp; Kdy <\/p>\n","protected":false},"author":2,"featured_media":285880,"comment_status":"open","ping_status":"open","sticky":false,"template":"","format":"gallery","meta":{"footnotes":""},"categories":[107,108],"tags":[],"jetpack_featured_media_url":"https:\/\/zakrasnejsivimperk.cz\/wp-content\/uploads\/2023\/08\/30\/ram-flop-1.jpg","_links":{"self":[{"href":"https:\/\/zakrasnejsivimperk.cz\/index.php?rest_route=\/wp\/v2\/posts\/285879"}],"collection":[{"href":"https:\/\/zakrasnejsivimperk.cz\/index.php?rest_route=\/wp\/v2\/posts"}],"about":[{"href":"https:\/\/zakrasnejsivimperk.cz\/index.php?rest_route=\/wp\/v2\/types\/post"}],"author":[{"embeddable":true,"href":"https:\/\/zakrasnejsivimperk.cz\/index.php?rest_route=\/wp\/v2\/users\/2"}],"replies":[{"embeddable":true,"href":"https:\/\/zakrasnejsivimperk.cz\/index.php?rest_route=%2Fwp%2Fv2%2Fcomments&post=285879"}],"version-history":[{"count":4,"href":"https:\/\/zakrasnejsivimperk.cz\/index.php?rest_route=\/wp\/v2\/posts\/285879\/revisions"}],"predecessor-version":[{"id":285984,"href":"https:\/\/zakrasnejsivimperk.cz\/index.php?rest_route=\/wp\/v2\/posts\/285879\/revisions\/285984"}],"wp:featuredmedia":[{"embeddable":true,"href":"https:\/\/zakrasnejsivimperk.cz\/index.php?rest_route=\/wp\/v2\/media\/285880"}],"wp:attachment":[{"href":"https:\/\/zakrasnejsivimperk.cz\/index.php?rest_route=%2Fwp%2Fv2%2Fmedia&parent=285879"}],"wp:term":[{"taxonomy":"category","embeddable":true,"href":"https:\/\/zakrasnejsivimperk.cz\/index.php?rest_route=%2Fwp%2Fv2%2Fcategories&post=285879"},{"taxonomy":"post_tag","embeddable":true,"href":"https:\/\/zakrasnejsivimperk.cz\/index.php?rest_route=%2Fwp%2Fv2%2Ftags&post=285879"}],"curies":[{"name":"wp","href":"https:\/\/api.w.org\/{rel}","templated":true}]}}