{"id":28551,"date":"2015-08-17T15:45:01","date_gmt":"2015-08-17T14:45:01","guid":{"rendered":"http:\/\/zakrasnejsivimperk.cz\/?p=28551"},"modified":"2015-08-17T18:48:34","modified_gmt":"2015-08-17T17:48:34","slug":"policie-cr-silici-migracni-vlna-meni-sve-trendy-pribyvaji-velke-skupiny-a-zeny-s-detmi","status":"publish","type":"post","link":"https:\/\/zakrasnejsivimperk.cz\/?p=28551","title":{"rendered":"POLICIE \u010cR: S\u00edl\u00edc\u00ed migra\u010dn\u00ed vlna m\u011bn\u00ed sv\u00e9 trendy, p\u0159ib\u00fdvaj\u00ed velk\u00e9 skupiny a \u017eeny s d\u011btmi"},"content":{"rendered":"<div style=\"text-align: justify;\"><strong>Od p\u00e1tku 14. srpna do pond\u011bln\u00edho r\u00e1na 17. srpna zjistila cizineck\u00e1 policie v\u00a0r\u00e1mci cel\u00e9ho \u00fazem\u00ed \u010cesk\u00e9 republiky dal\u0161\u00edch 152 p\u0159\u00edpad\u016f neleg\u00e1ln\u00edch migrant\u016f. Pouze za v\u010derej\u0161\u00ed den a noc bylo zaji\u0161t\u011bno 80 b\u011b\u017eenc\u016f. <\/strong><\/div>\n<div><\/div>\n<div><\/div>\n<div style=\"text-align: justify;\">Od za\u010d\u00e1tku opat\u0159en\u00ed vyhl\u00e1\u0161en\u00fdch ministrem vnitra Milanem Chovancem dne 17. \u010dervna 2015 se po\u010det zaji\u0161t\u011bn\u00fdch b\u011b\u017eenc\u016f vy\u0161plhal na 1 519. Za uplynul\u00fd t\u00fdden jich policist\u00e9 odhalili 314, denn\u00ed pr\u016fm\u011br se tak op\u011bt zvy\u0161uje na 44 migrant\u016f.<\/div>\n<div style=\"text-align: justify;\"><\/div>\n<div style=\"text-align: justify;\">Policie zaznamen\u00e1v\u00e1 v\u00a0posledn\u00edch dnech dv\u011b z\u00e1sadn\u00ed zm\u011bny trendu tranzitn\u00ed neleg\u00e1ln\u00ed migrace. Prvn\u00ed je cestov\u00e1n\u00ed po\u010detn\u00fdch skupin cizinc\u016f, u\u017e nen\u00ed v\u00fdjimkou z\u00e1chyt t\u0159iceti a\u017e pades\u00e1ti \u010dlenn\u00fdch skupin b\u011b\u017eenc\u016f.<\/div>\n<div><\/div>\n<div style=\"text-align: justify;\">Oproti minulosti jde jednozna\u010dn\u011b o velkou zm\u011bnu, kdy b\u011b\u017en\u011b cestovaly mal\u00e9, p\u011bti a\u017e osmi \u010dlenn\u00e9 skupiny. Dal\u0161\u00ed zm\u011bnou je slo\u017een\u00ed t\u011bchto skupin. Zat\u00edmco na za\u010d\u00e1tku opat\u0159en\u00ed migrovali p\u0159es na\u0161e \u00fazem\u00ed t\u00e9m\u011b\u0159 v\u00fdhradn\u011b mu\u017ei, dnes jsou b\u011b\u017enou sou\u010d\u00e1st\u00ed skupin b\u011b\u017eenc\u016f \u017eeny a velk\u00fd po\u010det d\u011bt\u00ed.<\/div>\n<div><\/div>\n<div style=\"text-align: justify;\">Pouze za uplynul\u00fd v\u00edkend bylo ze 152 zaji\u0161t\u011bn\u00fdch cizinc\u016f 22 \u017een a 40 d\u011bt\u00ed.\u00a0V\u00a0Ji\u017en\u00edch \u010cech\u00e1ch se dokonce n\u011bkolikr\u00e1t objevily p\u0159\u00edpady samotn\u00fdch cestuj\u00edc\u00edch \u017een s\u00a0d\u011btmi, bez mu\u017e\u016f, co\u017e je i s\u00a0ohledem na jejich n\u00e1bo\u017eensk\u00e9 vyzn\u00e1n\u00ed nezvykl\u00e9.<\/div>\n<div><\/div>\n<div><strong>POLICIE \u010cR<\/strong><\/div>\n<div><\/div>\n<div><\/div>\n<div><\/div>\n<div><\/div>\n","protected":false},"excerpt":{"rendered":"<p>Od p\u00e1tku <\/p>\n","protected":false},"author":2,"featured_media":9792,"comment_status":"open","ping_status":"open","sticky":false,"template":"","format":"standard","meta":{"footnotes":""},"categories":[7],"tags":[],"jetpack_featured_media_url":"https:\/\/zakrasnejsivimperk.cz\/wp-content\/uploads\/2015\/02\/policie-2.jpg","_links":{"self":[{"href":"https:\/\/zakrasnejsivimperk.cz\/index.php?rest_route=\/wp\/v2\/posts\/28551"}],"collection":[{"href":"https:\/\/zakrasnejsivimperk.cz\/index.php?rest_route=\/wp\/v2\/posts"}],"about":[{"href":"https:\/\/zakrasnejsivimperk.cz\/index.php?rest_route=\/wp\/v2\/types\/post"}],"author":[{"embeddable":true,"href":"https:\/\/zakrasnejsivimperk.cz\/index.php?rest_route=\/wp\/v2\/users\/2"}],"replies":[{"embeddable":true,"href":"https:\/\/zakrasnejsivimperk.cz\/index.php?rest_route=%2Fwp%2Fv2%2Fcomments&post=28551"}],"version-history":[{"count":5,"href":"https:\/\/zakrasnejsivimperk.cz\/index.php?rest_route=\/wp\/v2\/posts\/28551\/revisions"}],"predecessor-version":[{"id":28556,"href":"https:\/\/zakrasnejsivimperk.cz\/index.php?rest_route=\/wp\/v2\/posts\/28551\/revisions\/28556"}],"wp:featuredmedia":[{"embeddable":true,"href":"https:\/\/zakrasnejsivimperk.cz\/index.php?rest_route=\/wp\/v2\/media\/9792"}],"wp:attachment":[{"href":"https:\/\/zakrasnejsivimperk.cz\/index.php?rest_route=%2Fwp%2Fv2%2Fmedia&parent=28551"}],"wp:term":[{"taxonomy":"category","embeddable":true,"href":"https:\/\/zakrasnejsivimperk.cz\/index.php?rest_route=%2Fwp%2Fv2%2Fcategories&post=28551"},{"taxonomy":"post_tag","embeddable":true,"href":"https:\/\/zakrasnejsivimperk.cz\/index.php?rest_route=%2Fwp%2Fv2%2Ftags&post=28551"}],"curies":[{"name":"wp","href":"https:\/\/api.w.org\/{rel}","templated":true}]}}