{"id":284778,"date":"2023-08-14T10:40:07","date_gmt":"2023-08-14T09:40:07","guid":{"rendered":"https:\/\/zakrasnejsivimperk.cz\/?p=284778"},"modified":"2023-08-14T10:43:17","modified_gmt":"2023-08-14T09:43:17","slug":"policie-cr-tretina-z-kontrolovanych-ridicu-porusilo-rychlostni-limit","status":"publish","type":"post","link":"https:\/\/zakrasnejsivimperk.cz\/?p=284778","title":{"rendered":"POLICIE \u010cR: T\u0159etina z kontrolovan\u00fdch \u0159idi\u010d\u016f poru\u0161ila rychlostn\u00ed limit"},"content":{"rendered":"<p><img loading=\"lazy\" decoding=\"async\" class=\"aligncenter wp-image-904 size-full\" src=\"https:\/\/zakrasnejsivimperk.cz\/wp-content\/uploads\/2014\/11\/policie-cr-3.jpg\" alt=\"\" width=\"600\" height=\"338\" srcset=\"https:\/\/zakrasnejsivimperk.cz\/wp-content\/uploads\/2014\/11\/policie-cr-3.jpg 600w, https:\/\/zakrasnejsivimperk.cz\/wp-content\/uploads\/2014\/11\/policie-cr-3-300x169.jpg 300w\" sizes=\"(max-width: 600px) 100vw, 600px\" \/><\/p>\n<p>&nbsp;<\/p>\n<h6>Jiho\u010de\u0161t\u00ed policist\u00e9 se ve dvou dnech v\u00a0uplynul\u00e9m t\u00fddnu zapojili do celorepublikov\u00e9 dopravn\u011b bezpe\u010dnostn\u00ed akce, pod n\u00e1zvem RYCHLOST v\u00a0r\u00e1mci mezin\u00e1rodn\u00ed spolupr\u00e1ce ROADPOL v\u00a0evropsk\u00fdch st\u00e1tech, k zaji\u0161t\u011bn\u00ed bezpe\u010dnosti a plynulosti v\u00a0silni\u010dn\u00edm provozu s\u00a0c\u00edlem sn\u00ed\u017een\u00ed n\u00e1sledk\u016f dopravn\u00edch nehod v\u00a0d\u016fsledku nedodr\u017eovan\u00ed ustanoven\u00ed z\u00e1kona o nejvy\u0161\u0161\u00ed dovolen\u00e9 j\u00edzdy v\u00a0obc\u00edch a mimo n\u011b.<\/h6>\n<p>V na\u0161em regionu se v\u00edce jak 60 dopravn\u00edch policist\u016f, jejich\u017e slu\u017eebn\u00ed vozidla jsou vybavena m\u011b\u0159\u00edc\u00edm za\u0159\u00edzen\u00edm PolCam, kdy zastavili a zkontrolovali 406 motorov\u00fdch vozidel, kdy zjistili 212 p\u0159estupk\u016f.<\/p>\n<p>&#8211; 149 \u0159idi\u010d\u016f poru\u0161ilo nejvy\u0161\u0161\u00ed povolenou rychlost j\u00edzdy<\/p>\n<p>&#8211; \u00a0u jednoho z\u00a0\u0159idi\u010d\u016f jsme zjistili po\u017eit\u00ed n\u00e1vykov\u00e9 l\u00e1tky<\/p>\n<p>&#8211; 3 \u0159idi\u010di p\u0159i j\u00edzd\u011b telefonovali<\/p>\n<p>&#8211; 9 \u0159idi\u010d\u016f a cestuj\u00edc\u00edch se p\u0159ed j\u00edzdou nepou\u017eili bezpe\u010dnostn\u00ed p\u00e1s<\/p>\n<p>&#8211; u 7 vozidel byl zji\u0161t\u011bn nevyhovuj\u00edc\u00ed technick\u00fd stav<\/p>\n<p>Prvn\u00edho z\u00e1\u0159\u00ed prob\u011bhne i v\u00a0Jiho\u010desk\u00e9m kraji, celorepublikov\u00e1 dopravn\u011b bezpe\u010dnostn\u00ed akce \u201eKonec letn\u00edch pr\u00e1zdnin\u201c. Proto chceme apelovat na v\u0161echny \u0159idi\u010de, vracej\u00edc\u00ed se z\u00a0pr\u00e1zdninov\u00fdch lokalit, aby dbali zv\u00fd\u0161en\u00e9 opatrnosti, neriskovali b\u011bhem j\u00edzdy a stejn\u011b jako p\u0159i odjezdu na dovolenou, si napl\u00e1novali bezpe\u010dnostn\u00ed p\u0159est\u00e1vky a p\u0159edem se informovali o obj\u00edzdn\u00fdch tras\u00e1ch na rekonstrukc\u00edch silnic. T\u00edm se mohou jist\u011b vyvarovat silni\u010dn\u00edm kolon\u00e1m a stresu za volantem.<\/p>\n<p>&nbsp;<\/p>\n<p><strong>POLICIE \u010cR<\/strong><\/p>\n<p><em>(Zve\u0159ejn\u011bno bez redak\u010dn\u00ed \u00fapravy)<\/em><\/p>\n<hr \/>\n<p>&nbsp;<\/p>\n<p>&nbsp;<\/p>\n","protected":false},"excerpt":{"rendered":"<p>&nbsp; Jiho\u010de\u0161t\u00ed <\/p>\n","protected":false},"author":2,"featured_media":904,"comment_status":"open","ping_status":"open","sticky":false,"template":"","format":"gallery","meta":{"footnotes":""},"categories":[79,13],"tags":[],"jetpack_featured_media_url":"https:\/\/zakrasnejsivimperk.cz\/wp-content\/uploads\/2014\/11\/policie-cr-3.jpg","_links":{"self":[{"href":"https:\/\/zakrasnejsivimperk.cz\/index.php?rest_route=\/wp\/v2\/posts\/284778"}],"collection":[{"href":"https:\/\/zakrasnejsivimperk.cz\/index.php?rest_route=\/wp\/v2\/posts"}],"about":[{"href":"https:\/\/zakrasnejsivimperk.cz\/index.php?rest_route=\/wp\/v2\/types\/post"}],"author":[{"embeddable":true,"href":"https:\/\/zakrasnejsivimperk.cz\/index.php?rest_route=\/wp\/v2\/users\/2"}],"replies":[{"embeddable":true,"href":"https:\/\/zakrasnejsivimperk.cz\/index.php?rest_route=%2Fwp%2Fv2%2Fcomments&post=284778"}],"version-history":[{"count":2,"href":"https:\/\/zakrasnejsivimperk.cz\/index.php?rest_route=\/wp\/v2\/posts\/284778\/revisions"}],"predecessor-version":[{"id":284780,"href":"https:\/\/zakrasnejsivimperk.cz\/index.php?rest_route=\/wp\/v2\/posts\/284778\/revisions\/284780"}],"wp:featuredmedia":[{"embeddable":true,"href":"https:\/\/zakrasnejsivimperk.cz\/index.php?rest_route=\/wp\/v2\/media\/904"}],"wp:attachment":[{"href":"https:\/\/zakrasnejsivimperk.cz\/index.php?rest_route=%2Fwp%2Fv2%2Fmedia&parent=284778"}],"wp:term":[{"taxonomy":"category","embeddable":true,"href":"https:\/\/zakrasnejsivimperk.cz\/index.php?rest_route=%2Fwp%2Fv2%2Fcategories&post=284778"},{"taxonomy":"post_tag","embeddable":true,"href":"https:\/\/zakrasnejsivimperk.cz\/index.php?rest_route=%2Fwp%2Fv2%2Ftags&post=284778"}],"curies":[{"name":"wp","href":"https:\/\/api.w.org\/{rel}","templated":true}]}}