{"id":283967,"date":"2023-07-31T13:05:37","date_gmt":"2023-07-31T12:05:37","guid":{"rendered":"https:\/\/zakrasnejsivimperk.cz\/?p=283967"},"modified":"2023-08-02T12:50:46","modified_gmt":"2023-08-02T11:50:46","slug":"cesky-statisticky-urad-dokoncene-byty-v-jihoceskych-obcich-v-roce-2022","status":"publish","type":"post","link":"https:\/\/zakrasnejsivimperk.cz\/?p=283967","title":{"rendered":"\u010cESK\u00dd STATISTICK\u00dd \u00da\u0158AD: Dokon\u010den\u00e9 byty v jiho\u010desk\u00fdch obc\u00edch v roce 2022"},"content":{"rendered":"<p><img loading=\"lazy\" decoding=\"async\" class=\"aligncenter wp-image-219756 size-full\" src=\"https:\/\/zakrasnejsivimperk.cz\/wp-content\/uploads\/2021\/03\/29\/\u010ds\u00fa-logo.png\" alt=\"\" width=\"1280\" height=\"346\" srcset=\"https:\/\/zakrasnejsivimperk.cz\/wp-content\/uploads\/2021\/03\/29\/\u010ds\u00fa-logo.png 1280w, https:\/\/zakrasnejsivimperk.cz\/wp-content\/uploads\/2021\/03\/29\/\u010ds\u00fa-logo-300x81.png 300w, https:\/\/zakrasnejsivimperk.cz\/wp-content\/uploads\/2021\/03\/29\/\u010ds\u00fa-logo-768x208.png 768w, https:\/\/zakrasnejsivimperk.cz\/wp-content\/uploads\/2021\/03\/29\/\u010ds\u00fa-logo-1024x277.png 1024w\" sizes=\"(max-width: 1280px) 100vw, 1280px\" \/><\/p>\n<p>&nbsp;<\/p>\n<h6 style=\"font-weight: 400;\"><b><strong>V\u00a0roce 2022 bylo v Jiho\u010desk\u00e9m kraji podle p\u0159edb\u011b\u017en\u00fdch \u00fadaj\u016f dokon\u010deno 2 013 byt\u016f. Necel\u00fdch 64\u00a0% z\u00a0t\u011bchto byt\u016f se nach\u00e1zelo v\u00a0rodinn\u00fdch domech. Nejv\u00edce byt\u016f bylo zkolaudov\u00e1no ve m\u011bst\u011b \u010cesk\u00e9 Bud\u011bjovice, nejvy\u0161\u0161\u00ed intenzita v\u00fdstavby byla zaznamen\u00e1na v\u00a0obci Lipno nad Vltavou.<\/strong><\/b><\/h6>\n<p style=\"font-weight: 400;\">Jen v\u00a0krajsk\u00e9m m\u011bst\u011b bylo b\u011bhem roku 2022\u00a0<b><strong>dokon\u010deno<\/strong><\/b>\u00a0449\u00a0byt\u016f, co\u017e \u010dinilo v\u00edce ne\u017e 22\u00a0% dokon\u010den\u00fdch byt\u016f v\u00a0cel\u00fdch ji\u017en\u00edch \u010cech\u00e1ch. Druhou p\u0159\u00ed\u010dku obsadilo Lipno nad Vltavou se 78\u00a0byty a na t\u0159et\u00edm m\u00edst\u011b se um\u00edstilo m\u011bsto T\u00e1bor (64 byt\u016f). Ve 35 jiho\u010desk\u00fdch m\u011bstech a\u00a0obc\u00edch vyk\u00e1zali 10\u00a0a v\u00edce zkolaudovan\u00fdch byt\u016f a\u00a0alespo\u0148 1\u00a0byt byl dokon\u010den v\u00a0332 obc\u00edch. Naopak v\u00a0302\u00a0obc\u00edch kraje byla v\u00a0lo\u0148sk\u00e9m roce dokon\u010den\u00e1 bytov\u00e1 v\u00fdstavba nulov\u00e1. Z\u00a0tohoto po\u010dtu p\u0159ipadalo necel\u00fdch 55\u00a0% na obce do 200 obyvatel a\u00a0v\u00edce ne\u017e t\u0159etina obc\u00ed spadala do kategorie od 200 do 499\u00a0obyvatel. K\u00a0v\u011bt\u0161\u00edm obc\u00edm bez dokon\u010den\u00fdch byt\u016f se \u0159adila nap\u0159\u00edklad m\u011bsta Bechyn\u011b a Volary, ale p\u0159ekvapiv\u011b tak\u00e9 okresn\u00ed m\u011bsto P\u00edsek.<\/p>\n<p>&nbsp;<\/p>\n<p style=\"font-weight: 400;\">Tab. 1\u00a0<b><strong>Obce s\u00a0nejvy\u0161\u0161\u00edm po\u010dtem dokon\u010den\u00fdch byt\u016f a nejvy\u0161\u0161\u00ed intenzitou bytov\u00e9 v\u00fdstavby v\u00a0Jiho\u010desk\u00e9m kraji v\u00a0roce 2022<\/strong><\/b><\/p>\n<p><img loading=\"lazy\" decoding=\"async\" class=\"aligncenter wp-image-283969 size-full\" src=\"https:\/\/zakrasnejsivimperk.cz\/wp-content\/uploads\/2023\/07\/30\/dokoncene-byty-22-1.png\" alt=\"\" width=\"643\" height=\"339\" srcset=\"https:\/\/zakrasnejsivimperk.cz\/wp-content\/uploads\/2023\/07\/30\/dokoncene-byty-22-1.png 643w, https:\/\/zakrasnejsivimperk.cz\/wp-content\/uploads\/2023\/07\/30\/dokoncene-byty-22-1-300x158.png 300w\" sizes=\"(max-width: 643px) 100vw, 643px\" \/><\/p>\n<p>&nbsp;<\/p>\n<p style=\"font-weight: 400;\">P\u0159epo\u010det dokon\u010den\u00fdch byt\u016f na tis\u00edc obyvatel st\u0159edn\u00edho stavu se naz\u00fdv\u00e1\u00a0<b><strong>intenzita bytov\u00e9 v\u00fdstavby<\/strong><\/b>. Nejintenzivn\u011bji z\u00a0cel\u00e9ho kraje se v\u00a0roce 2022 stav\u011blo v\u00a0obci Lipno nad Vltavou, kde bylo dokon\u010deno 78 byt\u016f. V\u00a0t\u00e9to lokalit\u011b se v\u0161ak sp\u00ed\u0161e ne\u017e o byty pro trval\u00e9 bydlen\u00ed m\u016f\u017ee jednat o\u00a0objekty vyu\u017e\u00edvan\u00e9 k\u00a0rekreaci.\u00a0V\u00a0cel\u00e9m Jiho\u010desk\u00e9m kraji dos\u00e1hla intenzita bytov\u00e9 v\u00fdstavby hodnoty 3,10\u00a0bytu na 1 tis\u00edc obyvatel.<\/p>\n<p style=\"font-weight: 400;\">V\u00a0ji\u017en\u00edch \u010cech\u00e1ch bylo v\u00a0roce 2022 zkolaudov\u00e1no 1\u00a0280\u00a0<b><strong>byt\u016f v\u00a0rodinn\u00fdch domech<\/strong><\/b>, meziro\u010dn\u00ed n\u00e1r\u016fst tedy \u010dinil 4,8\u00a0%. Nejv\u00edce jich bylo postaveno na \u00fazem\u00ed krajsk\u00e9ho m\u011bsta, d\u00e1le ve m\u011bst\u011b T\u00e1bor a v\u00a0obci Roudn\u00e9. P\u0159ekvapiv\u00e9 je \u010dtvrt\u00e9 m\u00edsto m\u011bsta Da\u010dice, kde dosud bytov\u00e1 v\u00fdstavba sp\u00ed\u0161e stagnovala. Alespo\u0148 jeden byt v\u00a0rodinn\u00e9m dom\u011b byl dostav\u011bn zhruba v\u00a0polovin\u011b jiho\u010desk\u00fdch obc\u00ed (317).<\/p>\n<p>&nbsp;<\/p>\n<p style=\"font-weight: 400;\">Tab. 2\u00a0<b><strong>Obce s\u00a0nejvy\u0161\u0161\u00edm po\u010dtem dokon\u010den\u00fdch byt\u016f v rodinn\u00fdch a bytov\u00fdch domech v\u00a0Jiho\u010desk\u00e9m kraji v\u00a0roce 2022<\/strong><\/b><\/p>\n<p><img loading=\"lazy\" decoding=\"async\" class=\"aligncenter wp-image-283970 size-full\" src=\"https:\/\/zakrasnejsivimperk.cz\/wp-content\/uploads\/2023\/07\/30\/dokoncene-byty-22-2.png\" alt=\"\" width=\"643\" height=\"196\" srcset=\"https:\/\/zakrasnejsivimperk.cz\/wp-content\/uploads\/2023\/07\/30\/dokoncene-byty-22-2.png 643w, https:\/\/zakrasnejsivimperk.cz\/wp-content\/uploads\/2023\/07\/30\/dokoncene-byty-22-2-300x91.png 300w\" sizes=\"(max-width: 643px) 100vw, 643px\" \/><\/p>\n<p>&nbsp;<\/p>\n<p style=\"font-weight: 400;\">Naopak\u00a0<b><strong>byty v\u00a0bytov\u00fdch domech<\/strong><\/b>\u00a0byly v\u00a0roce 2022 na jihu \u010cech zkolaudov\u00e1ny pouze v\u00a0sedmi m\u011bstech a\u00a0obc\u00edch. Meziro\u010dn\u011b do\u0161lo k\u00a0n\u00e1r\u016fstu po\u010dtu\u00a0dokon\u010den\u00fdch\u00a0byt\u016f v bytov\u00fdch domech o\u00a0necel\u00fdch 20\u00a0%. V\u00edce ne\u017e dv\u011b t\u0159etiny t\u011bchto byt\u016f p\u0159ipadalo na m\u011bsto \u010cesk\u00e9 Bud\u011bjovice (356). Byty v\u00a0bytov\u00fdch domech vyk\u00e1zaly pouze t\u0159i jiho\u010desk\u00e1 okresn\u00ed m\u011bsta, v\u011bt\u0161\u00ed po\u010det t\u011bchto byt\u016f byl dokon\u010den tak\u00e9 v\u00a0obci Lipno nad Vltavou, kde se jedn\u00e1 p\u0159edev\u0161\u00edm o\u00a0objekty ur\u010den\u00e9 k\u00a0rekreaci. Celkem 22 byt\u016f tohoto typu bylo dokon\u010deno v\u00a0obci Dubn\u00e9 v\u00a0bezprost\u0159edn\u00ed bl\u00edzkosti krajsk\u00e9ho m\u011bsta, kde byl koncem roku 2022 zkolaudov\u00e1n domov pro seniory s\u00a022 bytov\u00fdmi jednotkami.<\/p>\n<h6><b><strong>Dokon\u010den\u00e9 byty a\u00a0intenzita bytov\u00e9 v\u00fdstavby v\u00a0obc\u00edch v\u00a0dlouhodob\u00e9m pohledu<\/strong><\/b><\/h6>\n<p style=\"font-weight: 400;\">P\u0159i hodnocen\u00ed bytov\u00e9 v\u00fdstavby je vhodn\u011bj\u0161\u00ed zam\u011b\u0159it se na del\u0161\u00ed \u010dasov\u00e9 obdob\u00ed, v\u00a0na\u0161em p\u0159\u00edpad\u011b se jedn\u00e1 o bytovou v\u00fdstavbu v\u00a0posledn\u00edch p\u011bti a dvaceti letech.<\/p>\n<p style=\"font-weight: 400;\"><b><strong>Od roku 2018<\/strong><\/b>\u00a0bylo v\u00a0Jiho\u010desk\u00e9m kraji\u00a0<b><strong>dokon\u010deno celkem 9\u00a0347 byt\u016f<\/strong><\/b>. V\u00edce ne\u017e 50 byt\u016f bylo v\u00a0letech 2018\u20132022 zkolaudov\u00e1no v\u00a0celkem 31 m\u011bstech \u010di obc\u00edch kraje.<\/p>\n<p>&nbsp;<\/p>\n<p style=\"font-weight: 400;\">Tab. 3\u00a0<b><strong>Obce s\u00a0nejvy\u0161\u0161\u00edm po\u010dtem dokon\u010den\u00fdch byt\u016f a nejvy\u0161\u0161\u00ed intenzitou bytov\u00e9 v\u00fdstavby v\u00a0Jiho\u010desk\u00e9m kraji v\u00a0letech 2018 a\u017e 2022<\/strong><\/b><\/p>\n<p><img loading=\"lazy\" decoding=\"async\" class=\"aligncenter wp-image-283971 size-full\" src=\"https:\/\/zakrasnejsivimperk.cz\/wp-content\/uploads\/2023\/07\/30\/dokoncene-byty-22-3.png\" alt=\"\" width=\"643\" height=\"264\" srcset=\"https:\/\/zakrasnejsivimperk.cz\/wp-content\/uploads\/2023\/07\/30\/dokoncene-byty-22-3.png 643w, https:\/\/zakrasnejsivimperk.cz\/wp-content\/uploads\/2023\/07\/30\/dokoncene-byty-22-3-300x123.png 300w\" sizes=\"(max-width: 643px) 100vw, 643px\" \/><\/p>\n<p>&nbsp;<\/p>\n<p style=\"font-weight: 400;\">Nejv\u00edce dokon\u010den\u00fdch byt\u016f vyk\u00e1zalo krajsk\u00e9 m\u011bsto \u010cesk\u00e9 Bud\u011bjovice (1\u00a0855), druh\u00fd v\u00a0po\u0159ad\u00ed byl T\u00e1bor s\u00a0274 byty a na t\u0159et\u00ed p\u0159\u00ed\u010dce se um\u00edstilo Lipno nad Vltavou, kde bylo za p\u011bt let dokon\u010deno 253 byt\u016f. Zde se v\u0161ak z\u0159ejm\u011b jednalo sp\u00ed\u0161e o tzv. druh\u00e9 bydlen\u00ed, tedy byty ur\u010den\u00e9 k\u00a0rekreaci. V\u00a0pop\u0159ed\u00ed \u017eeb\u0159\u00ed\u010dku lze naj\u00edt je\u0161t\u011b okresn\u00ed m\u011bsta Strakonice a Jind\u0159ich\u016fv Hradec. Na sedm\u00e9 a dev\u00e1t\u00e9 m\u00edsto se pom\u011brn\u011b p\u0159ekvapiv\u011b za\u0159adila m\u011bsta Vimperk a Da\u010dice, kde bylo v\u00a0posledn\u00edch p\u011bti letech dokon\u010deno 136, resp. 133 byt\u016f.<\/p>\n<p style=\"font-weight: 400;\">Z\u00a0celkov\u00e9ho po\u010dtu 624 jiho\u010desk\u00fdch obc\u00ed nebyl v posledn\u00edch p\u011bti letech zkolaudov\u00e1n ani jeden byt v 92 obc\u00edch. Jednalo se zejm\u00e9na o mal\u00e1 s\u00eddla do 199 obyvatel.<\/p>\n<p style=\"font-weight: 400;\">V\u00a0cel\u00e9m kraji bylo v\u00a0letech 2018 a\u017e 2022 dokon\u010deno 2,91 bytu na 1 tis\u00edc obyvatel. Nejvy\u0161\u0161\u00ed\u00a0<b><strong>intenzitu bytov\u00e9 v\u00fdstavby<\/strong><\/b>\u00a0vyk\u00e1zaly obce v\u00a0rekrea\u010dn\u00edch oblastech (Lipno nad Vltavou, Kvilda) a\u00a0obce v\u00a0bezprost\u0159edn\u00edm okol\u00ed velk\u00fdch m\u011bst, a\u0165 u\u017e na \u010ceskobud\u011bjovicku (Vr\u00e1to, Brani\u0161ov, Hlincov\u00e1 Hora) nebo Jind\u0159ichohradecku (Horn\u00ed\u00a0Skr\u00fdchov, Hat\u00edn).<\/p>\n<p>&nbsp;<\/p>\n<p style=\"font-weight: 400;\">Tab. 4\u00a0<b><strong>Obce s\u00a0nejvy\u0161\u0161\u00edm po\u010dtem dokon\u010den\u00fdch byt\u016f v rodinn\u00fdch a bytov\u00fdch domech v\u00a0Jiho\u010desk\u00e9m kraji v\u00a0letech 2018 a\u017e 2022<\/strong><\/b><\/p>\n<p><img loading=\"lazy\" decoding=\"async\" class=\"aligncenter wp-image-283972 size-full\" src=\"https:\/\/zakrasnejsivimperk.cz\/wp-content\/uploads\/2023\/07\/30\/dokoncene-byty-22-4.png\" alt=\"\" width=\"643\" height=\"256\" srcset=\"https:\/\/zakrasnejsivimperk.cz\/wp-content\/uploads\/2023\/07\/30\/dokoncene-byty-22-4.png 643w, https:\/\/zakrasnejsivimperk.cz\/wp-content\/uploads\/2023\/07\/30\/dokoncene-byty-22-4-300x119.png 300w\" sizes=\"(max-width: 643px) 100vw, 643px\" \/><\/p>\n<p>&nbsp;<\/p>\n<p style=\"font-weight: 400;\">V\u00a0Jiho\u010desk\u00e9m kraji bylo od roku 2018 dokon\u010deno 5<b><strong>\u00a0281<\/strong><\/b>\u00a0<b><strong>byt\u016f v\u00a0rodinn\u00fdch domech<\/strong><\/b>, nejv\u00edce jich uvedlo m\u011bsto \u010cesk\u00e9 Bud\u011bjovice (283). V\u00edce ne\u017e 50 byt\u016f tohoto typu bylo v\u00a0posledn\u00edch p\u011bti letech zkolaudov\u00e1no ve\u00a020 obc\u00edch a\u00a0m\u011bstech, p\u0159i\u010dem\u017e p\u0159evahu \u010ceskobud\u011bjovicka naru\u0161ila pouze dv\u011b okresn\u00ed m\u011bsta \u2013 T\u00e1bor a Jind\u0159ich\u016fv Hradec. Jinak se jednalo p\u0159ev\u00e1\u017en\u011b o\u00a0obce v\u00a0t\u011bsn\u00e9 bl\u00edzkosti krajsk\u00e9ho m\u011bsta. Do pop\u0159ed\u00ed \u017eeb\u0159\u00ed\u010dku se dostala tak\u00e9 obec Lipno nad Vltavou a m\u011bsto Kaplice. Ve 113 obc\u00edch kraje nebyl v\u00a0letech 2018 a\u017e 2022 dokon\u010den \u017e\u00e1dn\u00fd byt v\u00a0rodinn\u00e9m dom\u011b.<\/p>\n<p style=\"font-weight: 400;\"><b><strong>Nejintenzivn\u011bj\u0161\u00ed v\u00fdstavba byt\u016f v\u00a0rodinn\u00fdch domech<\/strong><\/b>\u00a0prob\u00edhala v\u00a0posledn\u00edch p\u011bti letech v\u00a0Lipn\u011b nad Vltavou a d\u00e1le\u00a0v\u00a0obc\u00edch Bohunice a\u00a0Babice na Prachaticku, zde se v\u0161ak jednalo o\u00a0obce s\u00a0pom\u011brn\u011b\u00a0mal\u00fdm po\u010dtem obyvatel. Intenz\u00edvn\u00ed v\u00fdstavba rodinn\u00fdch dom\u016f prob\u00edhala tak\u00e9 v\u00a0obci Horn\u00ed\u00a0Skr\u00fdchov\u00a0na Jind\u0159ichohradecku a v obc\u00edch v\u00a0rekrea\u010dn\u00edch oblastech \u2013 Kvilda a\u00a0Borov\u00e1 Lada.<\/p>\n<p style=\"font-weight: 400;\">V\u00a0Jiho\u010desk\u00e9m kraji bylo v\u00a0letech 2018 a\u017e 2022 zkolaudov\u00e1no\u00a0<b><strong>2\u00a0290 byt\u016f v\u00a0bytov\u00fdch domech<\/strong><\/b>, z\u00a0nich\u017e t\u00e9m\u011b\u0159 dv\u011b t\u0159etiny byly dokon\u010deny v\u00a0krajsk\u00e9m m\u011bst\u011b. V\u00edce ne\u017e 90 byt\u016f vyk\u00e1zalo Lipno na Vltavou a\u00a0okresn\u00ed m\u011bsta T\u00e1bor a Strakonice. Byty v\u00a0bytov\u00fdch domech za posledn\u00edch p\u011bt let byly dokon\u010deny pouze ve 27 jiho\u010desk\u00fdch m\u011bstech a obc\u00edch.<\/p>\n<p style=\"font-weight: 400;\">Nejvy\u0161\u0161\u00ed\u00a0<b><strong>intenzitu bytov\u00e9 v\u00fdstavby v\u00a0bytov\u00fdch domech<\/strong><\/b>\u00a0op\u011bt vyk\u00e1zaly obce v\u00a0rekrea\u010dn\u00edch oblastech \u2013Lipno nad Vltavou, Kvilda a\u00a0Nov\u00e9 Hut\u011b, a\u010dkoli zde se s\u00a0nejv\u011bt\u0161\u00ed pravd\u011bpodobnost\u00ed nejednalo o byty k\u00a0trval\u00e9mu bydlen\u00ed, ale o byty ur\u010den\u00e9 k\u00a0rekreaci.<\/p>\n<p style=\"font-weight: 400;\">P\u0159i pohledu na bytovou v\u00fdstavbu\u00a0<b><strong>za posledn\u00edch 20 let<\/strong><\/b>\u00a0je mo\u017eno eliminovat kr\u00e1tkodob\u00e9 vlivy. V\u00a0ned\u00e1vn\u00e9 minulosti to byla nap\u0159\u00edklad opat\u0159en\u00ed spojen\u00e1 s\u00a0pandemi\u00ed\u00a0koronaviru, kter\u00e1 po\u010d\u00e1tkem 20. let zas\u00e1hla cel\u00fd sv\u011bt.<\/p>\n<p style=\"font-weight: 400;\">V\u00a0jiho\u010desk\u00fdch obc\u00edch bylo\u00a0<b><strong>od roku 2003<\/strong><\/b>\u00a0dokon\u010deno\u00a0<b><strong>t\u00e9m\u011b\u0159 37 tis. byt\u016f<\/strong><\/b>, p\u0159i\u010dem\u017e p\u011btina jich byla realizov\u00e1na na \u00fazem\u00ed krajsk\u00e9ho m\u011bsta. Krom\u011b okresn\u00edch m\u011bst, kter\u00e1 se um\u00edstila na dal\u0161\u00edch m\u00edstech pomysln\u00e9ho \u017eeb\u0159\u00ed\u010dku, stoj\u00ed za zm\u00ednku t\u00e9m\u011b\u0159 750 byt\u016f dokon\u010den\u00fdch ve m\u011bst\u011b T\u0159ebo\u0148, 644 byt\u016f zkolaudovan\u00fdch v\u00a0obci Srubec a tak\u00e9 v\u00edce ne\u017e 500 byt\u016f postaven\u00fdch v\u00a0Lipn\u011b nad Vltavou.<\/p>\n<p style=\"font-weight: 400;\">Na\u0161lo se v\u0161ak tak\u00e9 28 obc\u00ed, kde za posledn\u00edch 20 let nevznikl ani jeden byt, jednalo se v\u0161ak mal\u00e1 s\u00eddla do 199 obyvatel. T\u00e9m\u011b\u0159 polovina t\u011bchto obc\u00ed\u00a0\u00a0se nach\u00e1zela na \u00fazem\u00ed okresu Strakonice.<\/p>\n<p>&nbsp;<\/p>\n<p style=\"font-weight: 400;\">Tab. 5\u00a0<b><strong>Obce s\u00a0nejvy\u0161\u0161\u00edm po\u010dtem dokon\u010den\u00fdch byt\u016f a nejvy\u0161\u0161\u00ed intenzitou bytov\u00e9 v\u00fdstavby v\u00a0Jiho\u010desk\u00e9m kraji v\u00a0letech 2003 a\u017e 2022<\/strong><\/b><\/p>\n<p><img loading=\"lazy\" decoding=\"async\" class=\"aligncenter wp-image-283973 size-full\" src=\"https:\/\/zakrasnejsivimperk.cz\/wp-content\/uploads\/2023\/07\/30\/dokoncene-byty-22-5.png\" alt=\"\" width=\"643\" height=\"260\" srcset=\"https:\/\/zakrasnejsivimperk.cz\/wp-content\/uploads\/2023\/07\/30\/dokoncene-byty-22-5.png 643w, https:\/\/zakrasnejsivimperk.cz\/wp-content\/uploads\/2023\/07\/30\/dokoncene-byty-22-5-300x121.png 300w\" sizes=\"(max-width: 643px) 100vw, 643px\" \/><\/p>\n<p>&nbsp;<\/p>\n<p>Nejvy\u0161\u0161\u00ed\u00a0<b>intenzita bytov\u00e9 v\u00fdstavby v\u00a0letech 2003 a\u017e 2022<\/b>\u00a0byla zaznamen\u00e1na p\u0159edev\u0161\u00edm v\u00a0rekre\u00ada\u010dn\u00edch oblastech, a\u0165 u\u017e se jednalo o\u00a0<span class=\"SpellE\">Lipensko<\/span>\u00a0nebo \u0160umavu, a d\u00e1le v\u00a0obc\u00edch v\u00a0bezprost\u0159edn\u00edm okol\u00ed \u010cesk\u00fdch Bud\u011bjovic a Jind\u0159ichova Hradce.<\/p>\n<p>&nbsp;<\/p>\n<p><strong>(tz-\u010ds\u00fa)<\/strong><\/p>\n<hr \/>\n<p>&nbsp;<\/p>\n<p>&nbsp;<\/p>\n","protected":false},"excerpt":{"rendered":"<p>&nbsp; V\u00a0roce <\/p>\n","protected":false},"author":2,"featured_media":283975,"comment_status":"open","ping_status":"open","sticky":false,"template":"","format":"gallery","meta":{"footnotes":""},"categories":[72,175],"tags":[],"jetpack_featured_media_url":"https:\/\/zakrasnejsivimperk.cz\/wp-content\/uploads\/2023\/07\/30\/ram-byty.jpg","_links":{"self":[{"href":"https:\/\/zakrasnejsivimperk.cz\/index.php?rest_route=\/wp\/v2\/posts\/283967"}],"collection":[{"href":"https:\/\/zakrasnejsivimperk.cz\/index.php?rest_route=\/wp\/v2\/posts"}],"about":[{"href":"https:\/\/zakrasnejsivimperk.cz\/index.php?rest_route=\/wp\/v2\/types\/post"}],"author":[{"embeddable":true,"href":"https:\/\/zakrasnejsivimperk.cz\/index.php?rest_route=\/wp\/v2\/users\/2"}],"replies":[{"embeddable":true,"href":"https:\/\/zakrasnejsivimperk.cz\/index.php?rest_route=%2Fwp%2Fv2%2Fcomments&post=283967"}],"version-history":[{"count":2,"href":"https:\/\/zakrasnejsivimperk.cz\/index.php?rest_route=\/wp\/v2\/posts\/283967\/revisions"}],"predecessor-version":[{"id":283974,"href":"https:\/\/zakrasnejsivimperk.cz\/index.php?rest_route=\/wp\/v2\/posts\/283967\/revisions\/283974"}],"wp:featuredmedia":[{"embeddable":true,"href":"https:\/\/zakrasnejsivimperk.cz\/index.php?rest_route=\/wp\/v2\/media\/283975"}],"wp:attachment":[{"href":"https:\/\/zakrasnejsivimperk.cz\/index.php?rest_route=%2Fwp%2Fv2%2Fmedia&parent=283967"}],"wp:term":[{"taxonomy":"category","embeddable":true,"href":"https:\/\/zakrasnejsivimperk.cz\/index.php?rest_route=%2Fwp%2Fv2%2Fcategories&post=283967"},{"taxonomy":"post_tag","embeddable":true,"href":"https:\/\/zakrasnejsivimperk.cz\/index.php?rest_route=%2Fwp%2Fv2%2Ftags&post=283967"}],"curies":[{"name":"wp","href":"https:\/\/api.w.org\/{rel}","templated":true}]}}