{"id":283829,"date":"2023-07-31T13:08:17","date_gmt":"2023-07-31T12:08:17","guid":{"rendered":"https:\/\/zakrasnejsivimperk.cz\/?p=283829"},"modified":"2023-07-31T13:08:17","modified_gmt":"2023-07-31T12:08:17","slug":"region-sumava-pozvanka-do-kasperskych-hor-2","status":"publish","type":"post","link":"https:\/\/zakrasnejsivimperk.cz\/?p=283829","title":{"rendered":"REGION &#8211; \u0160UMAVA: Pozv\u00e1nka do Ka\u0161persk\u00fdch Hor"},"content":{"rendered":"<p><img loading=\"lazy\" decoding=\"async\" class=\"aligncenter wp-image-283830 size-full\" src=\"https:\/\/zakrasnejsivimperk.cz\/wp-content\/uploads\/2023\/07\/27\/plakat-kasperky-0608.jpg\" alt=\"\" width=\"1240\" height=\"1754\" srcset=\"https:\/\/zakrasnejsivimperk.cz\/wp-content\/uploads\/2023\/07\/27\/plakat-kasperky-0608.jpg 1240w, https:\/\/zakrasnejsivimperk.cz\/wp-content\/uploads\/2023\/07\/27\/plakat-kasperky-0608-212x300.jpg 212w, https:\/\/zakrasnejsivimperk.cz\/wp-content\/uploads\/2023\/07\/27\/plakat-kasperky-0608-724x1024.jpg 724w, https:\/\/zakrasnejsivimperk.cz\/wp-content\/uploads\/2023\/07\/27\/plakat-kasperky-0608-768x1086.jpg 768w, https:\/\/zakrasnejsivimperk.cz\/wp-content\/uploads\/2023\/07\/27\/plakat-kasperky-0608-1086x1536.jpg 1086w, https:\/\/zakrasnejsivimperk.cz\/wp-content\/uploads\/2023\/07\/27\/plakat-kasperky-0608-252x357.jpg 252w, https:\/\/zakrasnejsivimperk.cz\/wp-content\/uploads\/2023\/07\/27\/plakat-kasperky-0608-341x483.jpg 341w\" sizes=\"(max-width: 1240px) 100vw, 1240px\" \/><\/p>\n<hr \/>\n<p>&nbsp;<\/p>\n<p>&nbsp;<\/p>\n","protected":false},"excerpt":{"rendered":"<p>&nbsp; &nbsp;<\/p>\n","protected":false},"author":2,"featured_media":283831,"comment_status":"open","ping_status":"open","sticky":false,"template":"","format":"gallery","meta":{"footnotes":""},"categories":[71],"tags":[],"jetpack_featured_media_url":"https:\/\/zakrasnejsivimperk.cz\/wp-content\/uploads\/2023\/07\/27\/ram-kasperky.jpg","_links":{"self":[{"href":"https:\/\/zakrasnejsivimperk.cz\/index.php?rest_route=\/wp\/v2\/posts\/283829"}],"collection":[{"href":"https:\/\/zakrasnejsivimperk.cz\/index.php?rest_route=\/wp\/v2\/posts"}],"about":[{"href":"https:\/\/zakrasnejsivimperk.cz\/index.php?rest_route=\/wp\/v2\/types\/post"}],"author":[{"embeddable":true,"href":"https:\/\/zakrasnejsivimperk.cz\/index.php?rest_route=\/wp\/v2\/users\/2"}],"replies":[{"embeddable":true,"href":"https:\/\/zakrasnejsivimperk.cz\/index.php?rest_route=%2Fwp%2Fv2%2Fcomments&post=283829"}],"version-history":[{"count":1,"href":"https:\/\/zakrasnejsivimperk.cz\/index.php?rest_route=\/wp\/v2\/posts\/283829\/revisions"}],"predecessor-version":[{"id":283832,"href":"https:\/\/zakrasnejsivimperk.cz\/index.php?rest_route=\/wp\/v2\/posts\/283829\/revisions\/283832"}],"wp:featuredmedia":[{"embeddable":true,"href":"https:\/\/zakrasnejsivimperk.cz\/index.php?rest_route=\/wp\/v2\/media\/283831"}],"wp:attachment":[{"href":"https:\/\/zakrasnejsivimperk.cz\/index.php?rest_route=%2Fwp%2Fv2%2Fmedia&parent=283829"}],"wp:term":[{"taxonomy":"category","embeddable":true,"href":"https:\/\/zakrasnejsivimperk.cz\/index.php?rest_route=%2Fwp%2Fv2%2Fcategories&post=283829"},{"taxonomy":"post_tag","embeddable":true,"href":"https:\/\/zakrasnejsivimperk.cz\/index.php?rest_route=%2Fwp%2Fv2%2Ftags&post=283829"}],"curies":[{"name":"wp","href":"https:\/\/api.w.org\/{rel}","templated":true}]}}