{"id":283729,"date":"2023-07-26T13:51:05","date_gmt":"2023-07-26T12:51:05","guid":{"rendered":"https:\/\/zakrasnejsivimperk.cz\/?p=283729"},"modified":"2023-07-26T13:51:05","modified_gmt":"2023-07-26T12:51:05","slug":"region-sumava-pozvanka-do-stachu-3","status":"publish","type":"post","link":"https:\/\/zakrasnejsivimperk.cz\/?p=283729","title":{"rendered":"REGION &#8211; \u0160UMAVA: Pozv\u00e1nka do Stach\u016f"},"content":{"rendered":"<p><img loading=\"lazy\" decoding=\"async\" class=\"aligncenter wp-image-283733 size-full\" src=\"https:\/\/zakrasnejsivimperk.cz\/wp-content\/uploads\/2023\/07\/25\/plakat-stachy-2907-hasici.jpg\" alt=\"\" width=\"1600\" height=\"1127\" srcset=\"https:\/\/zakrasnejsivimperk.cz\/wp-content\/uploads\/2023\/07\/25\/plakat-stachy-2907-hasici.jpg 1600w, https:\/\/zakrasnejsivimperk.cz\/wp-content\/uploads\/2023\/07\/25\/plakat-stachy-2907-hasici-300x211.jpg 300w, https:\/\/zakrasnejsivimperk.cz\/wp-content\/uploads\/2023\/07\/25\/plakat-stachy-2907-hasici-1024x721.jpg 1024w, https:\/\/zakrasnejsivimperk.cz\/wp-content\/uploads\/2023\/07\/25\/plakat-stachy-2907-hasici-768x541.jpg 768w, https:\/\/zakrasnejsivimperk.cz\/wp-content\/uploads\/2023\/07\/25\/plakat-stachy-2907-hasici-1536x1082.jpg 1536w, https:\/\/zakrasnejsivimperk.cz\/wp-content\/uploads\/2023\/07\/25\/plakat-stachy-2907-hasici-507x357.jpg 507w, https:\/\/zakrasnejsivimperk.cz\/wp-content\/uploads\/2023\/07\/25\/plakat-stachy-2907-hasici-686x483.jpg 686w\" sizes=\"(max-width: 1600px) 100vw, 1600px\" \/><\/p>\n<hr \/>\n<p>&nbsp;<\/p>\n<p>&nbsp;<\/p>\n","protected":false},"excerpt":{"rendered":"<p>&nbsp; &nbsp;<\/p>\n","protected":false},"author":2,"featured_media":283726,"comment_status":"open","ping_status":"open","sticky":false,"template":"","format":"gallery","meta":{"footnotes":""},"categories":[71],"tags":[],"jetpack_featured_media_url":"https:\/\/zakrasnejsivimperk.cz\/wp-content\/uploads\/2023\/07\/25\/ram-hasici.jpg","_links":{"self":[{"href":"https:\/\/zakrasnejsivimperk.cz\/index.php?rest_route=\/wp\/v2\/posts\/283729"}],"collection":[{"href":"https:\/\/zakrasnejsivimperk.cz\/index.php?rest_route=\/wp\/v2\/posts"}],"about":[{"href":"https:\/\/zakrasnejsivimperk.cz\/index.php?rest_route=\/wp\/v2\/types\/post"}],"author":[{"embeddable":true,"href":"https:\/\/zakrasnejsivimperk.cz\/index.php?rest_route=\/wp\/v2\/users\/2"}],"replies":[{"embeddable":true,"href":"https:\/\/zakrasnejsivimperk.cz\/index.php?rest_route=%2Fwp%2Fv2%2Fcomments&post=283729"}],"version-history":[{"count":2,"href":"https:\/\/zakrasnejsivimperk.cz\/index.php?rest_route=\/wp\/v2\/posts\/283729\/revisions"}],"predecessor-version":[{"id":283734,"href":"https:\/\/zakrasnejsivimperk.cz\/index.php?rest_route=\/wp\/v2\/posts\/283729\/revisions\/283734"}],"wp:featuredmedia":[{"embeddable":true,"href":"https:\/\/zakrasnejsivimperk.cz\/index.php?rest_route=\/wp\/v2\/media\/283726"}],"wp:attachment":[{"href":"https:\/\/zakrasnejsivimperk.cz\/index.php?rest_route=%2Fwp%2Fv2%2Fmedia&parent=283729"}],"wp:term":[{"taxonomy":"category","embeddable":true,"href":"https:\/\/zakrasnejsivimperk.cz\/index.php?rest_route=%2Fwp%2Fv2%2Fcategories&post=283729"},{"taxonomy":"post_tag","embeddable":true,"href":"https:\/\/zakrasnejsivimperk.cz\/index.php?rest_route=%2Fwp%2Fv2%2Ftags&post=283729"}],"curies":[{"name":"wp","href":"https:\/\/api.w.org\/{rel}","templated":true}]}}