{"id":283623,"date":"2023-07-24T17:51:34","date_gmt":"2023-07-24T16:51:34","guid":{"rendered":"https:\/\/zakrasnejsivimperk.cz\/?p=283623"},"modified":"2023-07-24T17:51:34","modified_gmt":"2023-07-24T16:51:34","slug":"idnes-blesk-uderil-mezi-stany-tabora-na-sumave-sest-deti-odvezli-do-nemocnice","status":"publish","type":"post","link":"https:\/\/zakrasnejsivimperk.cz\/?p=283623","title":{"rendered":"iDNES: Blesk ude\u0159il mezi stany t\u00e1bora na \u0160umav\u011b, \u0161est d\u011bt\u00ed odvezli do nemocnice"},"content":{"rendered":"<p><img loading=\"lazy\" decoding=\"async\" class=\"aligncenter wp-image-283625 size-full\" src=\"https:\/\/zakrasnejsivimperk.cz\/wp-content\/uploads\/2023\/07\/24\/blesk-uderil.jpg\" alt=\"\" width=\"927\" height=\"1100\" srcset=\"https:\/\/zakrasnejsivimperk.cz\/wp-content\/uploads\/2023\/07\/24\/blesk-uderil.jpg 927w, https:\/\/zakrasnejsivimperk.cz\/wp-content\/uploads\/2023\/07\/24\/blesk-uderil-253x300.jpg 253w, https:\/\/zakrasnejsivimperk.cz\/wp-content\/uploads\/2023\/07\/24\/blesk-uderil-863x1024.jpg 863w, https:\/\/zakrasnejsivimperk.cz\/wp-content\/uploads\/2023\/07\/24\/blesk-uderil-768x911.jpg 768w, https:\/\/zakrasnejsivimperk.cz\/wp-content\/uploads\/2023\/07\/24\/blesk-uderil-301x357.jpg 301w, https:\/\/zakrasnejsivimperk.cz\/wp-content\/uploads\/2023\/07\/24\/blesk-uderil-407x483.jpg 407w\" sizes=\"(max-width: 927px) 100vw, 927px\" \/><\/p>\n<p>&nbsp;<\/p>\n<h1 style=\"text-align: center;\"><a href=\"https:\/\/www.idnes.cz\/ceske-budejovice\/zpravy\/blesk-detsky-tabor-uderil-soumarsky-most-fajtlova-mateju.A230724_134731_budejovice-zpravy_tok\" target=\"_blank\" rel=\"noopener\">CEL\u00dd \u010cL\u00c1NEK<\/a><\/h1>\n<hr \/>\n<p>&nbsp;<\/p>\n<p>&nbsp;<\/p>\n","protected":false},"excerpt":{"rendered":"<p>&nbsp; CEL\u00dd <\/p>\n","protected":false},"author":2,"featured_media":283625,"comment_status":"open","ping_status":"open","sticky":false,"template":"","format":"gallery","meta":{"footnotes":""},"categories":[109],"tags":[],"jetpack_featured_media_url":"https:\/\/zakrasnejsivimperk.cz\/wp-content\/uploads\/2023\/07\/24\/blesk-uderil.jpg","_links":{"self":[{"href":"https:\/\/zakrasnejsivimperk.cz\/index.php?rest_route=\/wp\/v2\/posts\/283623"}],"collection":[{"href":"https:\/\/zakrasnejsivimperk.cz\/index.php?rest_route=\/wp\/v2\/posts"}],"about":[{"href":"https:\/\/zakrasnejsivimperk.cz\/index.php?rest_route=\/wp\/v2\/types\/post"}],"author":[{"embeddable":true,"href":"https:\/\/zakrasnejsivimperk.cz\/index.php?rest_route=\/wp\/v2\/users\/2"}],"replies":[{"embeddable":true,"href":"https:\/\/zakrasnejsivimperk.cz\/index.php?rest_route=%2Fwp%2Fv2%2Fcomments&post=283623"}],"version-history":[{"count":2,"href":"https:\/\/zakrasnejsivimperk.cz\/index.php?rest_route=\/wp\/v2\/posts\/283623\/revisions"}],"predecessor-version":[{"id":283626,"href":"https:\/\/zakrasnejsivimperk.cz\/index.php?rest_route=\/wp\/v2\/posts\/283623\/revisions\/283626"}],"wp:featuredmedia":[{"embeddable":true,"href":"https:\/\/zakrasnejsivimperk.cz\/index.php?rest_route=\/wp\/v2\/media\/283625"}],"wp:attachment":[{"href":"https:\/\/zakrasnejsivimperk.cz\/index.php?rest_route=%2Fwp%2Fv2%2Fmedia&parent=283623"}],"wp:term":[{"taxonomy":"category","embeddable":true,"href":"https:\/\/zakrasnejsivimperk.cz\/index.php?rest_route=%2Fwp%2Fv2%2Fcategories&post=283623"},{"taxonomy":"post_tag","embeddable":true,"href":"https:\/\/zakrasnejsivimperk.cz\/index.php?rest_route=%2Fwp%2Fv2%2Ftags&post=283623"}],"curies":[{"name":"wp","href":"https:\/\/api.w.org\/{rel}","templated":true}]}}