{"id":283424,"date":"2023-07-21T16:29:19","date_gmt":"2023-07-21T15:29:19","guid":{"rendered":"https:\/\/zakrasnejsivimperk.cz\/?p=283424"},"modified":"2023-07-21T16:32:01","modified_gmt":"2023-07-21T15:32:01","slug":"hygienici-informuji-letni-tabory-koupaci-sezona-klistata-utoci-3","status":"publish","type":"post","link":"https:\/\/zakrasnejsivimperk.cz\/?p=283424","title":{"rendered":"HYGIENICI INFORMUJ\u00cd: Letn\u00ed t\u00e1bory, koup\u00e1n\u00ed v p\u0159\u00edrod\u011b, aktivita kl\u00ed\u0161\u0165at"},"content":{"rendered":"<p><img loading=\"lazy\" decoding=\"async\" class=\"aligncenter wp-image-199605 size-full\" src=\"https:\/\/zakrasnejsivimperk.cz\/wp-content\/uploads\/2020\/08\/06\/khs-logo.jpg\" alt=\"\" width=\"922\" height=\"396\" srcset=\"https:\/\/zakrasnejsivimperk.cz\/wp-content\/uploads\/2020\/08\/06\/khs-logo.jpg 922w, https:\/\/zakrasnejsivimperk.cz\/wp-content\/uploads\/2020\/08\/06\/khs-logo-300x129.jpg 300w, https:\/\/zakrasnejsivimperk.cz\/wp-content\/uploads\/2020\/08\/06\/khs-logo-768x330.jpg 768w, https:\/\/zakrasnejsivimperk.cz\/wp-content\/uploads\/2020\/08\/06\/khs-logo-831x357.jpg 831w\" sizes=\"(max-width: 922px) 100vw, 922px\" \/><\/p>\n<p>&nbsp;<\/p>\n<h4>Na Orl\u00edku u Podolska st\u00e1le trv\u00e1 z\u00e1kaz koup\u00e1n\u00ed, hroz\u00ed tam akutn\u00ed po\u0161kozen\u00ed zdrav\u00ed!<\/h4>\n<h6>V\u00fdsledky mimo\u0159\u00e1dn\u00e9ho m\u011b\u0159en\u00ed kvality koupac\u00ed vody v tomto t\u00fddnu op\u011bt potvrdily \u0161patnou kvalitu vody u Podolska na Orl\u00edku. Do odvol\u00e1n\u00ed zde trv\u00e1 z\u00e1kaz koup\u00e1n\u00ed.<\/h6>\n<p><em>\u201eVoda ve sledovan\u00e9 lokalit\u011b u Podolska na Orl\u00edku je nebezpe\u010dn\u00e1 ke koup\u00e1n\u00ed. Dle aktu\u00e1ln\u00edho rozboru jsou zde v\u00fdznamn\u011b p\u0159ekro\u010deny limitn\u00ed hodnoty pro ukazatele sinice, chlorofyl-a, vodn\u00ed kv\u011bt a byla zde zji\u0161t\u011bna sn\u00ed\u017een\u00e1 pr\u016fhlednost. Hroz\u00ed akutn\u00ed po\u0161kozen\u00ed zdrav\u00ed. Voda byla celkov\u011b hodnocena stupn\u011bm 5 a do odvol\u00e1n\u00ed plat\u00ed do\u010dasn\u00fd z\u00e1kaz koup\u00e1n\u00ed, kter\u00fd jsme vyhl\u00e1sili 13. \u010dervence 2023,\u201c<\/em>\u00a0uvedla \u0159editelka KHS Jiho\u010desk\u00e9ho kraje Kvetoslava Kotrbov\u00e1.<\/p>\n<p>Prvn\u00ed z\u00e1kaz koup\u00e1n\u00ed letos vyhl\u00e1sili hygienici u Podolska ji\u017e 22. \u010dervna. Na kr\u00e1tk\u00e9 obdob\u00ed se kvalita vody m\u00edrn\u011b zlep\u0161ila, ale nyn\u00ed druh\u00fdm t\u00fddnem trv\u00e1 z\u00e1kaz koup\u00e1n\u00ed v t\u00e9to lokalit\u011b. Na druh\u00e9m sledovan\u00e9m m\u00edst\u011b na Orl\u00edku u Radavy, byla kvalita vody naopak velmi dobr\u00e1.<\/p>\n<p>\u0158\u00e1dn\u00e9 m\u011b\u0159en\u00ed kvality vody ve v\u0161ech sledovan\u00fdch lokalit\u00e1ch se uskute\u010dn\u00ed v pond\u011bl\u00ed 24. \u010dervence, v\u00fdsledky budou k dispozici op\u011bt ve \u010dtvrtek.<\/p>\n<hr \/>\n<p>&nbsp;<\/p>\n<h4>V Jiho\u010desk\u00e9m kraji je 211 p\u0159\u00edpad\u016f lymesk\u00e9 boreli\u00f3zy, v t\u00fddnu p\u0159ibylo 17 nov\u00fdch, u kl\u00ed\u0161\u0165ov\u00e9 encefalitidy je v\u00fdvoj p\u0159\u00edzniv\u011bj\u0161\u00ed ne\u017e v p\u0159edchoz\u00edch letech<\/h4>\n<h6>Jiho\u010de\u0161t\u00ed hygienici registruj\u00ed ve 29. t\u00fddnu celkem 211 nahl\u00e1\u0161en\u00fdch a potvrzen\u00fdch p\u0159\u00edpad\u016f lymesk\u00e9 boreli\u00f3zy a 21 p\u0159\u00edpad\u016f kl\u00ed\u0161\u0165ov\u00e9 encefalitidy.<\/h6>\n<p>Aktivita kl\u00ed\u0161\u0165at pro v\u00edkend a dal\u0161\u00ed dny je \u010cesk\u00fdm hydrometeorologick\u00fdm \u00fastavem predikov\u00e1na v ji\u017en\u00edch \u010cech\u00e1ch na p\u011btistup\u0148ov\u00e9 \u0161k\u00e1le \u010dty\u0159kou, to znamen\u00e1 vysok\u00fd stupe\u0148 rizika.<\/p>\n<p>Hygienici nyn\u00ed registruj\u00ed o 27 p\u0159\u00edpad\u016f lymesk\u00e9 boreli\u00f3zy v\u00edce ne\u017e vloni v tomto obdob\u00ed. <em>\u201eV kon\u010d\u00edc\u00edm t\u00fddnu p\u0159ibylo sedmn\u00e1ct nov\u011b potvrzen\u00fdch p\u0159\u00edpad\u016f. Nejvy\u0161\u0161\u00ed v\u00fdskyt je na \u010ceskobud\u011bjovicku (59, +9 v t\u00fddnu) a T\u00e1borsku (42, +3), \u010ceskokrumlovsko m\u00e1 36 (+1) a Jind\u0159ichohradecko 30 (+1). Na Strakonicku je 19 potvrzen\u00fdch p\u0159\u00edpad\u016f (+2) na Prachaticku 18 (+1) a na P\u00edsecku je hl\u00e1\u0161eno 7 p\u0159\u00edpad\u016f (0),\u201c<\/em> komentovala t\u00fddenn\u00ed data \u0159editelka KHS Jiho\u010desk\u00e9ho kraje Kvetoslava Kotrbov\u00e1. Vloni bylo v kraji ve 29. kalend\u00e1\u0159n\u00edm t\u00fddnu potvrzeno 184 p\u0159\u00edpad\u016f, v pr\u016fb\u011bhu lo\u0148sk\u00e9 sezony celkov\u011b 529 p\u0159\u00edpad\u016f.<\/p>\n<p><em>\u201eCo se t\u00fd\u010de kl\u00ed\u0161\u0165ov\u00e9 encefalitidy, situace je o pozn\u00e1n\u00ed p\u0159\u00edzniv\u011bj\u0161\u00ed ne\u017e vloni. Aktu\u00e1ln\u011b evidujeme jedenadvacet nahl\u00e1\u0161en\u00fdch a potvrzen\u00fdch p\u0159\u00edpad\u016f tohoto onemocn\u011bn\u00ed. Na \u010ceskobud\u011bjovicku je \u0161est (+2 nov\u00e9 v t\u00fddnu), na \u010ceskokrumlovsku \u010dty\u0159i, na Strakonicku t\u0159i stejn\u011b jako na T\u00e1borsku (+1), na Jind\u0159ichohradecku a Prachaticku po dvou a na P\u00edsecku jeden p\u0159\u00edpad. V kon\u010d\u00edc\u00edm t\u00fddnu jsme registrovali p\u011bt nov\u011b potvrzen\u00fdch p\u0159\u00edpad\u016f. Vloni bylo v kraji v tomto obdob\u00ed dvaa\u010dty\u0159icet p\u0159\u00edpad\u016f, letos jich zat\u00edm m\u00e1me o jedenadvacet m\u00e9n\u011b. V cel\u00e9 lo\u0148sk\u00e9 sezon\u011b jsme na jihu \u010cech registrovali celkem 130 potvrzen\u00fdch onemocn\u011bn\u00ed,\u201c<\/em> dopl\u0148uje aktu\u00e1ln\u00ed data k v\u00fdskytu kl\u00ed\u0161\u0165ov\u00e9 encefalitidy \u0159editelka protiepidemick\u00e9ho odboru KHS Jiho\u010desk\u00e9ho kraje Hana Bend\u00edkov\u00e1.<\/p>\n<p>Co se t\u00fd\u010de v\u00fdskytu dal\u0161\u00edch typicky letn\u00edch infekc\u00ed, v prvn\u00edm pr\u00e1zdninov\u00e9m t\u00fddnu je v\u00fdskyt hl\u00e1\u0161en\u00fdch aliment\u00e1rn\u00edch infekc\u00ed zat\u00edm ni\u017e\u0161\u00ed ne\u017e vloni. U salmonel\u00f3zy je letos potvrzeno 234 p\u0159\u00edpad\u016f (v t\u00fddnu +19), to je o 61 m\u00e9n\u011b ne\u017e vloni v tomto obdob\u00ed, u kampylobakteri\u00f3zy je evidov\u00e1no 453 p\u0159\u00edpad\u016f (+25), to je o 104 m\u00e9n\u011b ne\u017e vloni.<\/p>\n<p>&nbsp;<\/p>\n<p><strong>V\u00fdskyt lymesk\u00e9 boreli\u00f3zy za posledn\u00edch p\u011bt let<\/strong><\/p>\n<ul>\n<li>o V r. 2018 to bylo 473 p\u0159\u00edpad\u016f<\/li>\n<li>o V r. 2019 to bylo 431 p\u0159\u00edpad\u016f<\/li>\n<li>o V r. 2020 to bylo 367 p\u0159\u00edpad\u016f<\/li>\n<li>o V r. 2021 to bylo 270 p\u0159\u00edpad\u016f<\/li>\n<li>o V r. 2022 to bylo 529 p\u0159\u00edpad\u016f<\/li>\n<li>\u00b7 V posledn\u00edch p\u011bti sez\u00f3n\u00e1ch byl nejv\u011bt\u0161\u00ed absolutn\u00ed v\u00fdskyt tohoto onemocn\u011bn\u00ed na \u010ceskobud\u011bjovicku \u2013 celkem 578 p\u0159\u00edpad\u016f, na Jind\u0159ichohradecku 430, na \u010ceskokrumlovsku 345 a T\u00e1borsku 336.<\/li>\n<\/ul>\n<p><strong>V\u00fdskyt kl\u00ed\u0161\u0165ov\u00e9 encefalitidy v absolutn\u00edch \u010d\u00edslech za posledn\u00edch p\u011bt let<\/strong><\/p>\n<ul>\n<li>o V r. 2018 to bylo 121 p\u0159\u00edpad\u016f<\/li>\n<li>o V r. 2019 to bylo 99 p\u0159\u00edpad\u016f<\/li>\n<li>o V r. 2020 to bylo 137 p\u0159\u00edpad\u016f<\/li>\n<li>o V r. 2021 to bylo 83 p\u0159\u00edpad\u016f<\/li>\n<li>o V r. 2022 to bylo 130 p\u0159\u00edpad\u016f<\/li>\n<li>\u00b7 V posledn\u00edch p\u011bti letech byl nejvy\u0161\u0161\u00ed v\u00fdskyt na \u010ceskobud\u011bjovicku (183 p\u0159\u00edpad\u016f), \u010ceskokrumlovsku s 98 p\u0159\u00edpady a Prachaticku s 81 p\u0159\u00edpadem. Okresem s dlouhodob\u011b nejni\u017e\u0161\u00edm v\u00fdskytem kl\u00ed\u0161\u0165aty p\u0159en\u00e1\u0161en\u00fdch onemocn\u011bn\u00ed P\u00edsecko, kde bylo v posledn\u00edch p\u011bti letech potvrzeno celkem 107 p\u0159\u00edpad\u016f lymesk\u00e9 boreli\u00f3zy a pouze 18 p\u0159\u00edpad\u016f kl\u00ed\u0161\u0165ov\u00e9 encefalitidy.<\/li>\n<li>\u00b7 U kl\u00ed\u0161\u0165ov\u00e9 encefalitidy byl nejvy\u0161\u0161\u00ed po\u010det onemocn\u011bn\u00ed v posledn\u00edch p\u011bti letech registrov\u00e1na ve skupin\u011b 45 \u2013 54 let (109), 65 \u2013 74 let (102) a 55 \u2013 64 let (94).<\/li>\n<li>\u00b7 U lymesk\u00e9 boreli\u00f3zy to byla skupina senior\u016f 65 \u2013 74 let (414 p\u0159\u00edpad\u016f), 55 \u2013 64 let (370) a 45 \u2013 54 let (356).<\/li>\n<li>\u00b7 Kl\u00ed\u0161\u0165ov\u00e1 encefalitida je onemocn\u011bn\u00ed virov\u00e9ho p\u016fvodu s p\u0159\u00edrodn\u00ed ohniskovost\u00ed, m\u016f\u017ee m\u00edt fat\u00e1ln\u00ed n\u00e1sledky, nap\u0159\u00edklad po\u0161kozen\u00ed nervov\u00e9ho syst\u00e9mu a ochrnut\u00ed<\/li>\n<li>\u00b7 Onemocn\u011bn\u00ed kl\u00ed\u0161\u0165ovou encefalitidou se projev\u00ed v prvn\u00ed f\u00e1zi po jednom a\u017e dvou t\u00fddnech od p\u0159is\u00e1t\u00ed zv\u00fd\u0161enou teplotou \u010di hore\u010dkou, mal\u00e1tnost\u00ed, bolestmi hlavy \u010di kloub\u016f<\/li>\n<li>\u00b7 Druh\u00e1 f\u00e1ze nastoup\u00ed po n\u011bkolika dnech relativn\u00edho klidu vysok\u00fdmi hore\u010dkami a p\u0159\u00edznaky napaden\u00ed centr\u00e1ln\u00edho nervov\u00e9ho syst\u00e9mu, kam krom\u011b siln\u00fdch bolest\u00ed hlavy pat\u0159\u00ed z\u00e1vrat\u011b, poruchy sp\u00e1nku, dezorientace, svalov\u00fd t\u0159es \u010di tuhost sval\u016f v \u0161\u00edji<\/li>\n<li>\u00b7 U osob s oslabenou imunitou, soub\u011b\u017en\u00fdm chronick\u00fdm onemocn\u011bn\u00edm \u010di u senior\u016f m\u016f\u017ee b\u00fdt pr\u016fb\u011bh z\u00e1va\u017en\u00fd v\u010detn\u011b ochrnut\u00ed a selh\u00e1v\u00e1n\u00ed \u017eivotn\u011b d\u016fle\u017eit\u00fdch funkc\u00ed<\/li>\n<li>\u00b7 U v\u0161ech pacient\u016f je d\u016fle\u017eit\u00fd klid na l\u016f\u017eku a podp\u016frn\u00e1 l\u00e9\u010dba<\/li>\n<li>\u00b7 Lymesk\u00e1 boreli\u00f3za je bakteri\u00e1ln\u00ed onemocn\u011bn\u00ed, asi p\u011btkr\u00e1t \u010dast\u011bj\u0161\u00ed ne\u017e kl\u00ed\u0161\u0165ov\u00e1 encefalitida, proto\u017ee p\u0159\u00edtomnost borreli\u00ed vykazuje v ohnisc\u00edch a\u017e deset procent populace kl\u00ed\u0161\u0165at. V ji\u017en\u00edch \u010cech\u00e1ch se nejv\u00edce p\u0159\u00edpad\u016f vyskytuje dlouhodob\u011b p\u0159edev\u0161\u00edm na Jind\u0159ichohradecku a T\u00e1borsku, tedy v povod\u00ed Ne\u017e\u00e1rky a Lu\u017enice, v posledn\u00edch letech stoup\u00e1 v\u00fdskyt i ve vy\u0161\u0161\u00edch nadmo\u0159sk\u00fdch v\u00fd\u0161k\u00e1ch a z okres\u016f velmi v\u00fdrazn\u011b v okrese \u010cesk\u00fd Krumlov<\/li>\n<li>\u00b7 Proti lymesk\u00e9 boreli\u00f3ze neexistuje v na\u0161ich podm\u00ednk\u00e1ch o\u010dkov\u00e1n\u00ed, jej\u00ed p\u0159\u00edznaky je mo\u017en\u00e9 l\u00e9\u010dit antibiotiky<\/li>\n<li>\u00b7 U boreli\u00f3zy m\u016f\u017ee b\u00fdt symptomem prvn\u00edho st\u00e1dia \u010derven\u00e1 skvrna, \u0161\u00ed\u0159\u00edc\u00ed se kolem m\u00edsta p\u0159is\u00e1t\u00ed<\/li>\n<li>\u00b7 Druh\u00e9 st\u00e1dium m\u00e1 chronick\u00fd pr\u016fb\u011bh a nastupuje i n\u011bkolik m\u011bs\u00edc\u016f po p\u0159is\u00e1t\u00ed<\/li>\n<li>\u00b7 Projevuje se bolestmi kloub\u016f \u010di posti\u017een\u00edm nervov\u00e9ho syst\u00e9mu, i boreli\u00f3za m\u016f\u017ee m\u00edt u oslaben\u00fdch pacient\u016f z\u00e1va\u017en\u00fd pr\u016fb\u011bh<\/li>\n<li>\u00b7 Doporu\u010dovanou prevenc\u00ed kl\u00ed\u0161\u0165ov\u00e9 encefalitidy je \u00fa\u010dinn\u00e9 o\u010dkov\u00e1n\u00ed, kter\u00e9 je optim\u00e1ln\u00ed postoupit p\u0159ed za\u010d\u00e1tkem hlavn\u00ed sez\u00f3ny aktivity kl\u00ed\u0161\u0165at, tedy na za\u010d\u00e1tku jara<\/li>\n<li>\u00b7 D\u016fle\u017eit\u00e1 je aktivn\u00ed obrana p\u0159i pobytu v p\u0159\u00edrod\u011b \u2013 spr\u00e1vn\u00e9 oble\u010den\u00ed a pou\u017eit\u00ed repelent\u016f<\/li>\n<li>\u00b7 Pro p\u0159enos infek\u010dn\u00ed d\u00e1vky z p\u0159is\u00e1t\u00e9ho kl\u00ed\u0161t\u011bte posta\u010d\u00ed v p\u0159\u00edpad\u011b encefalitidy n\u011bkolik m\u00e1lo hodin, t\u0159eba i pouh\u00e9 dv\u011b hodiny<\/li>\n<li>\u00b7 Aktivita kl\u00ed\u0161\u0165at z\u00e1vis\u00ed na klimatick\u00fdch podm\u00ednk\u00e1ch, vyhovuje jim tepl\u00e9 vlhk\u00e9 po\u010das\u00ed a m\u016f\u017ee se li\u0161it i v pr\u016fb\u011bhu dne, kdy b\u00fdvaj\u00ed kl\u00ed\u0161\u0165ata aktivn\u011bj\u0161\u00edch v rann\u00edch a dopoledn\u00edch hodin\u00e1ch<\/li>\n<li>\u00b7 V na\u0161ich podm\u00ednk\u00e1ch s oteplov\u00e1n\u00edm a zimami bez v\u00fdrazn\u00fdch mraz\u016f kl\u00ed\u0161\u0165ata migruj\u00ed i do vy\u0161\u0161\u00edch nadmo\u0159sk\u00fdch v\u00fd\u0161ek a\u017e kolem tis\u00edce metr\u016f, o \u010dem\u017e sv\u011bd\u010d\u00ed n\u00e1r\u016fst po\u010dtu p\u0159\u00edpad\u016f na \u0160umav\u011b v okresech \u010cesk\u00fd Krumlov a Prachatice<\/li>\n<li>\u00b7 Hygienici eviduj\u00ed prvn\u00ed p\u0159\u00edpady onemocn\u011bn\u00ed podle pr\u016fb\u011bhu zimy, charakteru po\u010das\u00ed atp. ji\u017e v b\u0159eznu s t\u00edm, \u017ee posledn\u00ed p\u0159\u00edpady se projevuj\u00ed b\u011b\u017en\u011b v listopadu<\/li>\n<li>\u00b7 O\u010dkov\u00e1n\u00ed proti kl\u00ed\u0161\u0165ov\u00e9 encefalitid\u011b pro osoby mlad\u0161\u00ed pades\u00e1ti let nen\u00ed hrazeno ze zdravotn\u00edho poji\u0161t\u011bn\u00ed, samotn\u00e9 o\u010dkov\u00e1n\u00ed realizuj\u00ed prakti\u010dt\u00ed l\u00e9ka\u0159i nebo o\u010dkovac\u00ed centra, zdravotn\u00ed poji\u0161\u0165ovny na n\u011b p\u0159isp\u00edvaj\u00ed dle sv\u00fdch program\u016f, zdarma je o\u010dkov\u00e1n\u00ed pro osoby star\u0161\u00ed pades\u00e1ti let<\/li>\n<li>\u00b7 Informace k p\u0159edpokl\u00e1dan\u00e9 aktivit\u011b kl\u00ed\u0161\u0165at zve\u0159ej\u0148uje v sez\u00f3n\u011b \u010cesk\u00fd hydrometeorologick\u00fd \u00fastav a informace k prevenci onemocn\u011bn\u00ed St\u00e1tn\u00ed zdravotn\u00ed \u00fastav \u010di krajsk\u00e9 hygienick\u00e9 stanice<\/li>\n<\/ul>\n<hr \/>\n<p>&nbsp;<\/p>\n<h4>Pr\u00e1zdniny na t\u00e1borech: Zat\u00edm je v kraji nahl\u00e1\u0161eno 327 t\u00e1bor\u016f pro v\u00edce ne\u017e 37 000 d\u011bt\u00ed, dosavadn\u00ed kontroly jsou bez z\u00e1vad, sezona d\u011btsk\u00fdch rekreac\u00ed je zat\u00edm klidn\u00e1<\/h4>\n<h6>Sezona letn\u00edch d\u011btsk\u00fdch rekreac\u00ed m\u00e1 za sebou prvn\u00ed t\u0159i pr\u00e1zdninov\u00e9 t\u00fddny. K dne\u0161n\u00edmu dni maj\u00ed jiho\u010de\u0161t\u00ed hygienici nahl\u00e1\u0161eno v\u00edce ne\u017e dv\u011b st\u011b osmdes\u00e1t zotavovac\u00edch akc\u00ed (ZA) a p\u011bta\u010dty\u0159icet men\u0161\u00edch t\u00e1bor\u016f do 30 d\u011bt\u00ed v r\u00e1mci tzv. jin\u00fdch podobn\u00fdch akc\u00ed (JPA).<\/h6>\n<p><em>\u201eK dne\u0161ku m\u00e1me nahl\u00e1\u0161eno 282 zotavovac\u00edch akc\u00ed a na nich 35 643 d\u011bt\u00ed. D\u00e1le je nahl\u00e1\u0161eno 45 jin\u00fdch podobn\u00fdch akc\u00ed, tedy t\u00e1bor\u016f do t\u0159iceti d\u011bt\u00ed, kde se rekreuje 1 494 d\u011bt\u00ed. Celkem tak k dne\u0161ku registrujeme 327 akc\u00ed a 37 137 rekreovan\u00fdch d\u011bt\u00ed, to je asi o dv\u011b st\u011b v\u00edce ne\u017e vloni, kdy se v kraji rekreovalo 36 917 d\u011bt\u00ed. Na rozd\u00edl od minul\u00e9 sezony m\u00e1me hl\u00e1\u0161en i jeden putovn\u00ed t\u00e1bor. Na pr\u00e1zdniny m\u00e1me napl\u00e1nov\u00e1no 125 kontrol, za t\u0159i t\u00fddny jsme jich realizovali 82, nejv\u00edce na zotavovac\u00edch akc\u00edch &#8211; 62, na jin\u00fdch podobn\u00fdch akc\u00edch zat\u00edm 15 a kontrolovali jsme i 5 stravovac\u00ed za\u0159\u00edzen\u00ed. Zat\u00edmco vloni jsme i na za\u010d\u00e1tku pr\u00e1zdnin \u0159e\u0161ili p\u0159\u00edpady onemocn\u011bn\u00ed s hromadn\u00fdm v\u00fdskytem \u010di z\u00e1va\u017en\u00e9 pochyben\u00ed v zaji\u0161t\u011bn\u00ed pitn\u00e9 vody, letos je zat\u00edm pr\u016fb\u011bh d\u011btsk\u00fdch rekreac\u00ed bez z\u00e1vad. Nemuseli jsme dosud ud\u011blit \u017e\u00e1dnou sankci, nezjistili jsme \u017e\u00e1dn\u00e9 z\u00e1va\u017en\u00e9 pochyben\u00ed, onemocn\u011bn\u00ed s hromadn\u00fdm v\u00fdskytem a neobdr\u017eeli jsme ani \u017e\u00e1dn\u00fd podn\u011bt,\u201c<\/em> uvedla \u0159editelka odboru hygieny d\u011bt\u00ed a mladistv\u00fdch KHS Jiho\u010desk\u00e9ho kraje MUDr. Marie Noskov\u00e1.<\/p>\n<p>Pouze v souvislosti s hroz\u00edc\u00edmi siln\u00fdmi bou\u0159kami p\u0159\u00edslu\u0161n\u00edci Hasi\u010dsk\u00e9ho z\u00e1chrann\u00e9ho sboru Jiho\u010desk\u00e9ho kraje preventivn\u011b evakuovali v noci z 11. na 12. \u010dervence dva t\u00e1bory \u2013 u Lou\u010dovic na \u010ceskokrumlovsku, kde bylo 25 d\u011bt\u00ed, a u Svat\u00e9 M\u00e1\u0159\u00ed na Prachaticku, kde se rekreovalo 70 d\u011bt\u00ed.<\/p>\n<p>Vloni se za celou sezonu rekreovalo v Jiho\u010desk\u00e9m kraji na 367 akc\u00edch celkem 36 917 d\u011bt\u00ed, aktu\u00e1ln\u00ed po\u010det nahl\u00e1\u0161en\u00fdch d\u011bti je tedy ji\u017e vy\u0161\u0161\u00ed ne\u017e vloni. Jiho\u010desk\u00fd kraj je ka\u017ed\u00e9 pr\u00e1zdniny regionem s v\u016fbec nevy\u0161\u0161\u00edm po\u010dtem t\u00e1bor\u016f a rekreovan\u00fdch d\u011bt\u00ed.<\/p>\n<p>&nbsp;<\/p>\n<ul>\n<li>Z jiho\u010desk\u00fdch okres\u016f se tradi\u010dn\u011b nejv\u011bt\u0161\u00ed po\u010det t\u00e1bor\u016f kon\u00e1 na Jind\u0159ichohradecku a na P\u00edsecku<\/li>\n<li>\u00b7 Pro organiz\u00e1tory akc\u00ed jako ka\u017ed\u00fd rok poskytuj\u00ed pracovn\u00edci jiho\u010desk\u00e9 KHS telefonick\u00e9 informace a to v\u010detn\u011b v\u00edkend\u016f. Kontakty pro jednotliv\u00e9 okresy najdou na tituln\u00ed str\u00e1nce <a href=\"https:\/\/www.khscb.cz\/\" target=\"_blank\" rel=\"noopener\"><strong>www.khscb.cz<\/strong><\/a>.<\/li>\n<li>\u00b7 O uplynul\u00fdch pr\u00e1zdnin\u00e1ch provedli hygienici v Jiho\u010desk\u00e9m kraji celkem 136 kontrol akc\u00ed letn\u00ed d\u011btsk\u00e9 rekreace<\/li>\n<li>\u00b7 Nahl\u00e1\u0161eno bylo kon\u00e1n\u00ed 367 akc\u00ed, z toho 306 zotavovac\u00edch akc\u00ed, na nich\u017e se pr\u016fb\u011b\u017en\u011b rekreovalo celkem 36 917 d\u011bt\u00ed, a d\u00e1le 61 jin\u00fdch podobn\u00fdch akc\u00ed (JPA), kter\u00fdch se z celkov\u00e9ho po\u010dtu \u00fa\u010dastnilo na dva tis\u00edce d\u011bt\u00ed<\/li>\n<li>\u00b7 Po\u010det zotavovac\u00edch akc\u00ed byl vloni t\u00e9m\u011b\u0159 toto\u017en\u00fd jako v roce 2021, kdy se v kraji uskute\u010dnilo celkem 372 akc\u00ed.<\/li>\n<\/ul>\n<p>&nbsp;<\/p>\n<p><strong>(tz-khs)<\/strong><\/p>\n<hr \/>\n<p>&nbsp;<\/p>\n<p>&nbsp;<\/p>\n","protected":false},"excerpt":{"rendered":"<p>&nbsp; Na <\/p>\n","protected":false},"author":2,"featured_media":199605,"comment_status":"open","ping_status":"open","sticky":false,"template":"","format":"gallery","meta":{"footnotes":""},"categories":[10],"tags":[],"jetpack_featured_media_url":"https:\/\/zakrasnejsivimperk.cz\/wp-content\/uploads\/2020\/08\/06\/khs-logo.jpg","_links":{"self":[{"href":"https:\/\/zakrasnejsivimperk.cz\/index.php?rest_route=\/wp\/v2\/posts\/283424"}],"collection":[{"href":"https:\/\/zakrasnejsivimperk.cz\/index.php?rest_route=\/wp\/v2\/posts"}],"about":[{"href":"https:\/\/zakrasnejsivimperk.cz\/index.php?rest_route=\/wp\/v2\/types\/post"}],"author":[{"embeddable":true,"href":"https:\/\/zakrasnejsivimperk.cz\/index.php?rest_route=\/wp\/v2\/users\/2"}],"replies":[{"embeddable":true,"href":"https:\/\/zakrasnejsivimperk.cz\/index.php?rest_route=%2Fwp%2Fv2%2Fcomments&post=283424"}],"version-history":[{"count":4,"href":"https:\/\/zakrasnejsivimperk.cz\/index.php?rest_route=\/wp\/v2\/posts\/283424\/revisions"}],"predecessor-version":[{"id":283428,"href":"https:\/\/zakrasnejsivimperk.cz\/index.php?rest_route=\/wp\/v2\/posts\/283424\/revisions\/283428"}],"wp:featuredmedia":[{"embeddable":true,"href":"https:\/\/zakrasnejsivimperk.cz\/index.php?rest_route=\/wp\/v2\/media\/199605"}],"wp:attachment":[{"href":"https:\/\/zakrasnejsivimperk.cz\/index.php?rest_route=%2Fwp%2Fv2%2Fmedia&parent=283424"}],"wp:term":[{"taxonomy":"category","embeddable":true,"href":"https:\/\/zakrasnejsivimperk.cz\/index.php?rest_route=%2Fwp%2Fv2%2Fcategories&post=283424"},{"taxonomy":"post_tag","embeddable":true,"href":"https:\/\/zakrasnejsivimperk.cz\/index.php?rest_route=%2Fwp%2Fv2%2Ftags&post=283424"}],"curies":[{"name":"wp","href":"https:\/\/api.w.org\/{rel}","templated":true}]}}