{"id":282855,"date":"2023-07-16T12:54:07","date_gmt":"2023-07-16T11:54:07","guid":{"rendered":"https:\/\/zakrasnejsivimperk.cz\/?p=282855"},"modified":"2023-07-16T12:56:55","modified_gmt":"2023-07-16T11:56:55","slug":"jizni-cechy-vitkuv-hradek-je-znovu-otevreny-na-prazdniny-slibuje-bohaty-program","status":"publish","type":"post","link":"https:\/\/zakrasnejsivimperk.cz\/?p=282855","title":{"rendered":"JI\u017dN\u00cd \u010cECHY: V\u00edtk\u016fv Hr\u00e1dek je otev\u0159en\u00fd. Na pr\u00e1zdniny p\u0159ipravil bohat\u00fd program"},"content":{"rendered":"<p><img loading=\"lazy\" decoding=\"async\" class=\"aligncenter wp-image-282859 size-full\" src=\"https:\/\/zakrasnejsivimperk.cz\/wp-content\/uploads\/2023\/07\/13\/vitkuv-hradek-4.jpg\" alt=\"\" width=\"1100\" height=\"825\" srcset=\"https:\/\/zakrasnejsivimperk.cz\/wp-content\/uploads\/2023\/07\/13\/vitkuv-hradek-4.jpg 1100w, https:\/\/zakrasnejsivimperk.cz\/wp-content\/uploads\/2023\/07\/13\/vitkuv-hradek-4-300x225.jpg 300w, https:\/\/zakrasnejsivimperk.cz\/wp-content\/uploads\/2023\/07\/13\/vitkuv-hradek-4-1024x768.jpg 1024w, https:\/\/zakrasnejsivimperk.cz\/wp-content\/uploads\/2023\/07\/13\/vitkuv-hradek-4-768x576.jpg 768w, https:\/\/zakrasnejsivimperk.cz\/wp-content\/uploads\/2023\/07\/13\/vitkuv-hradek-4-476x357.jpg 476w, https:\/\/zakrasnejsivimperk.cz\/wp-content\/uploads\/2023\/07\/13\/vitkuv-hradek-4-644x483.jpg 644w\" sizes=\"(max-width: 1100px) 100vw, 1100px\" \/><\/p>\n<p>&nbsp;<\/p>\n<h6>Nejv\u00fd\u0161e polo\u017een\u00e1 z\u0159\u00edcenina v \u010cesku \u2013 V\u00edtk\u016fv hr\u00e1dek nad Lipnem \u2013 je op\u011bt otev\u0159ena pro turisty. Pam\u00e1tka, kterou od leto\u0161n\u00ed sezony provozuje obec P\u0159edn\u00ed V\u00fdto\u0148, nab\u00edz\u00ed v\u00fdhled na nejv\u011bt\u0161\u00ed vodn\u00ed n\u00e1dr\u017e v republice, vrcholky \u0160umavy a za p\u0159\u00edzniv\u00e9ho po\u010das\u00ed i Alpy.<\/h6>\n<p><em><img loading=\"lazy\" decoding=\"async\" class=\"size-medium wp-image-129283 alignright\" src=\"https:\/\/zakrasnejsivimperk.cz\/wp-content\/uploads\/2018\/04\/30\/lipensko-logo-300x152.jpg\" alt=\"\" width=\"300\" height=\"152\" \/>\u201eOtev\u0159eli jsme, jak jsme sl\u00edbili. \u0158e\u0161ili jsme jen to, do jak\u00e9 m\u00edry pust\u00edme n\u00e1v\u0161t\u011bvn\u00edky na d\u0159ev\u011bnou vyhl\u00eddkovou plo\u0161inu. kter\u00e1 byla podrobena pe\u010dliv\u00e9mu pr\u016fzkumu odborn\u00edk\u016f. Po konzultaci se statikem a dendrologem bylo uzav\u0159eno z bezpe\u010dnostn\u00edch d\u016fvod\u016f centr\u00e1ln\u00ed d\u0159ev\u011bn\u00e9 schodi\u0161t\u011b, proto je plo\u0161ina p\u0159\u00edstupn\u00e1 pouze jednosm\u011brn\u011b. Domluvili jsme se, \u017ee nech\u00e1me otev\u0159enou jen \u010d\u00e1st, kter\u00e1 je skute\u010dn\u011b bezpe\u010dn\u00e1. Vyhl\u00eddka je zachov\u00e1na v nezm\u011bn\u011bn\u00e9m rozsahu, jako tomu bylo v posledn\u00edch dvou letech.\u201c<\/em> \u0159ekl starosta P\u0159edn\u00ed V\u00fdton\u011b, Pavel Gabri\u0161.<\/p>\n<p>V\u00edtk\u016fv Hr\u00e1dek v letn\u00ed sezon\u011b nav\u0161t\u011bvuje n\u011bkolik des\u00edtek tis\u00edc lid\u00ed. Starosta Gabri\u0161 uvedl, \u017ee P\u0159edn\u00ed V\u00fdto\u0148 chce do budoucna obnovit celou konstrukci plo\u0161iny, aby mohla turist\u016fm slou\u017eit v pln\u00e9 m\u00ed\u0159e. Nyn\u00ed je z bezpe\u010dnostn\u00edch d\u016fvod\u016f nep\u0159\u00edstupn\u00e1 jej\u00ed men\u0161\u00ed \u010d\u00e1st.<\/p>\n<p>Obec P\u0159edn\u00ed V\u00fdto\u0148 po\u017e\u00e1dala o pomoc s tvorbou programu a denn\u00edm provozem z\u0159\u00edceniny spole\u010dnost Sp\u00e1sa s.r.o. <em>\u201eJsou to lid\u00e9, kte\u0159\u00ed se o toto unik\u00e1tn\u00ed m\u00edsto staraj\u00ed s respektem a oddanost\u00ed a vytvo\u0159ili zde prostor, kter\u00fd oslovuje sou\u010dasn\u00e9ho n\u00e1v\u0161t\u011bvn\u00edka,\u201c<\/em> uvedl starosta.<\/p>\n<p><em>\u201eV\u011b\u0159\u00edme, \u017ee historie nen\u00ed jen z\u00e1znamem minul\u00fdch ud\u00e1lost\u00ed, ale inspirac\u00ed pro dne\u0161ek a z\u00edt\u0159ek. V\u00edtk\u016fv hr\u00e1dek prom\u011bn\u00edme v modern\u00ed o\u00e1zu vzru\u0161en\u00ed a dobrodru\u017estv\u00ed v jedine\u010dn\u00e9 historick\u00e9 kulise,&#8221;<\/em> uvedl Samuel Such\u00e1nek ze spolku Sp\u00e1sa s.r.o,<\/p>\n<p>Bude se podle sv\u00fdch slov se sv\u00fdmi kolegy sna\u017eit p\u0159in\u00e9st V\u00edtkovu Hr\u00e1dku novou energii a z\u00e1rove\u0148 zachov\u00e1v\u00e1 jeho d\u011bdictv\u00ed.<\/p>\n<p>A\u017e do za\u010d\u00e1tku dne\u0161n\u00edho roku provozoval tuto pam\u00e1tku Spolek p\u0159\u00e1tel pro obnovu V\u00edtkova hr\u00e1dku, jeho\u017e tv\u00e1\u0159\u00ed byl Miroslav Kova\u010di\u010d\u00edn, kter\u00fd se nejv\u00edce zaslou\u017eil o jeho zmrtv\u00fdchvst\u00e1n\u00ed.<\/p>\n<p><em>\u201eJe na m\u00edst\u011b pod\u011bkovat tomuto spolku, a p\u0159edev\u0161\u00edm jeho p\u0159edsedovi Miroslavu Kova\u010di\u010d\u00ednovi, za jejich p\u0159\u00ednos pro toto m\u00edsto a v\u016fbec cestovn\u00ed ruch na Lipensku. V\u017edy\u0165 V\u00edtk\u016fv hr\u00e1dek se d\u00edky jejich des\u00edtky let trvaj\u00edc\u00ed pr\u00e1ci stal ikonou cel\u00e9ho regionu. Za sebe mohu sd\u011blit, \u017ee jsem r\u00e1d, \u017ee se pro spr\u00e1vu a provoz hradu na\u0161el velmi d\u016fstojn\u00fd n\u00e1stupce a v\u0161ichni se m\u016f\u017eeme t\u011b\u0161it z toho, \u017ee tento turistick\u00fd magnet je nad\u00e1le v provozu. Podle nad\u0161en\u00ed, z\u00e1palu a profesion\u00e1ln\u00edho p\u0159\u00edstupu nov\u00e9ho t\u00fdmu spr\u00e1vc\u016f se m\u00e1me na co t\u011b\u0161it. Je to dobr\u00e1 zpr\u00e1va nejenom pro cel\u00fd region Lipenska, ale tak\u00e9 pro n\u00e1v\u0161t\u011bvn\u00edky,\u201c<\/em> uvedl p\u0159edseda Turistick\u00e9ho spolku Lipenska Ji\u0159\u00ed M\u00e1nek.<\/p>\n<p>Pr\u00e1zdninov\u00fd program tu p\u0159in\u00e1\u0161\u00ed mnoho nezapomenuteln\u00fdch okam\u017eik\u016f. Stane se nap\u0159\u00edklad ar\u00e9nou mezin\u00e1rodn\u00edho dne \u0161achu (20.7.). Skupina Cetare (22.7.) zasad\u00ed tane\u010dn\u00ed \u017e\u00e1r do srdc\u00ed n\u00e1v\u0161t\u011bvn\u00edk\u016f, kdy\u017e se nechaj\u00ed un\u00e1\u0161et rytmem dobov\u00fdch i modern\u00edch t\u00f3n\u016f. P\u0159ipraven\u00e1 je tak\u00e9 komentovan\u00e1 prohl\u00eddka v r\u00e1mci s\u00e9rie &#8220;Archeologick\u00e9 l\u00e9to&#8221; s archeologem N\u00e1rodn\u00edho pam\u00e1tkov\u00e9ho \u00fastavu Ji\u0159\u00edm Havlicem (28.7.). Pravideln\u011b zde vystupuje hudebn\u00ed skupina Zlat\u00e9 Sko\u0159\u00e1pky.<\/p>\n<p>A na p\u0159elomu m\u011bs\u00edce p\u0159ijede reenactmentov\u00e1 (historick\u00e1 rekonstrukce) skupina P\u00e1ni z Raziberka, kte\u0159\u00ed prom\u011bn\u00ed V\u00edtk\u016fv Hr\u00e1dek v \u017eiv\u00fd obraz slavn\u00fdch ryt\u00ed\u0159sk\u00fdch dobrodru\u017estv\u00ed. Vedle t\u011bchto skv\u011bl\u00fdch ud\u00e1lost\u00ed m\u016f\u017eete na V\u00edtkov\u011b Hr\u00e1dku potkat Poh\u00e1dkovou babi\u010dku Renatu. Poh\u00e1dkov\u00e1 babi\u010dka je um\u011blkyn\u011b, kter\u00e1 se v\u011bnuje arteterapii a vytv\u00e1\u0159en\u00ed kouzeln\u00fdch obraz\u016f z p\u00edsku pro mal\u00e9 i velk\u00e9.<\/p>\n<p>Otev\u0159eno je ka\u017ed\u00fd den 9-17, v\u010detn\u011b provozu vyhl\u00eddkov\u00e9 plo\u0161iny. Pro dal\u0161\u00ed informace a aktuality o programu V\u00edtkova Hr\u00e1dku nav\u0161tivte webov\u00e9 str\u00e1nky na www.vitkuvhradek.eu.<\/p>\n<p>&nbsp;<\/p>\n<p><strong>Pavel PECHOU\u0160EK, Turistick\u00fd spolek Lipenska\u00a0<\/strong><\/p>\n<p>Foto: archiv Turistick\u00e9ho spolku Lipenska<\/p>\n<p>&nbsp;<\/p>\n<p><img loading=\"lazy\" decoding=\"async\" class=\"aligncenter wp-image-282858 size-full\" src=\"https:\/\/zakrasnejsivimperk.cz\/wp-content\/uploads\/2023\/07\/13\/vitkuv-hradek-3-001.jpg\" alt=\"\" width=\"1100\" height=\"576\" srcset=\"https:\/\/zakrasnejsivimperk.cz\/wp-content\/uploads\/2023\/07\/13\/vitkuv-hradek-3-001.jpg 1100w, https:\/\/zakrasnejsivimperk.cz\/wp-content\/uploads\/2023\/07\/13\/vitkuv-hradek-3-001-300x157.jpg 300w, https:\/\/zakrasnejsivimperk.cz\/wp-content\/uploads\/2023\/07\/13\/vitkuv-hradek-3-001-1024x536.jpg 1024w, https:\/\/zakrasnejsivimperk.cz\/wp-content\/uploads\/2023\/07\/13\/vitkuv-hradek-3-001-768x402.jpg 768w, https:\/\/zakrasnejsivimperk.cz\/wp-content\/uploads\/2023\/07\/13\/vitkuv-hradek-3-001-682x357.jpg 682w, https:\/\/zakrasnejsivimperk.cz\/wp-content\/uploads\/2023\/07\/13\/vitkuv-hradek-3-001-922x483.jpg 922w\" sizes=\"(max-width: 1100px) 100vw, 1100px\" \/><\/p>\n<hr \/>\n<p>&nbsp;<\/p>\n<p>&nbsp;<\/p>\n","protected":false},"excerpt":{"rendered":"<p>&nbsp; Nejv\u00fd\u0161e <\/p>\n","protected":false},"author":2,"featured_media":282858,"comment_status":"open","ping_status":"open","sticky":false,"template":"","format":"gallery","meta":{"footnotes":""},"categories":[19],"tags":[],"jetpack_featured_media_url":"https:\/\/zakrasnejsivimperk.cz\/wp-content\/uploads\/2023\/07\/13\/vitkuv-hradek-3-001.jpg","_links":{"self":[{"href":"https:\/\/zakrasnejsivimperk.cz\/index.php?rest_route=\/wp\/v2\/posts\/282855"}],"collection":[{"href":"https:\/\/zakrasnejsivimperk.cz\/index.php?rest_route=\/wp\/v2\/posts"}],"about":[{"href":"https:\/\/zakrasnejsivimperk.cz\/index.php?rest_route=\/wp\/v2\/types\/post"}],"author":[{"embeddable":true,"href":"https:\/\/zakrasnejsivimperk.cz\/index.php?rest_route=\/wp\/v2\/users\/2"}],"replies":[{"embeddable":true,"href":"https:\/\/zakrasnejsivimperk.cz\/index.php?rest_route=%2Fwp%2Fv2%2Fcomments&post=282855"}],"version-history":[{"count":5,"href":"https:\/\/zakrasnejsivimperk.cz\/index.php?rest_route=\/wp\/v2\/posts\/282855\/revisions"}],"predecessor-version":[{"id":283027,"href":"https:\/\/zakrasnejsivimperk.cz\/index.php?rest_route=\/wp\/v2\/posts\/282855\/revisions\/283027"}],"wp:featuredmedia":[{"embeddable":true,"href":"https:\/\/zakrasnejsivimperk.cz\/index.php?rest_route=\/wp\/v2\/media\/282858"}],"wp:attachment":[{"href":"https:\/\/zakrasnejsivimperk.cz\/index.php?rest_route=%2Fwp%2Fv2%2Fmedia&parent=282855"}],"wp:term":[{"taxonomy":"category","embeddable":true,"href":"https:\/\/zakrasnejsivimperk.cz\/index.php?rest_route=%2Fwp%2Fv2%2Fcategories&post=282855"},{"taxonomy":"post_tag","embeddable":true,"href":"https:\/\/zakrasnejsivimperk.cz\/index.php?rest_route=%2Fwp%2Fv2%2Ftags&post=282855"}],"curies":[{"name":"wp","href":"https:\/\/api.w.org\/{rel}","templated":true}]}}