{"id":282712,"date":"2023-07-23T12:40:51","date_gmt":"2023-07-23T11:40:51","guid":{"rendered":"https:\/\/zakrasnejsivimperk.cz\/?p=282712"},"modified":"2023-07-27T13:21:51","modified_gmt":"2023-07-27T12:21:51","slug":"region-sumava-pozvanka-do-vcelne-pod-boubinem","status":"publish","type":"post","link":"https:\/\/zakrasnejsivimperk.cz\/?p=282712","title":{"rendered":"REGION &#8211; \u0160UMAVA: Pozv\u00e1nka do V\u010deln\u00e9 pod Boub\u00ednem"},"content":{"rendered":"<p><img loading=\"lazy\" decoding=\"async\" class=\"wp-image-282704 size-full\" src=\"https:\/\/zakrasnejsivimperk.cz\/wp-content\/uploads\/2019\/04\/25\/plakat-vcelna-2907.jpg\" alt=\"\" width=\"1536\" height=\"2048\" srcset=\"https:\/\/zakrasnejsivimperk.cz\/wp-content\/uploads\/2019\/04\/25\/plakat-vcelna-2907.jpg 1536w, https:\/\/zakrasnejsivimperk.cz\/wp-content\/uploads\/2019\/04\/25\/plakat-vcelna-2907-225x300.jpg 225w, https:\/\/zakrasnejsivimperk.cz\/wp-content\/uploads\/2019\/04\/25\/plakat-vcelna-2907-768x1024.jpg 768w, https:\/\/zakrasnejsivimperk.cz\/wp-content\/uploads\/2019\/04\/25\/plakat-vcelna-2907-1152x1536.jpg 1152w, https:\/\/zakrasnejsivimperk.cz\/wp-content\/uploads\/2019\/04\/25\/plakat-vcelna-2907-268x357.jpg 268w, https:\/\/zakrasnejsivimperk.cz\/wp-content\/uploads\/2019\/04\/25\/plakat-vcelna-2907-362x483.jpg 362w\" sizes=\"(max-width: 1536px) 100vw, 1536px\" \/><\/p>\n<hr \/>\n<p>&nbsp;<\/p>\n<p>&nbsp;<\/p>\n","protected":false},"excerpt":{"rendered":"<p>&nbsp; &nbsp;<\/p>\n","protected":false},"author":2,"featured_media":282713,"comment_status":"open","ping_status":"open","sticky":false,"template":"","format":"gallery","meta":{"footnotes":""},"categories":[71],"tags":[],"jetpack_featured_media_url":"https:\/\/zakrasnejsivimperk.cz\/wp-content\/uploads\/2023\/07\/11\/ram-vcelna.jpg","_links":{"self":[{"href":"https:\/\/zakrasnejsivimperk.cz\/index.php?rest_route=\/wp\/v2\/posts\/282712"}],"collection":[{"href":"https:\/\/zakrasnejsivimperk.cz\/index.php?rest_route=\/wp\/v2\/posts"}],"about":[{"href":"https:\/\/zakrasnejsivimperk.cz\/index.php?rest_route=\/wp\/v2\/types\/post"}],"author":[{"embeddable":true,"href":"https:\/\/zakrasnejsivimperk.cz\/index.php?rest_route=\/wp\/v2\/users\/2"}],"replies":[{"embeddable":true,"href":"https:\/\/zakrasnejsivimperk.cz\/index.php?rest_route=%2Fwp%2Fv2%2Fcomments&post=282712"}],"version-history":[{"count":1,"href":"https:\/\/zakrasnejsivimperk.cz\/index.php?rest_route=\/wp\/v2\/posts\/282712\/revisions"}],"predecessor-version":[{"id":282714,"href":"https:\/\/zakrasnejsivimperk.cz\/index.php?rest_route=\/wp\/v2\/posts\/282712\/revisions\/282714"}],"wp:featuredmedia":[{"embeddable":true,"href":"https:\/\/zakrasnejsivimperk.cz\/index.php?rest_route=\/wp\/v2\/media\/282713"}],"wp:attachment":[{"href":"https:\/\/zakrasnejsivimperk.cz\/index.php?rest_route=%2Fwp%2Fv2%2Fmedia&parent=282712"}],"wp:term":[{"taxonomy":"category","embeddable":true,"href":"https:\/\/zakrasnejsivimperk.cz\/index.php?rest_route=%2Fwp%2Fv2%2Fcategories&post=282712"},{"taxonomy":"post_tag","embeddable":true,"href":"https:\/\/zakrasnejsivimperk.cz\/index.php?rest_route=%2Fwp%2Fv2%2Ftags&post=282712"}],"curies":[{"name":"wp","href":"https:\/\/api.w.org\/{rel}","templated":true}]}}