{"id":282519,"date":"2023-07-16T20:40:10","date_gmt":"2023-07-16T19:40:10","guid":{"rendered":"https:\/\/zakrasnejsivimperk.cz\/?p=282519"},"modified":"2023-07-18T10:12:29","modified_gmt":"2023-07-18T09:12:29","slug":"glosar-volynky-homolkove-16-cervence-2023","status":"publish","type":"post","link":"https:\/\/zakrasnejsivimperk.cz\/?p=282519","title":{"rendered":"GLOS\u00c1\u0158 Voly\u0148ky Homolkov\u00e9: 16. \u010dervence 2023"},"content":{"rendered":"<figure id=\"attachment_251369\" aria-describedby=\"caption-attachment-251369\" style=\"width: 1100px\" class=\"wp-caption aligncenter\"><img loading=\"lazy\" decoding=\"async\" class=\"wp-image-251369 size-full\" src=\"https:\/\/zakrasnejsivimperk.cz\/wp-content\/uploads\/2022\/04\/08\/glos\u00e1\u0159-voly\u0148ky.jpg\" alt=\"\" width=\"1100\" height=\"734\" srcset=\"https:\/\/zakrasnejsivimperk.cz\/wp-content\/uploads\/2022\/04\/08\/glos\u00e1\u0159-voly\u0148ky.jpg 1100w, https:\/\/zakrasnejsivimperk.cz\/wp-content\/uploads\/2022\/04\/08\/glos\u00e1\u0159-voly\u0148ky-300x200.jpg 300w, https:\/\/zakrasnejsivimperk.cz\/wp-content\/uploads\/2022\/04\/08\/glos\u00e1\u0159-voly\u0148ky-768x512.jpg 768w, https:\/\/zakrasnejsivimperk.cz\/wp-content\/uploads\/2022\/04\/08\/glos\u00e1\u0159-voly\u0148ky-1024x683.jpg 1024w, https:\/\/zakrasnejsivimperk.cz\/wp-content\/uploads\/2022\/04\/08\/glos\u00e1\u0159-voly\u0148ky-535x357.jpg 535w, https:\/\/zakrasnejsivimperk.cz\/wp-content\/uploads\/2022\/04\/08\/glos\u00e1\u0159-voly\u0148ky-724x483.jpg 724w\" sizes=\"(max-width: 1100px) 100vw, 1100px\" \/><figcaption id=\"caption-attachment-251369\" class=\"wp-caption-text\">Kol\u00e1\u017e: (red) \u2013 Za kr\u00e1sn\u011bj\u0161\u00ed Vimperk<\/figcaption><\/figure>\n<hr \/>\n<p>&nbsp;<\/p>\n<p>&nbsp;<\/p>\n<h4>ad <a href=\"https:\/\/www.vimperk.cz\/tiskove-zpravy\/ds-1550\/p1=20540\" target=\"_blank\" rel=\"noopener\">Passauer Neue Presse informuje o dvacetilet\u00e9m v\u00fdro\u010d\u00ed partnerstv\u00ed m\u011bst Vimperk a Freyung<\/a> (web radnice)<\/h4>\n<h6><em>Partnerstv\u00ed m\u011bst Vimperk a Freiung je ur\u010dit\u011b dobr\u00fd po\u010din. Kdysi m\u011bl Vimperk uzav\u0159eno partnerstv\u00ed se slovensk\u00fdm m\u011bstem Detva. Bylo by tak\u00e9 dob\u0159e, abychom toto partnerstv\u00ed obnovili, ur\u010dit\u011b bychom t\u00edm mnoho prosp\u011b\u0161n\u00e9ho z\u00edskali.<\/em><\/h6>\n<p>&nbsp;<\/p>\n<p>&nbsp;<\/p>\n<h4>ad <a href=\"https:\/\/zakrasnejsivimperk.cz\/?p=282753\" target=\"_blank\" rel=\"noopener\">L\u00c9TO V NA\u0160EM M\u011aST\u011a: P\u0159ed t\u00fddnem v\u011btrem odlomen\u00e9 kusy ak\u00e1tu se st\u00e1le povaluj\u00ed na cest\u011b a u cesty v parku<\/a><\/h4>\n<h6><em>V dan\u00e9m p\u0159\u00edpad\u011b zaspala nejen n\u011bkter\u00e1 z m\u011bstsk\u00fdch spole\u010dnost\u00ed, kter\u00e1 m\u00e1 na starost \u00faklid ve\u0159ejn\u00e9ho prostranstv\u00ed, ale t\u00e9\u017e starostka a m\u00edstostarosta, jim\u017e byla podle koali\u010dn\u00ed smlouvy sv\u011b\u0159ena kompetence nad m\u011bstsk\u00fdmi spole\u010dnostmi. By\u0165 je \u010das pr\u00e1zdnin a dovolen\u00fdch, nepo\u0159\u00e1dek ve m\u011bst\u011b nepo\u010dk\u00e1.<\/em><\/h6>\n<p>&nbsp;<\/p>\n<p>&nbsp;<\/p>\n<h4>ad <a href=\"https:\/\/www.idnes.cz\/ceske-budejovice\/zpravy\/roklanska-chata-u-modravy-sumava-demolice.A230712_152748_budejovice-zpravy_mrl\" target=\"_blank\" rel=\"noopener\">Vyhr\u00e1l tet\u0159ev. Zch\u00e1tral\u00e1 legenda \u0160umavy m\u00e1 j\u00edt k zemi, p\u0159i\u0161el demoli\u010dn\u00ed v\u00fdm\u011br<\/a> (iDNES.cz)<\/h4>\n<h6><em>Skute\u010dn\u00fdm c\u00edlem sou\u010dasn\u00e9ho veden\u00ed Spr\u00e1vy NP\u0160 je n\u00e1rodn\u00ed park bez n\u00e1v\u0161t\u011bvn\u00edk\u016f a turist\u016f.<\/em><\/h6>\n<p>&nbsp;<\/p>\n<p>&nbsp;<\/p>\n<h4>ad <a href=\"https:\/\/www.sumava.eu\/blog\/2023\/07\/06\/planovaci\/\" target=\"_blank\" rel=\"noopener\">Pl\u00e1nova\u010di<\/a> (sumava.eu)<\/h4>\n<h6><em>V dan\u00e9m p\u0159\u00edpad\u011b mus\u00ed v\u0161ichni zodpov\u011bdn\u00ed za chybu v zad\u00e1vac\u00ed dokumentaci pykat. To v usnesen\u00ed rady m\u011bsta chyb\u00ed. Tak\u00e9 jsem zjistila, ke \u0161kod\u011b v\u011bci, \u017ee v dokumentaci nen\u00ed navr\u017eena skluzavka, kter\u00e1 by rozhodn\u011b p\u0159il\u00e1kala v\u00edce n\u00e1v\u0161t\u011bvn\u00edk\u016f.\u00a0Mus\u00edm ale pochv\u00e1lit n\u00e1vrh ve\u0159ejn\u00fdch WC, kter\u00e9 snad budou zp\u0159\u00edstupn\u011bny nep\u0159etr\u017eit\u011b a ne pouze v l\u00e9t\u011b.<\/em><\/h6>\n<p>&nbsp;<\/p>\n<p>&nbsp;<\/p>\n<h4>ad <a href=\"https:\/\/zakrasnejsivimperk.cz\/?p=282435\" target=\"_blank\" rel=\"noopener\">L\u00c9TO V NA\u0160EM M\u011aST\u011a: Cestou z vlakov\u00e9ho n\u00e1dra\u017e\u00ed<\/a><\/h4>\n<h4>ad <a href=\"https:\/\/zakrasnejsivimperk.cz\/?p=282400\" target=\"_blank\" rel=\"noopener\">L\u00c9TO V NA\u0160EM M\u011aST\u011a: Lavi\u010dka na Vodn\u00edku<\/a><\/h4>\n<h6><em>L\u00e9to v na\u0161em m\u011bst\u011b by mohlo b\u00fdt k n\u00e1v\u0161t\u011bvn\u00edk\u016fm i m\u00edstn\u00edm p\u0159\u00edv\u011btiv\u011bj\u0161\u00ed.<\/em><\/h6>\n<p>&nbsp;<\/p>\n<p>&nbsp;<\/p>\n<h4>ad <a href=\"https:\/\/zakrasnejsivimperk.cz\/?p=282130\" target=\"_blank\" rel=\"noopener\">KATALOG: \u0160UMAVA origin\u00e1ln\u00ed produkt\u00ae<\/a><\/h4>\n<h6><em>Vimperk &#8211; Br\u00e1na \u0160umavy &#8211;\u00a0 a nab\u00eddka velmi skromn\u00e1.<\/em><\/h6>\n<p>&nbsp;<\/p>\n<p>&nbsp;<\/p>\n<h4>ad <a href=\"https:\/\/zakrasnejsivimperk.cz\/?p=282253\" target=\"_blank\" rel=\"noopener\">NA\u0160E M\u011aSTO VIMPERK: Glosa \u2013 1. \u010dervence 2023<\/a><\/h4>\n<h6><em>Velmi doporu\u010duji vyslechnout si je\u0161t\u011b <a href=\"https:\/\/zakrasnejsivimperk.cz\/?p=282334\" target=\"_blank\" rel=\"noopener\">zvukov\u00fd z\u00e1znam<\/a> z jedn\u00e1n\u00ed ZM 19.6.2023, na kter\u00e9m byla vy\u0159\u010dena i kritika k celkov\u00e9 koncepci rozvoje letn\u00edho sportovn\u00edho are\u00e1lu a k pomal\u00fdm re\u00e1ln\u00fdm zm\u011bn\u00e1m v jeho modernizaci a vybaven\u00ed.<\/em><\/h6>\n<p>&nbsp;<\/p>\n<p><strong>Voly\u0148ka HOMOLKOV\u00c1<\/strong><\/p>\n<hr \/>\n<p>&nbsp;<\/p>\n<p>&nbsp;<\/p>\n","protected":false},"excerpt":{"rendered":"<p>&nbsp; &nbsp; <\/p>\n","protected":false},"author":2,"featured_media":282522,"comment_status":"open","ping_status":"open","sticky":false,"template":"","format":"gallery","meta":{"footnotes":""},"categories":[85],"tags":[],"jetpack_featured_media_url":"https:\/\/zakrasnejsivimperk.cz\/wp-content\/uploads\/2023\/07\/08\/glosar-160723.jpg","_links":{"self":[{"href":"https:\/\/zakrasnejsivimperk.cz\/index.php?rest_route=\/wp\/v2\/posts\/282519"}],"collection":[{"href":"https:\/\/zakrasnejsivimperk.cz\/index.php?rest_route=\/wp\/v2\/posts"}],"about":[{"href":"https:\/\/zakrasnejsivimperk.cz\/index.php?rest_route=\/wp\/v2\/types\/post"}],"author":[{"embeddable":true,"href":"https:\/\/zakrasnejsivimperk.cz\/index.php?rest_route=\/wp\/v2\/users\/2"}],"replies":[{"embeddable":true,"href":"https:\/\/zakrasnejsivimperk.cz\/index.php?rest_route=%2Fwp%2Fv2%2Fcomments&post=282519"}],"version-history":[{"count":3,"href":"https:\/\/zakrasnejsivimperk.cz\/index.php?rest_route=\/wp\/v2\/posts\/282519\/revisions"}],"predecessor-version":[{"id":282935,"href":"https:\/\/zakrasnejsivimperk.cz\/index.php?rest_route=\/wp\/v2\/posts\/282519\/revisions\/282935"}],"wp:featuredmedia":[{"embeddable":true,"href":"https:\/\/zakrasnejsivimperk.cz\/index.php?rest_route=\/wp\/v2\/media\/282522"}],"wp:attachment":[{"href":"https:\/\/zakrasnejsivimperk.cz\/index.php?rest_route=%2Fwp%2Fv2%2Fmedia&parent=282519"}],"wp:term":[{"taxonomy":"category","embeddable":true,"href":"https:\/\/zakrasnejsivimperk.cz\/index.php?rest_route=%2Fwp%2Fv2%2Fcategories&post=282519"},{"taxonomy":"post_tag","embeddable":true,"href":"https:\/\/zakrasnejsivimperk.cz\/index.php?rest_route=%2Fwp%2Fv2%2Ftags&post=282519"}],"curies":[{"name":"wp","href":"https:\/\/api.w.org\/{rel}","templated":true}]}}