{"id":282513,"date":"2023-07-08T20:55:58","date_gmt":"2023-07-08T19:55:58","guid":{"rendered":"https:\/\/zakrasnejsivimperk.cz\/?p=282513"},"modified":"2023-07-08T20:55:58","modified_gmt":"2023-07-08T19:55:58","slug":"leto-na-sumave-lesni-samoobsluha-nabizi-sve-stavnate-plody","status":"publish","type":"post","link":"https:\/\/zakrasnejsivimperk.cz\/?p=282513","title":{"rendered":"L\u00c9TO NA \u0160UMAV\u011a: Lesn\u00ed samoobsluha nab\u00edz\u00ed sv\u00e9 \u0161\u0165avnat\u00e9 plody"},"content":{"rendered":"<p><img loading=\"lazy\" decoding=\"async\" class=\"aligncenter wp-image-282515 size-full\" src=\"https:\/\/zakrasnejsivimperk.cz\/wp-content\/uploads\/2023\/07\/08\/boruvky-2.jpg\" alt=\"\" width=\"1100\" height=\"669\" srcset=\"https:\/\/zakrasnejsivimperk.cz\/wp-content\/uploads\/2023\/07\/08\/boruvky-2.jpg 1100w, https:\/\/zakrasnejsivimperk.cz\/wp-content\/uploads\/2023\/07\/08\/boruvky-2-300x182.jpg 300w, https:\/\/zakrasnejsivimperk.cz\/wp-content\/uploads\/2023\/07\/08\/boruvky-2-1024x623.jpg 1024w, https:\/\/zakrasnejsivimperk.cz\/wp-content\/uploads\/2023\/07\/08\/boruvky-2-768x467.jpg 768w, https:\/\/zakrasnejsivimperk.cz\/wp-content\/uploads\/2023\/07\/08\/boruvky-2-587x357.jpg 587w, https:\/\/zakrasnejsivimperk.cz\/wp-content\/uploads\/2023\/07\/08\/boruvky-2-794x483.jpg 794w\" sizes=\"(max-width: 1100px) 100vw, 1100px\" \/><\/p>\n<p>&nbsp;<\/p>\n<p>&nbsp;<\/p>\n<p><img loading=\"lazy\" decoding=\"async\" class=\"aligncenter wp-image-282514 size-full\" src=\"https:\/\/zakrasnejsivimperk.cz\/wp-content\/uploads\/2023\/07\/08\/boruvky-1.jpg\" alt=\"\" width=\"1500\" height=\"2009\" srcset=\"https:\/\/zakrasnejsivimperk.cz\/wp-content\/uploads\/2023\/07\/08\/boruvky-1.jpg 1500w, https:\/\/zakrasnejsivimperk.cz\/wp-content\/uploads\/2023\/07\/08\/boruvky-1-224x300.jpg 224w, https:\/\/zakrasnejsivimperk.cz\/wp-content\/uploads\/2023\/07\/08\/boruvky-1-765x1024.jpg 765w, https:\/\/zakrasnejsivimperk.cz\/wp-content\/uploads\/2023\/07\/08\/boruvky-1-768x1029.jpg 768w, https:\/\/zakrasnejsivimperk.cz\/wp-content\/uploads\/2023\/07\/08\/boruvky-1-1147x1536.jpg 1147w, https:\/\/zakrasnejsivimperk.cz\/wp-content\/uploads\/2023\/07\/08\/boruvky-1-267x357.jpg 267w, https:\/\/zakrasnejsivimperk.cz\/wp-content\/uploads\/2023\/07\/08\/boruvky-1-361x483.jpg 361w\" sizes=\"(max-width: 1500px) 100vw, 1500px\" \/><\/p>\n<p>&nbsp;<\/p>\n<p><strong>Foto: (red) &#8211; Za kr\u00e1sn\u011bj\u0161\u00ed Vimperk<\/strong><\/p>\n<hr \/>\n<p>&nbsp;<\/p>\n<p>&nbsp;<\/p>\n","protected":false},"excerpt":{"rendered":"<p>&nbsp; &nbsp; <\/p>\n","protected":false},"author":2,"featured_media":282517,"comment_status":"open","ping_status":"open","sticky":false,"template":"","format":"gallery","meta":{"footnotes":""},"categories":[71],"tags":[],"jetpack_featured_media_url":"https:\/\/zakrasnejsivimperk.cz\/wp-content\/uploads\/2023\/07\/08\/ram-boruvky.jpg","_links":{"self":[{"href":"https:\/\/zakrasnejsivimperk.cz\/index.php?rest_route=\/wp\/v2\/posts\/282513"}],"collection":[{"href":"https:\/\/zakrasnejsivimperk.cz\/index.php?rest_route=\/wp\/v2\/posts"}],"about":[{"href":"https:\/\/zakrasnejsivimperk.cz\/index.php?rest_route=\/wp\/v2\/types\/post"}],"author":[{"embeddable":true,"href":"https:\/\/zakrasnejsivimperk.cz\/index.php?rest_route=\/wp\/v2\/users\/2"}],"replies":[{"embeddable":true,"href":"https:\/\/zakrasnejsivimperk.cz\/index.php?rest_route=%2Fwp%2Fv2%2Fcomments&post=282513"}],"version-history":[{"count":1,"href":"https:\/\/zakrasnejsivimperk.cz\/index.php?rest_route=\/wp\/v2\/posts\/282513\/revisions"}],"predecessor-version":[{"id":282518,"href":"https:\/\/zakrasnejsivimperk.cz\/index.php?rest_route=\/wp\/v2\/posts\/282513\/revisions\/282518"}],"wp:featuredmedia":[{"embeddable":true,"href":"https:\/\/zakrasnejsivimperk.cz\/index.php?rest_route=\/wp\/v2\/media\/282517"}],"wp:attachment":[{"href":"https:\/\/zakrasnejsivimperk.cz\/index.php?rest_route=%2Fwp%2Fv2%2Fmedia&parent=282513"}],"wp:term":[{"taxonomy":"category","embeddable":true,"href":"https:\/\/zakrasnejsivimperk.cz\/index.php?rest_route=%2Fwp%2Fv2%2Fcategories&post=282513"},{"taxonomy":"post_tag","embeddable":true,"href":"https:\/\/zakrasnejsivimperk.cz\/index.php?rest_route=%2Fwp%2Fv2%2Ftags&post=282513"}],"curies":[{"name":"wp","href":"https:\/\/api.w.org\/{rel}","templated":true}]}}