{"id":282499,"date":"2023-07-07T20:49:07","date_gmt":"2023-07-07T19:49:07","guid":{"rendered":"https:\/\/zakrasnejsivimperk.cz\/?p=282499"},"modified":"2023-07-07T20:49:07","modified_gmt":"2023-07-07T19:49:07","slug":"hygienici-informuji-letni-tabory-koupaci-sezona-klistata-utoci","status":"publish","type":"post","link":"https:\/\/zakrasnejsivimperk.cz\/?p=282499","title":{"rendered":"HYGIENICI INFORMUJ\u00cd: Letn\u00ed t\u00e1bory, koupac\u00ed sezona, kl\u00ed\u0161\u0165ata \u00fato\u010d\u00ed"},"content":{"rendered":"<p><img loading=\"lazy\" decoding=\"async\" class=\"aligncenter wp-image-199605 size-full\" src=\"https:\/\/zakrasnejsivimperk.cz\/wp-content\/uploads\/2020\/08\/06\/khs-logo.jpg\" alt=\"\" width=\"922\" height=\"396\" srcset=\"https:\/\/zakrasnejsivimperk.cz\/wp-content\/uploads\/2020\/08\/06\/khs-logo.jpg 922w, https:\/\/zakrasnejsivimperk.cz\/wp-content\/uploads\/2020\/08\/06\/khs-logo-300x129.jpg 300w, https:\/\/zakrasnejsivimperk.cz\/wp-content\/uploads\/2020\/08\/06\/khs-logo-768x330.jpg 768w, https:\/\/zakrasnejsivimperk.cz\/wp-content\/uploads\/2020\/08\/06\/khs-logo-831x357.jpg 831w\" sizes=\"(max-width: 922px) 100vw, 922px\" \/><\/p>\n<p>&nbsp;<\/p>\n<h4>Na Orl\u00edku u Podolska byl zru\u0161en z\u00e1kaz koup\u00e1n\u00ed, kvalita vody je tu ale st\u00e1le na \u010dty\u0159ce<\/h4>\n<h6><strong>\u010cESK\u00c9 BUD\u011aJOVICE 7. 7. \u2013 V\u00fdsledky mimo\u0159\u00e1dn\u00e9ho m\u011b\u0159en\u00ed kvality koupac\u00ed vody v tomto t\u00fddnu potvrdily \u0161patnou kvalitu vody u Podolska na Orl\u00edku, nicm\u00e9n\u011b do\u0161lo tu ke zlep\u0161en\u00ed a k dne\u0161ku bylo mo\u017en\u00e9 zru\u0161it do\u010dasn\u00fd z\u00e1kaz koup\u00e1n\u00ed z konce \u010dervna.<\/strong><\/h6>\n<p><em>\u201eVoda ve sledovan\u00e9 lokalit\u011b u Podolska na Orl\u00edku je nevhodn\u00e1 ke koup\u00e1n\u00ed. Dle aktu\u00e1ln\u00edho rozboru je p\u0159ekro\u010dena hodnota pro ukazatele sinice, chlorofyl-a, vodn\u00ed kv\u011bt a byla zde zji\u0161t\u011bna sn\u00ed\u017een\u00e1 pr\u016fhlednost. Voda neodpov\u00edd\u00e1 hygienick\u00fdm po\u017eadavk\u016fm a pro u\u017eivatele p\u0159edstavuje zdravotn\u00ed riziko. Koup\u00e1n\u00ed a provozov\u00e1n\u00ed vodn\u00edch sport\u016f nelze doporu\u010dit zejm\u00e9na pro d\u011bti, t\u011bhotn\u00ed \u017eeny, osoby trp\u00edc\u00ed alergi\u00ed a osoby s oslaben\u00fdm imunitn\u00edm syst\u00e9mem. Voda byla celkov\u011b hodnocena stupn\u011bm 4 a ke dni 7. \u010dervence byl odvol\u00e1n do\u010dasn\u00fd z\u00e1kaz koup\u00e1n\u00ed ze dne 22. \u010dervna 2023,\u201c<\/em> uvedla \u0159editelka KHS Jiho\u010desk\u00e9ho kraje Kvetoslava Kotrbov\u00e1.<\/p>\n<p>Druh\u00fd mimo\u0159\u00e1dn\u00fd odb\u011br byl v t\u00fddnu realizov\u00e1n na Sta\u0148kovsk\u00e9m rybn\u00edce na Jind\u0159ichohradecku. Voda, odeb\u00edran\u00e1 u ji\u017en\u00edho b\u0159ehu v pond\u011bl\u00ed, byla dnes hodnocena stupn\u011bm 3, kter\u00fd p\u0159edstavuje zhor\u0161enou jakost vody s m\u00edrn\u011b zv\u00fd\u0161enou pravd\u011bpodobnost\u00ed vzniku zdravotn\u00edch probl\u00e9m\u016f p\u0159i vodn\u00ed rekreaci. U n\u011bkter\u00fdch vn\u00edmav\u00fdch jedinc\u016f by se ji\u017e mohly vyskytnout zdravotn\u00ed obt\u00ed\u017ee, po koup\u00e1n\u00ed se doporu\u010duje osprchovat \u010distou vodou. Dle aktu\u00e1ln\u00edho rozboru je p\u0159ekro\u010dena limitn\u00ed hodnota ukazatele sinice, chlorofyl-a a pr\u016fhlednost.<\/p>\n<hr \/>\n<p>&nbsp;<\/p>\n<h4>Pr\u00e1zdniny na t\u00e1borech: Zat\u00edm je v kraji nahl\u00e1\u0161eno 270 t\u00e1bor\u016f pro v\u00edce ne\u017e 34 000 d\u011bt\u00ed, dosavadn\u00ed kontroly bez z\u00e1vad<\/h4>\n<h6>\u010cESK\u00c9 BUD\u011aJOVICE 7. 7. \u2013 Naplno za\u010dala sezona letn\u00edch d\u011btsk\u00fdch rekreac\u00ed. K dne\u0161n\u00edmu dni maj\u00ed jiho\u010de\u0161t\u00ed hygienici nahl\u00e1\u0161eno t\u00e9m\u011b\u0159 dv\u011b st\u011b \u010dty\u0159icet zotavovac\u00edch akc\u00ed (ZA) a v\u00edce ne\u017e t\u0159i des\u00edtky men\u0161\u00edch t\u00e1bor\u016f do 30 d\u011bt\u00ed v r\u00e1mci tzv. jin\u00fdch podobn\u00fdch akc\u00ed (JPA).<\/h6>\n<p><em>\u201eK dne\u0161ku m\u00e1me nahl\u00e1\u0161eno zat\u00edm 239 zotavovac\u00edch akc\u00ed a na nich 33 278 d\u011bt\u00ed. D\u00e1le je nahl\u00e1\u0161eno 31 jin\u00fdch podobn\u00fdch akc\u00ed, tedy t\u00e1bor\u016f do t\u0159iceti d\u011bt\u00ed, kde se m\u00e1 rekreovat v\u00edce ne\u017e tis\u00edc d\u011bt\u00ed. Celkem k dne\u0161ku registrujeme 270 t\u00e1bor\u016f a 34 281 rekreovan\u00fdch d\u011bt\u00ed. Tato data se budou je\u0161t\u011b v pr\u016fb\u011bhu pr\u00e1zdnin m\u011bnit. Podobn\u011b jako vloni nem\u00e1me hl\u00e1\u0161en \u017e\u00e1dn\u00fd putovn\u00ed t\u00e1bor. V kon\u010d\u00edc\u00edm t\u00fddnu jsme realizovali osmn\u00e1ct kontrol, zat\u00edm bez z\u00e1vad a sankc\u00ed, neobdr\u017eeli jsme dosud ani \u017e\u00e1dn\u00fd podn\u011bt,\u201c<\/em> uvedla \u0159editelka odboru hygieny d\u011bt\u00ed a mladistv\u00fdch KHS Jiho\u010desk\u00e9ho kraje MUDr. Marie Noskov\u00e1.<\/p>\n<p><em>\u201eVloni jsme nemuseli vydat z\u00e1kaz kon\u00e1n\u00ed akce, ale zjistili jsme jednu neohl\u00e1\u0161enou zotavovac\u00ed akci na T\u00e1borsku. V pr\u016fb\u011bhu lo\u0148sk\u00fdch pr\u00e1zdnin jsme \u0159e\u0161ili celkem p\u011bt p\u0159\u00edpad\u016f onemocn\u011bn\u00ed s hromadn\u00fdm v\u00fdskytem, kter\u00e1 nebyla klasifikov\u00e1na jako epidemie. Obdr\u017eeli jsme dva podn\u011bty, p\u0159i n\u00e1sledn\u00fdch kontrol\u00e1ch se uveden\u00e9 nedostatky nepotvrdily. Za dva pr\u00e1zdninov\u00e9 m\u011bs\u00edce jsme provedli celkem 136 kontrol a ulo\u017eili sankce v celkov\u00e9 v\u00fd\u0161i 17 tis\u00edc korun. Nejv\u011bt\u0161\u00ed, desetitis\u00edcovou, organiz\u00e1tor\u016fm zotavovac\u00ed akce za z\u00e1sadn\u00ed pochyben\u00ed v zaji\u0161t\u011bn\u00ed nez\u00e1vadn\u00e9 pitn\u00e9 vody. To je zcela z\u00e1sadn\u00ed nedostatek a problematice pitn\u00e9 vody a kvality potravin se samoz\u0159ejm\u011b budeme v\u011bnovat i o leto\u0161n\u00edch pr\u00e1zdnin\u00e1ch,\u201c<\/em> doplnila \u0159editelka KHS Jiho\u010desk\u00e9ho kraje Kvetoslava Kotrbov\u00e1.<\/p>\n<p>&nbsp;<\/p>\n<ul>\n<li>\u00b7 Z jiho\u010desk\u00fdch okres\u016f se tradi\u010dn\u011b nejv\u011bt\u0161\u00ed po\u010det t\u00e1bor\u016f kon\u00e1 na Jind\u0159ichohradecku a na P\u00edsecku<\/li>\n<li>\u00b7 Pro organiz\u00e1tory akc\u00ed jako ka\u017ed\u00fd rok poskytuj\u00ed pracovn\u00edci jiho\u010desk\u00e9 KHS telefonick\u00e9 informace a to v\u010detn\u011b v\u00edkend\u016f. Kontakty pro jednotliv\u00e9 okresy najdou na tituln\u00ed str\u00e1nce www.khscb.cz.<\/li>\n<li>\u00b7 O uplynul\u00fdch pr\u00e1zdnin\u00e1ch provedli hygienici v Jiho\u010desk\u00e9m kraji celkem 136 kontrol akc\u00ed letn\u00ed d\u011btsk\u00e9 rekreace<\/li>\n<li>\u00b7 Nahl\u00e1\u0161eno bylo kon\u00e1n\u00ed 367 akc\u00ed, z toho 306 zotavovac\u00edch akc\u00ed, na nich\u017e se pr\u016fb\u011b\u017en\u011b rekreovalo celkem 36 917 d\u011bt\u00ed, a d\u00e1le 61 jin\u00fdch podobn\u00fdch akc\u00ed (JPA), kter\u00fdch se z celkov\u00e9ho po\u010dtu \u00fa\u010dastnilo na dva tis\u00edce d\u011bt\u00ed<\/li>\n<li>\u00b7 Po\u010det zotavovac\u00edch akc\u00ed byl vloni t\u00e9m\u011b\u0159 toto\u017en\u00fd jako v roce 2021, kdy se v kraji uskute\u010dnilo celkem 372 akc\u00ed.<\/li>\n<\/ul>\n<hr \/>\n<p>&nbsp;<\/p>\n<h4>V kraji je 179 p\u0159\u00edpad\u016f lymesk\u00e9 boreli\u00f3zy, v t\u00fddnu p\u0159ibylo 8 nov\u00fdch, u kl\u00ed\u0161\u0165ov\u00e9 encefalitidy je v\u00fdvoj p\u0159\u00edzniv\u011bj\u0161\u00ed, zat\u00edm 13 p\u0159\u00edpad\u016f<\/h4>\n<h6>\u010cESK\u00c9 BUD\u011aJOVICE 7. 7. \u2013 Jiho\u010de\u0161t\u00ed hygienici registruj\u00ed ve 27. t\u00fddnu celkem 179 nahl\u00e1\u0161en\u00fdch a potvrzen\u00fdch p\u0159\u00edpad\u016f lymesk\u00e9 boreli\u00f3zy a 13 p\u0159\u00edpad\u016f kl\u00ed\u0161\u0165ov\u00e9 encefalitidy.<\/h6>\n<p>Aktivita kl\u00ed\u0161\u0165at pro v\u00edkend a dal\u0161\u00ed dny je \u010cesk\u00fdm hydrometeorologick\u00fdm \u00fastavem predikov\u00e1na v ji\u017en\u00edch \u010cech\u00e1ch pro sobotu a dal\u0161\u00ed dny \u010dty\u0159kou, je tedy na vysok\u00e9m stupni rizika!<\/p>\n<p>Hygienici nyn\u00ed registruj\u00ed o 20 p\u0159\u00edpad\u016f lymesk\u00e9 boreli\u00f3zy v\u00edce ne\u017e vloni v tomto obdob\u00ed. <em>\u201eV kon\u010d\u00edc\u00edm zkr\u00e1cen\u00e9m pracovn\u00edm t\u00fddnu p\u0159ibylo osm nov\u011b potvrzen\u00fdch p\u0159\u00edpad\u016f. Nejvy\u0161\u0161\u00ed v\u00fdskyt je na \u010ceskobud\u011bjovicku (45) a T\u00e1borsku (36, +1), \u010ceskokrumlovsko m\u00e1 34 (+3) a Jind\u0159ichohradecko 27 (+3). Na Prachaticku je 16 potvrzen\u00fdch p\u0159\u00edpad\u016f, stejn\u011b jako m\u00e1 Strakonicko, a na P\u00edsecku je hl\u00e1\u0161eno 5 p\u0159\u00edpad\u016f (+1),\u201c<\/em> komentovala t\u00fddenn\u00ed data \u0159editelka KHS Jiho\u010desk\u00e9ho kraje Kvetoslava Kotrbov\u00e1. Vloni bylo v kraji ve 27. kalend\u00e1\u0159n\u00edm t\u00fddnu potvrzeno 179 p\u0159\u00edpad\u016f a v pr\u016fb\u011bhu cel\u00e9 lo\u0148sk\u00e9 sezony 529 p\u0159\u00edpad\u016f.<\/p>\n<p><em>\u201eCo se t\u00fd\u010de kl\u00ed\u0161\u0165ov\u00e9 encefalitidy, letos je evidov\u00e1no zat\u00edm t\u0159in\u00e1ct nahl\u00e1\u0161en\u00fdch a potvrzen\u00fdch p\u0159\u00edpad\u016f tohoto onemocn\u011bn\u00ed, a to na Strakonicku a \u010ceskobud\u011bjovicku po t\u0159ech, na Jind\u0159ichohradecku, P\u00edsecku a Prachaticku po jednom a nejv\u00edce registrujeme na \u010ceskokrumlovsku, kde jsou \u010dty\u0159i p\u0159\u00edpady. V kon\u010d\u00edc\u00edm t\u00fddnu jsme tedy registrovali t\u0159i nov\u011b potvrzen\u00e9 p\u0159\u00edpad. Vloni bylo v kraji v tomto obdob\u00ed 28 p\u0159\u00edpad\u016f, letos jich zat\u00edm m\u00e1me o patn\u00e1ct m\u00e9n\u011b. V cel\u00e9 lo\u0148sk\u00e9 sezon\u011b jsme na jihu \u010cech registrovali celkem 130 potvrzen\u00fdch onemocn\u011bn\u00ed, dosavadn\u00ed v\u00fdvoj leto\u0161n\u00ed sezony je na za\u010d\u00e1tku pr\u00e1zdnin p\u0159\u00edzniv\u011bj\u0161\u00ed ne\u017e v posledn\u00edch letech,\u201c<\/em> dopl\u0148uje \u0159editelka protiepidemick\u00e9ho odboru KHS Jiho\u010desk\u00e9ho kraje Hana Bend\u00edkov\u00e1.<\/p>\n<p>Co se t\u00fd\u010de v\u00fdskytu dal\u0161\u00edch typicky letn\u00edch infekc\u00ed, v prvn\u00edm pr\u00e1zdninov\u00e9m t\u00fddnu je v\u00fdskyt hl\u00e1\u0161en\u00fdch aliment\u00e1rn\u00edch infekc\u00ed zat\u00edm ni\u017e\u0161\u00ed ne\u017e vloni. U salmonel\u00f3zy je letos potvrzeno 193 p\u0159\u00edpad\u016f (+10), o 45 m\u00e9n\u011b ne\u017e vloni v tomto obdob\u00ed, u kampylobakteri\u00f3zy je evidov\u00e1no 390 p\u0159\u00edpad\u016f (+10), o 90 m\u00e9n\u011b ne\u017e vloni.<\/p>\n<p><strong>V\u00fdskyt lymesk\u00e9 boreli\u00f3zy za posledn\u00edch p\u011bt let<\/strong><\/p>\n<ul>\n<li>o V r. 2018 to bylo 473 p\u0159\u00edpad\u016f<\/li>\n<li>o V r. 2019 to bylo 431 p\u0159\u00edpad\u016f<\/li>\n<li>o V r. 2020 to bylo 367 p\u0159\u00edpad\u016f<\/li>\n<li>o V r. 2021 to bylo 270 p\u0159\u00edpad\u016f<\/li>\n<li>o V r. 2022 to bylo 529 p\u0159\u00edpad\u016f<\/li>\n<li>\u00b7 V posledn\u00edch p\u011bti sez\u00f3n\u00e1ch byl nejv\u011bt\u0161\u00ed absolutn\u00ed v\u00fdskyt tohoto onemocn\u011bn\u00ed na \u010ceskobud\u011bjovicku \u2013 celkem 578 p\u0159\u00edpad\u016f, na Jind\u0159ichohradecku 430, na \u010ceskokrumlovsku 345 a T\u00e1borsku 336.<\/li>\n<\/ul>\n<p>&nbsp;<\/p>\n<p><strong>V\u00fdskyt kl\u00ed\u0161\u0165ov\u00e9 encefalitidy v absolutn\u00edch \u010d\u00edslech za posledn\u00edch p\u011bt let<\/strong><\/p>\n<ul>\n<li>o V r. 2018 to bylo 121 p\u0159\u00edpad\u016f<\/li>\n<li>o V r. 2019 to bylo 99 p\u0159\u00edpad\u016f<\/li>\n<li>o V r. 2020 to bylo 137 p\u0159\u00edpad\u016f<\/li>\n<li>o V r. 2021 to bylo 83 p\u0159\u00edpad\u016f<\/li>\n<li>o V r. 2022 to bylo 130 p\u0159\u00edpad\u016f<\/li>\n<li>\u00b7 V posledn\u00edch p\u011bti letech byl nejvy\u0161\u0161\u00ed v\u00fdskyt na \u010ceskobud\u011bjovicku (183 p\u0159\u00edpad\u016f), \u010ceskokrumlovsku s 98 p\u0159\u00edpady a Prachaticku s 81 p\u0159\u00edpadem. Okresem s dlouhodob\u011b nejni\u017e\u0161\u00edm v\u00fdskytem kl\u00ed\u0161\u0165aty p\u0159en\u00e1\u0161en\u00fdch onemocn\u011bn\u00ed P\u00edsecko, kde bylo v posledn\u00edch p\u011bti letech potvrzeno celkem 107 p\u0159\u00edpad\u016f lymesk\u00e9 boreli\u00f3zy a pouze 18 p\u0159\u00edpad\u016f kl\u00ed\u0161\u0165ov\u00e9 encefalitidy.<\/li>\n<li>\u00b7 U kl\u00ed\u0161\u0165ov\u00e9 encefalitidy byl nejvy\u0161\u0161\u00ed po\u010det onemocn\u011bn\u00ed v posledn\u00edch p\u011bti letech registrov\u00e1na ve skupin\u011b 45 \u2013 54 let (109), 65 \u2013 74 let (102) a 55 \u2013 64 let (94).<\/li>\n<li>\u00b7 U lymesk\u00e9 boreli\u00f3zy to byla skupina senior\u016f 65 \u2013 74 let (414 p\u0159\u00edpad\u016f), 55 \u2013 64 let (370) a 45 \u2013 54 let (356).<\/li>\n<\/ul>\n<p>&nbsp;<\/p>\n<ul>\n<li>\u00b7 Kl\u00ed\u0161\u0165ov\u00e1 encefalitida je onemocn\u011bn\u00ed virov\u00e9ho p\u016fvodu s p\u0159\u00edrodn\u00ed ohniskovost\u00ed, m\u016f\u017ee m\u00edt fat\u00e1ln\u00ed n\u00e1sledky, nap\u0159\u00edklad po\u0161kozen\u00ed nervov\u00e9ho syst\u00e9mu a ochrnut\u00ed<\/li>\n<li>\u00b7 Onemocn\u011bn\u00ed kl\u00ed\u0161\u0165ovou encefalitidou se projev\u00ed v prvn\u00ed f\u00e1zi po jednom a\u017e dvou t\u00fddnech od p\u0159is\u00e1t\u00ed zv\u00fd\u0161enou teplotou \u010di hore\u010dkou, mal\u00e1tnost\u00ed, bolestmi hlavy \u010di kloub\u016f<\/li>\n<li>\u00b7 Druh\u00e1 f\u00e1ze nastoup\u00ed po n\u011bkolika dnech relativn\u00edho klidu vysok\u00fdmi hore\u010dkami a p\u0159\u00edznaky napaden\u00ed centr\u00e1ln\u00edho nervov\u00e9ho syst\u00e9mu, kam krom\u011b siln\u00fdch bolest\u00ed hlavy pat\u0159\u00ed z\u00e1vrat\u011b, poruchy sp\u00e1nku, dezorientace, svalov\u00fd t\u0159es \u010di tuhost sval\u016f v \u0161\u00edji<\/li>\n<li>\u00b7 U osob s oslabenou imunitou, soub\u011b\u017en\u00fdm chronick\u00fdm onemocn\u011bn\u00edm \u010di u senior\u016f m\u016f\u017ee b\u00fdt pr\u016fb\u011bh z\u00e1va\u017en\u00fd v\u010detn\u011b ochrnut\u00ed a selh\u00e1v\u00e1n\u00ed \u017eivotn\u011b d\u016fle\u017eit\u00fdch funkc\u00ed<\/li>\n<li>\u00b7 U v\u0161ech pacient\u016f je d\u016fle\u017eit\u00fd klid na l\u016f\u017eku a podp\u016frn\u00e1 l\u00e9\u010dba<\/li>\n<li>\u00b7 Lymesk\u00e1 boreli\u00f3za je bakteri\u00e1ln\u00ed onemocn\u011bn\u00ed, asi p\u011btkr\u00e1t \u010dast\u011bj\u0161\u00ed ne\u017e kl\u00ed\u0161\u0165ov\u00e1 encefalitida, proto\u017ee p\u0159\u00edtomnost borreli\u00ed vykazuje v ohnisc\u00edch a\u017e deset procent populace kl\u00ed\u0161\u0165at. V ji\u017en\u00edch \u010cech\u00e1ch se nejv\u00edce p\u0159\u00edpad\u016f vyskytuje dlouhodob\u011b p\u0159edev\u0161\u00edm na Jind\u0159ichohradecku a T\u00e1borsku, tedy v povod\u00ed Ne\u017e\u00e1rky a Lu\u017enice, v posledn\u00edch letech stoup\u00e1 v\u00fdskyt i ve vy\u0161\u0161\u00edch nadmo\u0159sk\u00fdch v\u00fd\u0161k\u00e1ch a z okres\u016f velmi v\u00fdrazn\u011b v okrese \u010cesk\u00fd Krumlov<\/li>\n<li>\u00b7 Proti lymesk\u00e9 boreli\u00f3ze neexistuje v na\u0161ich podm\u00ednk\u00e1ch o\u010dkov\u00e1n\u00ed, jej\u00ed p\u0159\u00edznaky je mo\u017en\u00e9 l\u00e9\u010dit antibiotiky<\/li>\n<li>\u00b7 U boreli\u00f3zy m\u016f\u017ee b\u00fdt symptomem prvn\u00edho st\u00e1dia \u010derven\u00e1 skvrna, \u0161\u00ed\u0159\u00edc\u00ed se kolem m\u00edsta p\u0159is\u00e1t\u00ed<\/li>\n<li>\u00b7 Druh\u00e9 st\u00e1dium m\u00e1 chronick\u00fd pr\u016fb\u011bh a nastupuje i n\u011bkolik m\u011bs\u00edc\u016f po p\u0159is\u00e1t\u00ed<\/li>\n<li>\u00b7 Projevuje se bolestmi kloub\u016f \u010di posti\u017een\u00edm nervov\u00e9ho syst\u00e9mu, i boreli\u00f3za m\u016f\u017ee m\u00edt u oslaben\u00fdch pacient\u016f z\u00e1va\u017en\u00fd pr\u016fb\u011bh<\/li>\n<li>\u00b7 Doporu\u010dovanou prevenc\u00ed kl\u00ed\u0161\u0165ov\u00e9 encefalitidy je \u00fa\u010dinn\u00e9 o\u010dkov\u00e1n\u00ed, kter\u00e9 je optim\u00e1ln\u00ed postoupit p\u0159ed za\u010d\u00e1tkem hlavn\u00ed sez\u00f3ny aktivity kl\u00ed\u0161\u0165at, tedy na za\u010d\u00e1tku jara<\/li>\n<li>\u00b7 D\u016fle\u017eit\u00e1 je aktivn\u00ed obrana p\u0159i pobytu v p\u0159\u00edrod\u011b \u2013 spr\u00e1vn\u00e9 oble\u010den\u00ed a pou\u017eit\u00ed repelent\u016f<\/li>\n<li>\u00b7 Pro p\u0159enos infek\u010dn\u00ed d\u00e1vky z p\u0159is\u00e1t\u00e9ho kl\u00ed\u0161t\u011bte posta\u010d\u00ed v p\u0159\u00edpad\u011b encefalitidy n\u011bkolik m\u00e1lo hodin, t\u0159eba i pouh\u00e9 dv\u011b hodiny<\/li>\n<li>\u00b7 Aktivita kl\u00ed\u0161\u0165at z\u00e1vis\u00ed na klimatick\u00fdch podm\u00ednk\u00e1ch, vyhovuje jim tepl\u00e9 vlhk\u00e9 po\u010das\u00ed a m\u016f\u017ee se li\u0161it i v pr\u016fb\u011bhu dne, kdy b\u00fdvaj\u00ed kl\u00ed\u0161\u0165ata aktivn\u011bj\u0161\u00edch v rann\u00edch a dopoledn\u00edch hodin\u00e1ch<\/li>\n<li>\u00b7 V na\u0161ich podm\u00ednk\u00e1ch s oteplov\u00e1n\u00edm a zimami bez v\u00fdrazn\u00fdch mraz\u016f kl\u00ed\u0161\u0165ata migruj\u00ed i do vy\u0161\u0161\u00edch nadmo\u0159sk\u00fdch v\u00fd\u0161ek a\u017e kolem tis\u00edce metr\u016f, o \u010dem\u017e sv\u011bd\u010d\u00ed n\u00e1r\u016fst po\u010dtu p\u0159\u00edpad\u016f na \u0160umav\u011b v okresech \u010cesk\u00fd Krumlov a Prachatice<\/li>\n<li>\u00b7 Hygienici eviduj\u00ed prvn\u00ed p\u0159\u00edpady onemocn\u011bn\u00ed podle pr\u016fb\u011bhu zimy, charakteru po\u010das\u00ed atp. ji\u017e v b\u0159eznu s t\u00edm, \u017ee posledn\u00ed p\u0159\u00edpady se projevuj\u00ed b\u011b\u017en\u011b v listopadu<\/li>\n<li>\u00b7 O\u010dkov\u00e1n\u00ed proti kl\u00ed\u0161\u0165ov\u00e9 encefalitid\u011b pro osoby mlad\u0161\u00ed pades\u00e1ti let nen\u00ed hrazeno ze zdravotn\u00edho poji\u0161t\u011bn\u00ed, samotn\u00e9 o\u010dkov\u00e1n\u00ed realizuj\u00ed prakti\u010dt\u00ed l\u00e9ka\u0159i nebo o\u010dkovac\u00ed centra, zdravotn\u00ed poji\u0161\u0165ovny na n\u011b p\u0159isp\u00edvaj\u00ed dle sv\u00fdch program\u016f, zdarma je o\u010dkov\u00e1n\u00ed pro osoby star\u0161\u00ed pades\u00e1ti let<\/li>\n<li>\u00b7 Informace k p\u0159edpokl\u00e1dan\u00e9 aktivit\u011b kl\u00ed\u0161\u0165at zve\u0159ej\u0148uje v sez\u00f3n\u011b \u010cesk\u00fd hydrometeorologick\u00fd \u00fastav a informace k prevenci onemocn\u011bn\u00ed St\u00e1tn\u00ed zdravotn\u00ed \u00fastav \u010di krajsk\u00e9 hygienick\u00e9 stanice<\/li>\n<\/ul>\n<p>&nbsp;<\/p>\n<p><strong>(tz-khs)<\/strong><\/p>\n<hr \/>\n<p>&nbsp;<\/p>\n<p>&nbsp;<\/p>\n","protected":false},"excerpt":{"rendered":"<p>&nbsp; Na <\/p>\n","protected":false},"author":2,"featured_media":199605,"comment_status":"open","ping_status":"open","sticky":false,"template":"","format":"gallery","meta":{"footnotes":""},"categories":[128],"tags":[],"jetpack_featured_media_url":"https:\/\/zakrasnejsivimperk.cz\/wp-content\/uploads\/2020\/08\/06\/khs-logo.jpg","_links":{"self":[{"href":"https:\/\/zakrasnejsivimperk.cz\/index.php?rest_route=\/wp\/v2\/posts\/282499"}],"collection":[{"href":"https:\/\/zakrasnejsivimperk.cz\/index.php?rest_route=\/wp\/v2\/posts"}],"about":[{"href":"https:\/\/zakrasnejsivimperk.cz\/index.php?rest_route=\/wp\/v2\/types\/post"}],"author":[{"embeddable":true,"href":"https:\/\/zakrasnejsivimperk.cz\/index.php?rest_route=\/wp\/v2\/users\/2"}],"replies":[{"embeddable":true,"href":"https:\/\/zakrasnejsivimperk.cz\/index.php?rest_route=%2Fwp%2Fv2%2Fcomments&post=282499"}],"version-history":[{"count":2,"href":"https:\/\/zakrasnejsivimperk.cz\/index.php?rest_route=\/wp\/v2\/posts\/282499\/revisions"}],"predecessor-version":[{"id":282501,"href":"https:\/\/zakrasnejsivimperk.cz\/index.php?rest_route=\/wp\/v2\/posts\/282499\/revisions\/282501"}],"wp:featuredmedia":[{"embeddable":true,"href":"https:\/\/zakrasnejsivimperk.cz\/index.php?rest_route=\/wp\/v2\/media\/199605"}],"wp:attachment":[{"href":"https:\/\/zakrasnejsivimperk.cz\/index.php?rest_route=%2Fwp%2Fv2%2Fmedia&parent=282499"}],"wp:term":[{"taxonomy":"category","embeddable":true,"href":"https:\/\/zakrasnejsivimperk.cz\/index.php?rest_route=%2Fwp%2Fv2%2Fcategories&post=282499"},{"taxonomy":"post_tag","embeddable":true,"href":"https:\/\/zakrasnejsivimperk.cz\/index.php?rest_route=%2Fwp%2Fv2%2Ftags&post=282499"}],"curies":[{"name":"wp","href":"https:\/\/api.w.org\/{rel}","templated":true}]}}