{"id":282435,"date":"2023-07-07T12:24:53","date_gmt":"2023-07-07T11:24:53","guid":{"rendered":"https:\/\/zakrasnejsivimperk.cz\/?p=282435"},"modified":"2023-07-07T12:24:53","modified_gmt":"2023-07-07T11:24:53","slug":"leto-v-nasem-meste-cestou-z-vlakoveho-nadrazi","status":"publish","type":"post","link":"https:\/\/zakrasnejsivimperk.cz\/?p=282435","title":{"rendered":"L\u00c9TO V NA\u0160EM M\u011aST\u011a: Cestou z vlakov\u00e9ho n\u00e1dra\u017e\u00ed"},"content":{"rendered":"<p><img loading=\"lazy\" decoding=\"async\" class=\"aligncenter wp-image-249847 size-full\" src=\"https:\/\/zakrasnejsivimperk.cz\/wp-content\/uploads\/2022\/03\/19\/Logo-fb.jpg\" alt=\"\" width=\"800\" height=\"324\" srcset=\"https:\/\/zakrasnejsivimperk.cz\/wp-content\/uploads\/2022\/03\/19\/Logo-fb.jpg 800w, https:\/\/zakrasnejsivimperk.cz\/wp-content\/uploads\/2022\/03\/19\/Logo-fb-300x122.jpg 300w, https:\/\/zakrasnejsivimperk.cz\/wp-content\/uploads\/2022\/03\/19\/Logo-fb-768x311.jpg 768w\" sizes=\"(max-width: 800px) 100vw, 800px\" \/><\/p>\n<hr \/>\n<p>&nbsp;<\/p>\n<p>&nbsp;<\/p>\n<p><img loading=\"lazy\" decoding=\"async\" class=\"aligncenter wp-image-282436 size-full\" src=\"https:\/\/zakrasnejsivimperk.cz\/wp-content\/uploads\/2023\/07\/06\/cesta-od-vlaku-1.jpg\" alt=\"\" width=\"1100\" height=\"792\" srcset=\"https:\/\/zakrasnejsivimperk.cz\/wp-content\/uploads\/2023\/07\/06\/cesta-od-vlaku-1.jpg 1100w, https:\/\/zakrasnejsivimperk.cz\/wp-content\/uploads\/2023\/07\/06\/cesta-od-vlaku-1-300x216.jpg 300w, https:\/\/zakrasnejsivimperk.cz\/wp-content\/uploads\/2023\/07\/06\/cesta-od-vlaku-1-1024x737.jpg 1024w, https:\/\/zakrasnejsivimperk.cz\/wp-content\/uploads\/2023\/07\/06\/cesta-od-vlaku-1-768x553.jpg 768w, https:\/\/zakrasnejsivimperk.cz\/wp-content\/uploads\/2023\/07\/06\/cesta-od-vlaku-1-326x235.jpg 326w, https:\/\/zakrasnejsivimperk.cz\/wp-content\/uploads\/2023\/07\/06\/cesta-od-vlaku-1-496x357.jpg 496w, https:\/\/zakrasnejsivimperk.cz\/wp-content\/uploads\/2023\/07\/06\/cesta-od-vlaku-1-671x483.jpg 671w, https:\/\/zakrasnejsivimperk.cz\/wp-content\/uploads\/2023\/07\/06\/cesta-od-vlaku-1-198x143.jpg 198w\" sizes=\"(max-width: 1100px) 100vw, 1100px\" \/><\/p>\n<p>&nbsp;<\/p>\n<p>&nbsp;<\/p>\n<p><img loading=\"lazy\" decoding=\"async\" class=\"aligncenter wp-image-282439 size-full\" src=\"https:\/\/zakrasnejsivimperk.cz\/wp-content\/uploads\/2023\/07\/06\/cesta-od-vlaku-4.jpg\" alt=\"\" width=\"1100\" height=\"619\" srcset=\"https:\/\/zakrasnejsivimperk.cz\/wp-content\/uploads\/2023\/07\/06\/cesta-od-vlaku-4.jpg 1100w, https:\/\/zakrasnejsivimperk.cz\/wp-content\/uploads\/2023\/07\/06\/cesta-od-vlaku-4-300x169.jpg 300w, https:\/\/zakrasnejsivimperk.cz\/wp-content\/uploads\/2023\/07\/06\/cesta-od-vlaku-4-1024x576.jpg 1024w, https:\/\/zakrasnejsivimperk.cz\/wp-content\/uploads\/2023\/07\/06\/cesta-od-vlaku-4-768x432.jpg 768w, https:\/\/zakrasnejsivimperk.cz\/wp-content\/uploads\/2023\/07\/06\/cesta-od-vlaku-4-634x357.jpg 634w, https:\/\/zakrasnejsivimperk.cz\/wp-content\/uploads\/2023\/07\/06\/cesta-od-vlaku-4-858x483.jpg 858w\" sizes=\"(max-width: 1100px) 100vw, 1100px\" \/><\/p>\n<p>&nbsp;<\/p>\n<p>&nbsp;<\/p>\n<p><img loading=\"lazy\" decoding=\"async\" class=\"aligncenter wp-image-282438 size-full\" src=\"https:\/\/zakrasnejsivimperk.cz\/wp-content\/uploads\/2023\/07\/06\/cesta-od-vlaku-3.jpg\" alt=\"\" width=\"1100\" height=\"772\" srcset=\"https:\/\/zakrasnejsivimperk.cz\/wp-content\/uploads\/2023\/07\/06\/cesta-od-vlaku-3.jpg 1100w, https:\/\/zakrasnejsivimperk.cz\/wp-content\/uploads\/2023\/07\/06\/cesta-od-vlaku-3-300x211.jpg 300w, https:\/\/zakrasnejsivimperk.cz\/wp-content\/uploads\/2023\/07\/06\/cesta-od-vlaku-3-1024x719.jpg 1024w, https:\/\/zakrasnejsivimperk.cz\/wp-content\/uploads\/2023\/07\/06\/cesta-od-vlaku-3-768x539.jpg 768w, https:\/\/zakrasnejsivimperk.cz\/wp-content\/uploads\/2023\/07\/06\/cesta-od-vlaku-3-509x357.jpg 509w, https:\/\/zakrasnejsivimperk.cz\/wp-content\/uploads\/2023\/07\/06\/cesta-od-vlaku-3-688x483.jpg 688w\" sizes=\"(max-width: 1100px) 100vw, 1100px\" \/><\/p>\n<p>&nbsp;<\/p>\n<p>&nbsp;<\/p>\n<p><img loading=\"lazy\" decoding=\"async\" class=\"aligncenter wp-image-282437 size-full\" src=\"https:\/\/zakrasnejsivimperk.cz\/wp-content\/uploads\/2023\/07\/06\/cesta-od-vlaku-2.jpg\" alt=\"\" width=\"937\" height=\"1100\" srcset=\"https:\/\/zakrasnejsivimperk.cz\/wp-content\/uploads\/2023\/07\/06\/cesta-od-vlaku-2.jpg 937w, https:\/\/zakrasnejsivimperk.cz\/wp-content\/uploads\/2023\/07\/06\/cesta-od-vlaku-2-256x300.jpg 256w, https:\/\/zakrasnejsivimperk.cz\/wp-content\/uploads\/2023\/07\/06\/cesta-od-vlaku-2-872x1024.jpg 872w, https:\/\/zakrasnejsivimperk.cz\/wp-content\/uploads\/2023\/07\/06\/cesta-od-vlaku-2-768x902.jpg 768w, https:\/\/zakrasnejsivimperk.cz\/wp-content\/uploads\/2023\/07\/06\/cesta-od-vlaku-2-304x357.jpg 304w, https:\/\/zakrasnejsivimperk.cz\/wp-content\/uploads\/2023\/07\/06\/cesta-od-vlaku-2-411x483.jpg 411w\" sizes=\"(max-width: 937px) 100vw, 937px\" \/><\/p>\n<p>&nbsp;<\/p>\n<p><strong>Foto: (red) &#8211; Za kr\u00e1sn\u011bj\u0161\u00ed Vimperk\u00a0<\/strong><\/p>\n<hr \/>\n<p>&nbsp;<\/p>\n<p>&nbsp;<\/p>\n","protected":false},"excerpt":{"rendered":"<p>&nbsp; &nbsp; <\/p>\n","protected":false},"author":2,"featured_media":282441,"comment_status":"open","ping_status":"open","sticky":false,"template":"","format":"gallery","meta":{"footnotes":""},"categories":[108],"tags":[],"jetpack_featured_media_url":"https:\/\/zakrasnejsivimperk.cz\/wp-content\/uploads\/2023\/07\/06\/ram-leto-cesta.jpg","_links":{"self":[{"href":"https:\/\/zakrasnejsivimperk.cz\/index.php?rest_route=\/wp\/v2\/posts\/282435"}],"collection":[{"href":"https:\/\/zakrasnejsivimperk.cz\/index.php?rest_route=\/wp\/v2\/posts"}],"about":[{"href":"https:\/\/zakrasnejsivimperk.cz\/index.php?rest_route=\/wp\/v2\/types\/post"}],"author":[{"embeddable":true,"href":"https:\/\/zakrasnejsivimperk.cz\/index.php?rest_route=\/wp\/v2\/users\/2"}],"replies":[{"embeddable":true,"href":"https:\/\/zakrasnejsivimperk.cz\/index.php?rest_route=%2Fwp%2Fv2%2Fcomments&post=282435"}],"version-history":[{"count":2,"href":"https:\/\/zakrasnejsivimperk.cz\/index.php?rest_route=\/wp\/v2\/posts\/282435\/revisions"}],"predecessor-version":[{"id":282442,"href":"https:\/\/zakrasnejsivimperk.cz\/index.php?rest_route=\/wp\/v2\/posts\/282435\/revisions\/282442"}],"wp:featuredmedia":[{"embeddable":true,"href":"https:\/\/zakrasnejsivimperk.cz\/index.php?rest_route=\/wp\/v2\/media\/282441"}],"wp:attachment":[{"href":"https:\/\/zakrasnejsivimperk.cz\/index.php?rest_route=%2Fwp%2Fv2%2Fmedia&parent=282435"}],"wp:term":[{"taxonomy":"category","embeddable":true,"href":"https:\/\/zakrasnejsivimperk.cz\/index.php?rest_route=%2Fwp%2Fv2%2Fcategories&post=282435"},{"taxonomy":"post_tag","embeddable":true,"href":"https:\/\/zakrasnejsivimperk.cz\/index.php?rest_route=%2Fwp%2Fv2%2Ftags&post=282435"}],"curies":[{"name":"wp","href":"https:\/\/api.w.org\/{rel}","templated":true}]}}