{"id":282400,"date":"2023-07-05T16:39:02","date_gmt":"2023-07-05T15:39:02","guid":{"rendered":"https:\/\/zakrasnejsivimperk.cz\/?p=282400"},"modified":"2023-07-09T13:09:24","modified_gmt":"2023-07-09T12:09:24","slug":"leto-v-nasem-meste-lavicka-na-vodniku","status":"publish","type":"post","link":"https:\/\/zakrasnejsivimperk.cz\/?p=282400","title":{"rendered":"L\u00c9TO V NA\u0160EM M\u011aST\u011a: Lavi\u010dka na Vodn\u00edku"},"content":{"rendered":"<p><img loading=\"lazy\" decoding=\"async\" class=\"aligncenter wp-image-249847 size-full\" src=\"https:\/\/zakrasnejsivimperk.cz\/wp-content\/uploads\/2022\/03\/19\/Logo-fb.jpg\" alt=\"\" width=\"800\" height=\"324\" srcset=\"https:\/\/zakrasnejsivimperk.cz\/wp-content\/uploads\/2022\/03\/19\/Logo-fb.jpg 800w, https:\/\/zakrasnejsivimperk.cz\/wp-content\/uploads\/2022\/03\/19\/Logo-fb-300x122.jpg 300w, https:\/\/zakrasnejsivimperk.cz\/wp-content\/uploads\/2022\/03\/19\/Logo-fb-768x311.jpg 768w\" sizes=\"(max-width: 800px) 100vw, 800px\" \/><\/p>\n<hr \/>\n<p>&nbsp;<\/p>\n<p>&nbsp;<\/p>\n<h6 style=\"text-align: center;\">Tato vysokou tr\u00e1vou obrostl\u00e1 lavi\u010dka v rekrea\u010dn\u00edm a sportovn\u00edm are\u00e1lu Vodn\u00edk k posezen\u00ed v\u016fbec nel\u00e1k\u00e1.<\/h6>\n<p>&nbsp;<\/p>\n<figure id=\"attachment_282401\" aria-describedby=\"caption-attachment-282401\" style=\"width: 959px\" class=\"wp-caption aligncenter\"><img loading=\"lazy\" decoding=\"async\" class=\"wp-image-282401 size-full\" src=\"https:\/\/zakrasnejsivimperk.cz\/wp-content\/uploads\/2023\/07\/04\/vpk-lavicka-na-vodniiku.jpg\" alt=\"\" width=\"959\" height=\"1100\" srcset=\"https:\/\/zakrasnejsivimperk.cz\/wp-content\/uploads\/2023\/07\/04\/vpk-lavicka-na-vodniiku.jpg 959w, https:\/\/zakrasnejsivimperk.cz\/wp-content\/uploads\/2023\/07\/04\/vpk-lavicka-na-vodniiku-262x300.jpg 262w, https:\/\/zakrasnejsivimperk.cz\/wp-content\/uploads\/2023\/07\/04\/vpk-lavicka-na-vodniiku-893x1024.jpg 893w, https:\/\/zakrasnejsivimperk.cz\/wp-content\/uploads\/2023\/07\/04\/vpk-lavicka-na-vodniiku-768x881.jpg 768w, https:\/\/zakrasnejsivimperk.cz\/wp-content\/uploads\/2023\/07\/04\/vpk-lavicka-na-vodniiku-311x357.jpg 311w, https:\/\/zakrasnejsivimperk.cz\/wp-content\/uploads\/2023\/07\/04\/vpk-lavicka-na-vodniiku-421x483.jpg 421w\" sizes=\"(max-width: 959px) 100vw, 959px\" \/><figcaption id=\"caption-attachment-282401\" class=\"wp-caption-text\">Foto: (red) &#8211; Za kr\u00e1sn\u011bj\u0161\u00ed Vimperk<\/figcaption><\/figure>\n<hr \/>\n<p>&nbsp;<\/p>\n<p>&nbsp;<\/p>\n","protected":false},"excerpt":{"rendered":"<p>&nbsp; &nbsp; <\/p>\n","protected":false},"author":2,"featured_media":282425,"comment_status":"open","ping_status":"open","sticky":false,"template":"","format":"gallery","meta":{"footnotes":""},"categories":[108],"tags":[],"jetpack_featured_media_url":"https:\/\/zakrasnejsivimperk.cz\/wp-content\/uploads\/2023\/07\/05\/ram-lavicka-trava.jpg","_links":{"self":[{"href":"https:\/\/zakrasnejsivimperk.cz\/index.php?rest_route=\/wp\/v2\/posts\/282400"}],"collection":[{"href":"https:\/\/zakrasnejsivimperk.cz\/index.php?rest_route=\/wp\/v2\/posts"}],"about":[{"href":"https:\/\/zakrasnejsivimperk.cz\/index.php?rest_route=\/wp\/v2\/types\/post"}],"author":[{"embeddable":true,"href":"https:\/\/zakrasnejsivimperk.cz\/index.php?rest_route=\/wp\/v2\/users\/2"}],"replies":[{"embeddable":true,"href":"https:\/\/zakrasnejsivimperk.cz\/index.php?rest_route=%2Fwp%2Fv2%2Fcomments&post=282400"}],"version-history":[{"count":3,"href":"https:\/\/zakrasnejsivimperk.cz\/index.php?rest_route=\/wp\/v2\/posts\/282400\/revisions"}],"predecessor-version":[{"id":282569,"href":"https:\/\/zakrasnejsivimperk.cz\/index.php?rest_route=\/wp\/v2\/posts\/282400\/revisions\/282569"}],"wp:featuredmedia":[{"embeddable":true,"href":"https:\/\/zakrasnejsivimperk.cz\/index.php?rest_route=\/wp\/v2\/media\/282425"}],"wp:attachment":[{"href":"https:\/\/zakrasnejsivimperk.cz\/index.php?rest_route=%2Fwp%2Fv2%2Fmedia&parent=282400"}],"wp:term":[{"taxonomy":"category","embeddable":true,"href":"https:\/\/zakrasnejsivimperk.cz\/index.php?rest_route=%2Fwp%2Fv2%2Fcategories&post=282400"},{"taxonomy":"post_tag","embeddable":true,"href":"https:\/\/zakrasnejsivimperk.cz\/index.php?rest_route=%2Fwp%2Fv2%2Ftags&post=282400"}],"curies":[{"name":"wp","href":"https:\/\/api.w.org\/{rel}","templated":true}]}}