{"id":282318,"date":"2023-07-10T13:07:47","date_gmt":"2023-07-10T12:07:47","guid":{"rendered":"https:\/\/zakrasnejsivimperk.cz\/?p=282318"},"modified":"2023-07-16T12:48:04","modified_gmt":"2023-07-16T11:48:04","slug":"na-cestach-dovolena-je-v-jiznich-cechach-ve-znameni-novinek","status":"publish","type":"post","link":"https:\/\/zakrasnejsivimperk.cz\/?p=282318","title":{"rendered":"NA CEST\u00c1CH: Dovolen\u00e1 je v ji\u017en\u00edch \u010cech\u00e1ch ve znamen\u00ed novinek"},"content":{"rendered":"<figure id=\"attachment_282320\" aria-describedby=\"caption-attachment-282320\" style=\"width: 1040px\" class=\"wp-caption aligncenter\"><img loading=\"lazy\" decoding=\"async\" class=\"wp-image-282320 size-full\" src=\"https:\/\/zakrasnejsivimperk.cz\/wp-content\/uploads\/2023\/07\/03\/Bohemia_Classic_Lipensko.jpg\" alt=\"\" width=\"1040\" height=\"693\" srcset=\"https:\/\/zakrasnejsivimperk.cz\/wp-content\/uploads\/2023\/07\/03\/Bohemia_Classic_Lipensko.jpg 1040w, https:\/\/zakrasnejsivimperk.cz\/wp-content\/uploads\/2023\/07\/03\/Bohemia_Classic_Lipensko-300x200.jpg 300w, https:\/\/zakrasnejsivimperk.cz\/wp-content\/uploads\/2023\/07\/03\/Bohemia_Classic_Lipensko-1024x682.jpg 1024w, https:\/\/zakrasnejsivimperk.cz\/wp-content\/uploads\/2023\/07\/03\/Bohemia_Classic_Lipensko-768x512.jpg 768w, https:\/\/zakrasnejsivimperk.cz\/wp-content\/uploads\/2023\/07\/03\/Bohemia_Classic_Lipensko-536x357.jpg 536w, https:\/\/zakrasnejsivimperk.cz\/wp-content\/uploads\/2023\/07\/03\/Bohemia_Classic_Lipensko-725x483.jpg 725w\" sizes=\"(max-width: 1040px) 100vw, 1040px\" \/><figcaption id=\"caption-attachment-282320\" class=\"wp-caption-text\">Bohemia Classic &#8211; Lipensko<\/figcaption><\/figure>\n<p>&nbsp;<\/p>\n<h6>Pokud si chcete u\u017e\u00edt letn\u00ed dovolenou, vyu\u017e\u00edt jedine\u010dn\u00e9 mo\u017enosti nav\u0161t\u00edvit unik\u00e1tn\u00ed m\u00edsta nebo z\u00edskat v\u011bt\u0161\u00ed cestovatelsk\u00fd rozhled, tak jste na spr\u00e1vn\u00e9m m\u00edst\u011b. Nov\u00e9 atraktivity ocen\u00ed turist\u00e9 nap\u0159\u00ed\u010d v\u0161emi generacemi a z\u00e1jmy.<\/h6>\n<p><img loading=\"lazy\" decoding=\"async\" class=\"size-medium wp-image-119660 alignright\" src=\"https:\/\/zakrasnejsivimperk.cz\/wp-content\/uploads\/2018\/01\/11\/jccr-300x225.jpg\" alt=\"\" width=\"300\" height=\"225\" srcset=\"https:\/\/zakrasnejsivimperk.cz\/wp-content\/uploads\/2018\/01\/11\/jccr-300x225.jpg 300w, https:\/\/zakrasnejsivimperk.cz\/wp-content\/uploads\/2018\/01\/11\/jccr-768x576.jpg 768w, https:\/\/zakrasnejsivimperk.cz\/wp-content\/uploads\/2018\/01\/11\/jccr-476x357.jpg 476w, https:\/\/zakrasnejsivimperk.cz\/wp-content\/uploads\/2018\/01\/11\/jccr-644x483.jpg 644w, https:\/\/zakrasnejsivimperk.cz\/wp-content\/uploads\/2018\/01\/11\/jccr.jpg 800w\" sizes=\"(max-width: 300px) 100vw, 300px\" \/>Od kv\u011btna leto\u0161n\u00edho roku m\u016f\u017eete v \u010cesk\u00fdch Bud\u011bjovic\u00edch nav\u0161t\u00edvit nov\u00fd, revitalizovan\u00fd Park Dukelsk\u00e1, kter\u00fd umo\u017e\u0148uje p\u0159\u00edstup p\u0159\u00edmo k vod\u011b na nov\u00e9 n\u00e1plavce. A\u0165 u\u017e p\u016fjdete p\u011b\u0161ky na kole, tak si m\u016f\u017eete vychutnat osv\u011b\u017euj\u00edc\u00ed pohodu p\u0159\u00edmo v centru m\u011bsta.<\/p>\n<p><strong>T\u0159ebo\u0148 105<\/strong> je nov\u00fd kulturn\u00ed prostor, kde spolu v dokonal\u00e9 synergii funguje divadlo, biograf, hudebn\u00ed produkce a galerie. Zveme v\u00e1s na bohat\u00fd letn\u00ed program, v r\u00e1mci kter\u00e9ho do T\u0159ebon\u011b poprv\u00e9 zav\u00edt\u00e1 t\u0159eba i anim\u00e1torka a ilustr\u00e1torka Eli\u0161ka Podzimkov\u00e1 s interaktivn\u00ed v\u00fdstavou pro celou rodinu SOPKA LES PRALES. T\u011b\u0161it se m\u016f\u017eete tak\u00e9 na divadeln\u00ed p\u0159edstaven\u00ed, prom\u00edt\u00e1n\u00ed film\u016f pod \u0161ir\u00fdm nebem, koncerty \u010di v\u00fdtvarn\u00fd happening.<\/p>\n<p><strong>Kl\u00e1\u0161tery \u010cesk\u00fd Krumlov<\/strong> jsou zn\u00e1m\u00e9 sv\u00fdmi \u010detn\u00fdmi origin\u00e1ln\u00edmi v\u00fdstavami a interaktivn\u00ed z\u00e1bavou. Novinkou je zde nap\u0159\u00edklad v\u00fdstava Maurizia Olivotta: Bestiarium, kter\u00fd zaujme nejen dosp\u011bl\u00e9, ale je zde p\u0159ipraven i speci\u00e1ln\u00ed program pro d\u011bti.<\/p>\n<p>A u d\u011bt\u00ed je\u0161t\u011b z\u016fstaneme. <strong>Toulava<\/strong> zve rodiny s d\u011btmi na novou expozici <strong>Sk\u0159\u00edtkov Bechyn\u011b<\/strong>. P\u0159iv\u00edtaj\u00ed v\u00e1s zde postavy sk\u0159\u00edtk\u016f a dal\u0161\u00edch poh\u00e1dkov\u00fdch postav, projdete se kouzeln\u00fdm lesem nebo nahl\u00e9dnete do komnaty zoubkov\u00e9 v\u00edly.<\/p>\n<p>P\u016fvodn\u00ed trasu k <strong>Boub\u00ednsk\u00e9mu jez\u00edrku na \u0160umavsku<\/strong>, kter\u00e1 je nyn\u00ed uzav\u0159en\u00e1 z d\u016fvodu mo\u017en\u00e9ho p\u00e1du such\u00fdch strom\u016f, nahradila nov\u00e1, kterou postavily Lesy \u010cR. Vznikl povalov\u00fd chodn\u00edk v m\u00edstech, kde p\u00e1d such\u00fdch strom\u016f nehroz\u00ed. N\u00e1v\u0161t\u011bvn\u00edci se tak dostanou na \u010d\u00e1st hr\u00e1ze s kr\u00e1snou vyhl\u00eddkou na jez\u00edrko.<\/p>\n<p>V <strong>Blatn\u00e9<\/strong> byly otev\u0159eny nov\u00e9 <strong>pivn\u00ed l\u00e1zn\u011b<\/strong>. Jedn\u00e1 se o zbrusu nov\u00fd projekt, kter\u00fd n\u00e1v\u0161t\u011bvn\u00edk\u016fm d\u00e1v\u00e1 mo\u017enost individu\u00e1ln\u00ed relaxace. Krom\u011b pivn\u00ed koupele je mo\u017en\u00e9 se smo\u010dit i v r\u016f\u017eov\u00e9 van\u011b, nebo\u0165 Blatn\u00e1 je m\u011bstem r\u016f\u017e\u00ed. V z\u00e1meck\u00e9m parku je mo\u017en\u00e9 vyu\u017e\u00edt proch\u00e1zku s alpakou nebo za\u017e\u00edt gastronomickou chvilku v romantick\u00e9 kav\u00e1rn\u011b.<\/p>\n<p>Jiho\u010desk\u00fd kraj a Jiho\u010desk\u00e9 muzeum v \u010cesk\u00fdch Bud\u011bjovic\u00edch srde\u010dn\u011b zvou na <strong>Trocnovsk\u00e9 slavnosti,<\/strong> kter\u00e9 se konaj\u00ed 8. \u2013 9. z\u00e1\u0159\u00ed v are\u00e1lu Pam\u00e1tn\u00edku Jana \u017di\u017eky z Trocnova a m\u00edstn\u00edho Archeoskanzenu. Akce<\/p>\n<p>je dvoudenn\u00ed a nab\u00eddne bohat\u00fd program zdarma. T\u011b\u0161it se m\u016f\u017eete na RockFest, komentovan\u00e9 prohl\u00eddky, st\u0159edov\u011bkou hudbu, uk\u00e1zky sokolnictv\u00ed, lukost\u0159elbu, divadlo, st\u0159edov\u011bk\u00e9 living history, historick\u00e1 \u0159emesla, uk\u00e1zky zbran\u00ed a zbroj\u00ed, muzejn\u00ed expozici a mnoho dal\u0161\u00edho.<\/p>\n<p>Vyvrcholen\u00ed Classic Challenge 2023 se odehraje stejn\u011b jako v minul\u00fdch letech p\u0159i nejv\u011bt\u0161\u00ed tuzemsk\u00e9 <strong>setinov\u00e9 rallye South Bohemia Classic<\/strong>. Tradi\u010dn\u00edm d\u011bji\u0161t\u011bm ji\u017e \u010dtrn\u00e1ct\u00e9ho ro\u010dn\u00edku bude v term\u00ednu 8. a 9. z\u00e1\u0159\u00ed Hotel Resort Relax v Doln\u00ed Vltavici na <strong>Lipensku<\/strong>. Mezin\u00e1rodn\u00ed setinov\u00e1 rallye klasick\u00fdch voz\u016f p\u0159il\u00e1k\u00e1 na start ka\u017edoro\u010dn\u011b kolem 150 pos\u00e1dek z n\u011bkolika zem\u00ed sv\u011bta.<\/p>\n<p>Pokud jste vyznava\u010dem aktivn\u00edho tr\u00e1ven\u00ed voln\u00e9ho \u010dasu, tak m\u016f\u017eete nav\u0161t\u00edvit nov\u00fd <strong>Sport Park v Jind\u0159ichov\u011b Hradci<\/strong>, pobl\u00ed\u017e obce Ot\u00edn. Je mo\u017eno si zde zahr\u00e1t fotbalgolf, zajezdit si v bikeparku, najdete zde tra\u0165 pro za\u010d\u00e1te\u010dn\u00edky i pokro\u010dil\u00e9. Pro nejmen\u0161\u00ed je zde d\u011btsk\u00e9 h\u0159i\u0161t\u011b. Ob\u010derstven\u00ed s terasou a p\u00edse\u010dn\u00e1 pl\u00e1\u017e poskytnou p\u0159\u00edjemn\u00e9 z\u00e1zem\u00ed na cel\u00fd den.<\/p>\n<p><em>\u201ePokud budete pot\u0159ebovat poradit, vyu\u017eijte web <a href=\"https:\/\/www.jiznicechy.cz\/\" target=\"_blank\" rel=\"noopener\"><strong>www.jiznicechy.cz<\/strong><\/a>, kde najdete tipy na v\u00fdlety, TOP akce roku, co d\u011blat i kdy\u017e pr\u0161\u00ed, kalend\u00e1\u0159 akc\u00ed, zkr\u00e1tka v\u0161e, co jako turista pot\u0159ebujete v\u011bd\u011bt,\u201c<\/em> uzav\u00edr\u00e1 Petr Soukup, \u0159editel Jiho\u010desk\u00e9 centr\u00e1ly cestovn\u00edho ruchu.<\/p>\n<p>&nbsp;<\/p>\n<p><strong>Text a foto: (tz-jccr)<\/strong><\/p>\n<p>&nbsp;<\/p>\n<figure id=\"attachment_282321\" aria-describedby=\"caption-attachment-282321\" style=\"width: 940px\" class=\"wp-caption aligncenter\"><img loading=\"lazy\" decoding=\"async\" class=\"wp-image-282321 size-full\" src=\"https:\/\/zakrasnejsivimperk.cz\/wp-content\/uploads\/2023\/07\/03\/Park_Dukelska_Budejovicko.jpg\" alt=\"\" width=\"940\" height=\"1254\" srcset=\"https:\/\/zakrasnejsivimperk.cz\/wp-content\/uploads\/2023\/07\/03\/Park_Dukelska_Budejovicko.jpg 940w, https:\/\/zakrasnejsivimperk.cz\/wp-content\/uploads\/2023\/07\/03\/Park_Dukelska_Budejovicko-225x300.jpg 225w, https:\/\/zakrasnejsivimperk.cz\/wp-content\/uploads\/2023\/07\/03\/Park_Dukelska_Budejovicko-768x1025.jpg 768w, https:\/\/zakrasnejsivimperk.cz\/wp-content\/uploads\/2023\/07\/03\/Park_Dukelska_Budejovicko-268x357.jpg 268w, https:\/\/zakrasnejsivimperk.cz\/wp-content\/uploads\/2023\/07\/03\/Park_Dukelska_Budejovicko-362x483.jpg 362w\" sizes=\"(max-width: 940px) 100vw, 940px\" \/><figcaption id=\"caption-attachment-282321\" class=\"wp-caption-text\">Park Dukelsk\u00e1 &#8211; \u010cesk\u00e9 Bud\u011bjovice<\/figcaption><\/figure>\n<p>&nbsp;<\/p>\n<figure id=\"attachment_266905\" aria-describedby=\"caption-attachment-266905\" style=\"width: 778px\" class=\"wp-caption aligncenter\"><img loading=\"lazy\" decoding=\"async\" class=\"wp-image-266905 size-full\" src=\"https:\/\/zakrasnejsivimperk.cz\/wp-content\/uploads\/2022\/11\/11\/trocnov-skanzen-1.jpg\" alt=\"\" width=\"778\" height=\"1100\" srcset=\"https:\/\/zakrasnejsivimperk.cz\/wp-content\/uploads\/2022\/11\/11\/trocnov-skanzen-1.jpg 778w, https:\/\/zakrasnejsivimperk.cz\/wp-content\/uploads\/2022\/11\/11\/trocnov-skanzen-1-212x300.jpg 212w, https:\/\/zakrasnejsivimperk.cz\/wp-content\/uploads\/2022\/11\/11\/trocnov-skanzen-1-768x1086.jpg 768w, https:\/\/zakrasnejsivimperk.cz\/wp-content\/uploads\/2022\/11\/11\/trocnov-skanzen-1-724x1024.jpg 724w, https:\/\/zakrasnejsivimperk.cz\/wp-content\/uploads\/2022\/11\/11\/trocnov-skanzen-1-252x357.jpg 252w, https:\/\/zakrasnejsivimperk.cz\/wp-content\/uploads\/2022\/11\/11\/trocnov-skanzen-1-342x483.jpg 342w\" sizes=\"(max-width: 778px) 100vw, 778px\" \/><figcaption id=\"caption-attachment-266905\" class=\"wp-caption-text\">Archeoskanzen &#8211; Trocnov<\/figcaption><\/figure>\n<hr \/>\n<p>&nbsp;<\/p>\n<p>&nbsp;<\/p>\n","protected":false},"excerpt":{"rendered":"<p>&nbsp; Pokud <\/p>\n","protected":false},"author":2,"featured_media":282330,"comment_status":"open","ping_status":"open","sticky":false,"template":"","format":"gallery","meta":{"footnotes":""},"categories":[151,71,107],"tags":[],"jetpack_featured_media_url":"https:\/\/zakrasnejsivimperk.cz\/wp-content\/uploads\/2023\/07\/03\/ram-dovolena.jpg","_links":{"self":[{"href":"https:\/\/zakrasnejsivimperk.cz\/index.php?rest_route=\/wp\/v2\/posts\/282318"}],"collection":[{"href":"https:\/\/zakrasnejsivimperk.cz\/index.php?rest_route=\/wp\/v2\/posts"}],"about":[{"href":"https:\/\/zakrasnejsivimperk.cz\/index.php?rest_route=\/wp\/v2\/types\/post"}],"author":[{"embeddable":true,"href":"https:\/\/zakrasnejsivimperk.cz\/index.php?rest_route=\/wp\/v2\/users\/2"}],"replies":[{"embeddable":true,"href":"https:\/\/zakrasnejsivimperk.cz\/index.php?rest_route=%2Fwp%2Fv2%2Fcomments&post=282318"}],"version-history":[{"count":2,"href":"https:\/\/zakrasnejsivimperk.cz\/index.php?rest_route=\/wp\/v2\/posts\/282318\/revisions"}],"predecessor-version":[{"id":282322,"href":"https:\/\/zakrasnejsivimperk.cz\/index.php?rest_route=\/wp\/v2\/posts\/282318\/revisions\/282322"}],"wp:featuredmedia":[{"embeddable":true,"href":"https:\/\/zakrasnejsivimperk.cz\/index.php?rest_route=\/wp\/v2\/media\/282330"}],"wp:attachment":[{"href":"https:\/\/zakrasnejsivimperk.cz\/index.php?rest_route=%2Fwp%2Fv2%2Fmedia&parent=282318"}],"wp:term":[{"taxonomy":"category","embeddable":true,"href":"https:\/\/zakrasnejsivimperk.cz\/index.php?rest_route=%2Fwp%2Fv2%2Fcategories&post=282318"},{"taxonomy":"post_tag","embeddable":true,"href":"https:\/\/zakrasnejsivimperk.cz\/index.php?rest_route=%2Fwp%2Fv2%2Ftags&post=282318"}],"curies":[{"name":"wp","href":"https:\/\/api.w.org\/{rel}","templated":true}]}}