{"id":282282,"date":"2023-07-03T14:03:23","date_gmt":"2023-07-03T13:03:23","guid":{"rendered":"https:\/\/zakrasnejsivimperk.cz\/?p=282282"},"modified":"2023-07-07T12:24:40","modified_gmt":"2023-07-07T11:24:40","slug":"idnes-pivovarskym-terasam-ve-vimperku-navrati-jejich-geometrii-a-slavu","status":"publish","type":"post","link":"https:\/\/zakrasnejsivimperk.cz\/?p=282282","title":{"rendered":"iDNES: Pivovarsk\u00fdm teras\u00e1m ve Vimperku navr\u00e1t\u00ed jejich geometrii a sl\u00e1vu"},"content":{"rendered":"<p><img loading=\"lazy\" decoding=\"async\" class=\"aligncenter wp-image-282284 size-full\" src=\"https:\/\/zakrasnejsivimperk.cz\/wp-content\/uploads\/2023\/07\/02\/ram-idnes.jpg\" alt=\"\" width=\"927\" height=\"1100\" srcset=\"https:\/\/zakrasnejsivimperk.cz\/wp-content\/uploads\/2023\/07\/02\/ram-idnes.jpg 927w, https:\/\/zakrasnejsivimperk.cz\/wp-content\/uploads\/2023\/07\/02\/ram-idnes-253x300.jpg 253w, https:\/\/zakrasnejsivimperk.cz\/wp-content\/uploads\/2023\/07\/02\/ram-idnes-863x1024.jpg 863w, https:\/\/zakrasnejsivimperk.cz\/wp-content\/uploads\/2023\/07\/02\/ram-idnes-768x911.jpg 768w, https:\/\/zakrasnejsivimperk.cz\/wp-content\/uploads\/2023\/07\/02\/ram-idnes-301x357.jpg 301w, https:\/\/zakrasnejsivimperk.cz\/wp-content\/uploads\/2023\/07\/02\/ram-idnes-407x483.jpg 407w\" sizes=\"(max-width: 927px) 100vw, 927px\" \/><\/p>\n<p>&nbsp;<\/p>\n<h1 style=\"text-align: center;\"><a href=\"https:\/\/www.idnes.cz\/ceske-budejovice\/zpravy\/vimperk-pivovarske-terasy-schwarzengberg-oprava-freyung.A230630_733958_budejovice-zpravy_pkr\" target=\"_blank\" rel=\"noopener\">CEL\u00dd \u010cL\u00c1NEK<\/a><\/h1>\n<hr \/>\n<p>&nbsp;<\/p>\n<p>&nbsp;<\/p>\n","protected":false},"excerpt":{"rendered":"<p>&nbsp; CEL\u00dd <\/p>\n","protected":false},"author":2,"featured_media":282284,"comment_status":"open","ping_status":"open","sticky":false,"template":"","format":"gallery","meta":{"footnotes":""},"categories":[109,108],"tags":[],"jetpack_featured_media_url":"https:\/\/zakrasnejsivimperk.cz\/wp-content\/uploads\/2023\/07\/02\/ram-idnes.jpg","_links":{"self":[{"href":"https:\/\/zakrasnejsivimperk.cz\/index.php?rest_route=\/wp\/v2\/posts\/282282"}],"collection":[{"href":"https:\/\/zakrasnejsivimperk.cz\/index.php?rest_route=\/wp\/v2\/posts"}],"about":[{"href":"https:\/\/zakrasnejsivimperk.cz\/index.php?rest_route=\/wp\/v2\/types\/post"}],"author":[{"embeddable":true,"href":"https:\/\/zakrasnejsivimperk.cz\/index.php?rest_route=\/wp\/v2\/users\/2"}],"replies":[{"embeddable":true,"href":"https:\/\/zakrasnejsivimperk.cz\/index.php?rest_route=%2Fwp%2Fv2%2Fcomments&post=282282"}],"version-history":[{"count":3,"href":"https:\/\/zakrasnejsivimperk.cz\/index.php?rest_route=\/wp\/v2\/posts\/282282\/revisions"}],"predecessor-version":[{"id":282345,"href":"https:\/\/zakrasnejsivimperk.cz\/index.php?rest_route=\/wp\/v2\/posts\/282282\/revisions\/282345"}],"wp:featuredmedia":[{"embeddable":true,"href":"https:\/\/zakrasnejsivimperk.cz\/index.php?rest_route=\/wp\/v2\/media\/282284"}],"wp:attachment":[{"href":"https:\/\/zakrasnejsivimperk.cz\/index.php?rest_route=%2Fwp%2Fv2%2Fmedia&parent=282282"}],"wp:term":[{"taxonomy":"category","embeddable":true,"href":"https:\/\/zakrasnejsivimperk.cz\/index.php?rest_route=%2Fwp%2Fv2%2Fcategories&post=282282"},{"taxonomy":"post_tag","embeddable":true,"href":"https:\/\/zakrasnejsivimperk.cz\/index.php?rest_route=%2Fwp%2Fv2%2Ftags&post=282282"}],"curies":[{"name":"wp","href":"https:\/\/api.w.org\/{rel}","templated":true}]}}