{"id":282100,"date":"2023-07-01T17:32:24","date_gmt":"2023-07-01T16:32:24","guid":{"rendered":"https:\/\/zakrasnejsivimperk.cz\/?p=282100"},"modified":"2023-08-25T15:11:25","modified_gmt":"2023-08-25T14:11:25","slug":"na-cestach-jihocesky-kraj-hlasi-maximalni-dovolenkovou-pripravenost","status":"publish","type":"post","link":"https:\/\/zakrasnejsivimperk.cz\/?p=282100","title":{"rendered":"NA CEST\u00c1CH: Jiho\u010desk\u00fd kraj hl\u00e1s\u00ed maxim\u00e1ln\u00ed dovolenkovou p\u0159ipravenost"},"content":{"rendered":"<figure id=\"attachment_225118\" aria-describedby=\"caption-attachment-225118\" style=\"width: 1024px\" class=\"wp-caption aligncenter\"><img loading=\"lazy\" decoding=\"async\" class=\"wp-image-225118 size-full\" src=\"https:\/\/zakrasnejsivimperk.cz\/wp-content\/uploads\/2021\/05\/25\/Hluboka-nad-Vltavou.jpg\" alt=\"\" width=\"1024\" height=\"683\" srcset=\"https:\/\/zakrasnejsivimperk.cz\/wp-content\/uploads\/2021\/05\/25\/Hluboka-nad-Vltavou.jpg 1024w, https:\/\/zakrasnejsivimperk.cz\/wp-content\/uploads\/2021\/05\/25\/Hluboka-nad-Vltavou-300x200.jpg 300w, https:\/\/zakrasnejsivimperk.cz\/wp-content\/uploads\/2021\/05\/25\/Hluboka-nad-Vltavou-768x512.jpg 768w, https:\/\/zakrasnejsivimperk.cz\/wp-content\/uploads\/2021\/05\/25\/Hluboka-nad-Vltavou-535x357.jpg 535w, https:\/\/zakrasnejsivimperk.cz\/wp-content\/uploads\/2021\/05\/25\/Hluboka-nad-Vltavou-724x483.jpg 724w\" sizes=\"(max-width: 1024px) 100vw, 1024px\" \/><figcaption id=\"caption-attachment-225118\" class=\"wp-caption-text\">Hlubok\u00e1 nad Vltavou<\/figcaption><\/figure>\n<p>&nbsp;<\/p>\n<h6>Ji\u017en\u00ed \u010cechy jsou pro dovolenou jasnou a logickou volbou. Najdete tu v\u0161e: vodu, lesy i hory. M\u016f\u017eete \u010das tr\u00e1vit aktivn\u011b nebo jen tak le\u017eet na dece u vody. To v\u0161e si zn\u00e1sobte kvalitn\u00edm z\u00e1zem\u00edm a ochotou m\u00edstn\u00edch podnikatel\u016f. Jak\u00e9 novinky Jiho\u010desk\u00fd kraj pro l\u00e9to 2023 p\u0159ipravil? Nab\u00eddka je \u0161irok\u00e1. Od lehk\u00e9 turistiky, kempov\u00e1n\u00ed a vod\u00e1ctv\u00ed p\u0159es karavaning a cyklistiku a\u017e po velk\u00e9 sportovn\u00ed akce. Jednotlivci i rodiny s d\u011btmi si p\u0159ijdou na sv\u00e9. Ve\u0161ker\u00e9 informace najdete na webu Jiho\u010desk\u00e9 centr\u00e1ly cestovn\u00edho ruchu (JCCR), kter\u00e1 na\u0161im i zahrani\u010dn\u00edm turist\u016fm nab\u00edz\u00ed maxim\u00e1ln\u00ed mno\u017estv\u00ed informac\u00ed.<\/h6>\n<p><em><img loading=\"lazy\" decoding=\"async\" class=\"size-medium wp-image-200261 alignright\" src=\"https:\/\/zakrasnejsivimperk.cz\/wp-content\/uploads\/2020\/08\/14\/jiho\u010desk\u00fd-kraj3-logo-xx-300x136.jpg\" alt=\"\" width=\"300\" height=\"136\" srcset=\"https:\/\/zakrasnejsivimperk.cz\/wp-content\/uploads\/2020\/08\/14\/jiho\u010desk\u00fd-kraj3-logo-xx-300x136.jpg 300w, https:\/\/zakrasnejsivimperk.cz\/wp-content\/uploads\/2020\/08\/14\/jiho\u010desk\u00fd-kraj3-logo-xx-768x349.jpg 768w, https:\/\/zakrasnejsivimperk.cz\/wp-content\/uploads\/2020\/08\/14\/jiho\u010desk\u00fd-kraj3-logo-xx-786x357.jpg 786w, https:\/\/zakrasnejsivimperk.cz\/wp-content\/uploads\/2020\/08\/14\/jiho\u010desk\u00fd-kraj3-logo-xx.jpg 881w\" sizes=\"(max-width: 300px) 100vw, 300px\" \/><img loading=\"lazy\" decoding=\"async\" class=\"size-medium wp-image-178503 alignleft\" src=\"https:\/\/zakrasnejsivimperk.cz\/wp-content\/uploads\/2019\/12\/03\/ji\u017en\u00ed-\u010dechy-opravdov\u00e1-l\u00e1ska-logo-300x140.png\" alt=\"\" width=\"300\" height=\"140\" srcset=\"https:\/\/zakrasnejsivimperk.cz\/wp-content\/uploads\/2019\/12\/03\/ji\u017en\u00ed-\u010dechy-opravdov\u00e1-l\u00e1ska-logo-300x140.png 300w, https:\/\/zakrasnejsivimperk.cz\/wp-content\/uploads\/2019\/12\/03\/ji\u017en\u00ed-\u010dechy-opravdov\u00e1-l\u00e1ska-logo-768x358.png 768w, https:\/\/zakrasnejsivimperk.cz\/wp-content\/uploads\/2019\/12\/03\/ji\u017en\u00ed-\u010dechy-opravdov\u00e1-l\u00e1ska-logo-765x357.png 765w, https:\/\/zakrasnejsivimperk.cz\/wp-content\/uploads\/2019\/12\/03\/ji\u017en\u00ed-\u010dechy-opravdov\u00e1-l\u00e1ska-logo.png 960w\" sizes=\"(max-width: 300px) 100vw, 300px\" \/>\u201eJsme nejnav\u0161t\u011bvovan\u011bj\u0161\u00ed kraj v \u010cesku a ro\u010dn\u011b k n\u00e1m m\u00ed\u0159\u00ed statis\u00edce turist\u016f. Nejv\u00edc pochopiteln\u011b p\u0159es l\u00e9to. Spole\u010dn\u011b s JCCR jsme v zimn\u00edm obdob\u00ed pracovali na tom, abychom turist\u016fm mohli nab\u00eddnout to nejlep\u0161\u00ed. P\u0159ipravili jsme spoustu nov\u00fdch aktivit, komunikovali s ubytovateli. Jde n\u00e1m o to, aby se u n\u00e1s turist\u00e9 ze v\u0161ech kout\u016f na\u0161\u00ed zem\u011b c\u00edtili jako doma, pro\u017eili nezapomenuteln\u00e9 chv\u00edle na kr\u00e1sn\u00e9 dovolen\u00e9 a aby se k n\u00e1m op\u011bt vr\u00e1tili,\u201c<\/em> \u0159ekl prvn\u00ed n\u00e1m\u011bstek hejtmana Jiho\u010desk\u00e9ho kraje Franti\u0161ek Tal\u00ed\u0159, kter\u00fd m\u00e1 ve sv\u00e9 gesci i cestovn\u00ed ruch. Ten je toti\u017e z\u00e1sadn\u00edm jiho\u010desk\u00fdm pr\u016fmyslov\u00fdm odv\u011btv\u00edm. \u201e<em>Z ekonomick\u00e9ho pohledu je velmi d\u016fle\u017eit\u00e9, \u017ee v sou\u010dtu str\u00e1vili turist\u00e9 u n\u00e1s na jihu v\u00edce ne\u017e \u010dty\u0159i miliony noc\u00ed. Je vid\u011bt, \u017ee s\u00edla zna\u010dky Ji\u017en\u00ed \u010cechy je ohromn\u00e1. Je za n\u00ed dobr\u00e9 jm\u00e9no, obliba a d\u016fv\u011bryhodnost na\u0161eho regionu. A p\u0159itom lid\u00e9 pracuj\u00edc\u00ed v cestovn\u00edm ruchu to v posledn\u00edch letech nem\u011bli v\u016fbec jednoduch\u00e9. O to v\u00edc si jich v\u00e1\u017e\u00edm,\u201c<\/em> dodal Tal\u00ed\u0159.<\/p>\n<p>Do ji\u017en\u00edch \u010cech se hojn\u011b jezd\u00ed za vod\u00e1ctv\u00edm. Vltava, Otava a Lu\u017enice jsou hlavn\u00ed vod\u00e1ck\u00e9 c\u00edle v\u0161ech, kte\u0159\u00ed r\u00e1di dr\u017e\u00ed p\u00e1dlo v ruce. JCCR ned\u00e1vno p\u0159edstavila pro vod\u00e1ky velkou novinku. \u201e<em>Je to vod\u00e1ck\u00e1 mapa Vltavy, kter\u00e1 poskytuje detailn\u00ed informace o tras\u00e1ch, trauma bodech a vod\u00e1ck\u00fdch kempech. Mapa je ur\u010dena pro v\u0161echny nad\u0161ence, kte\u0159\u00ed si cht\u011bj\u00ed u\u017e\u00edt plavbu po \u0159ece Vltav\u011b a\u00a0zmapovat mo\u017enosti ubytov\u00e1n\u00ed,<\/em>\u201c \u0159ekl \u0159editel JCCR Petr Soukup.<\/p>\n<p>Velk\u00fdm trendem sou\u010dasnosti je karavaning. Jiho\u010desk\u00fd kraj pracuje na vzniku nov\u00fdch a\u00a0modernizaci sou\u010dasn\u00fdch karavanov\u00fdch st\u00e1n\u00ed. Vypsal na to i dota\u010dn\u00ed program. \u201e<em>Kdy\u017e p\u0159ijedete s\u00a0karavanem, tak ho nesta\u010d\u00ed jen tak n\u011bkam zaparkovat a napojit na s\u00edt\u011b. Mus\u00edte m\u00edt kompletn\u00ed a\u00a0velice kvalitn\u00ed z\u00e1zem\u00ed, proto\u017ee cestovatelsk\u00fd komfort je u\u017e n\u011bkde jinde, ne\u017e byl p\u0159ed lety. Turist\u00e9 k n\u00e1m p\u0159ij\u00ed\u017ed\u011bj\u00ed nejen za kr\u00e1snou p\u0159\u00edrodou, ale i za kvalitn\u00edmi slu\u017ebami, kter\u00e9 jsou na kempy napojen\u00e9<\/em>,\u201c up\u0159es\u0148uje Tal\u00ed\u0159.<\/p>\n<p>A\u010dkoli velk\u00e1 \u0159ada lid\u00ed m\u00e1 pocit, \u017ee Jiho\u010desk\u00fd kraj je jedna velk\u00e1 rovina, pochopiteln\u011b to nen\u00ed pravda. Najdete tady kopce, kope\u010dky i hory a na nich spoustu rozhleden, vyhl\u00eddek a vyhl\u00eddkov\u00fdch v\u011b\u017e\u00ed. \u201e<em>Rozhodli jsme rozhledny zmapovat, proto\u017ee je jich u n\u00e1s opravdu hodn\u011b a nab\u00edz\u00ed kr\u00e1sn\u00e9 vyhl\u00eddky. T\u0159eba rozhledna Haniperk, z t\u00e9 lze dohl\u00e9dnout na Temel\u00edn, ale i na opa\u010dnou stranu k \u0160umav\u011b. Hodn\u011b zn\u00e1m\u00e1 je rozhledna na Lib\u00edn\u011b nebo Klostermannova rozhledna,<\/em>\u201c dod\u00e1v\u00e1 Soukup s t\u00edm, \u017ee na v\u011bt\u0161inu z nich nen\u00ed probl\u00e9m doj\u00edt i pro rodiny s d\u011btmi. V\u0161echny je najdete p\u0159ehledn\u011b na webu JCCR.<\/p>\n<p>Cestov\u00e1n\u00ed p\u0159in\u00e1\u0161\u00ed mnoho r\u016fzn\u00fdch v\u00fdzev. A pokud pou\u017e\u00edv\u00e1te invalidn\u00ed voz\u00edk nebo cestujete s\u00a0d\u00edt\u011btem v ko\u010d\u00e1rku, v\u00fdzvy jsou mnohem v\u011bt\u0161\u00ed. V ji\u017en\u00edch \u010cech\u00e1ch je k dispozici \u0159ada m\u00edst, na kter\u00fdch v\u00e1s bari\u00e9ry nebudou zbyte\u010dn\u011b konfrontovat s hendikepem. Bez starost\u00ed si zde ka\u017ed\u00fd u\u017eije sport, pam\u00e1tky, p\u0159\u00edrodu a na\u010derp\u00e1 energii. &#8220;<em>M\u00fdm c\u00edlem je, aby si i lid\u00e9 s omezenou pohyblivost\u00ed mohli pln\u011b u\u017e\u00edt kr\u00e1s na\u0161eho kraje. Proto jsme spole\u010dn\u011b s JCCR vybrali \u0159adu zaj\u00edmav\u00fdch m\u00edst, kter\u00e1 jsou p\u0159\u00edstupn\u00e1 bez bari\u00e9r a o pomoc jsme po\u017e\u00e1dali dva voz\u00ed\u010dk\u00e1\u0159e &#8211; Ivana Nest\u00e1vala a Jana Hermana, kte\u0159\u00ed pro n\u00e1s v\u0161echny trasy otestovali. Jejich post\u0159ehy a zku\u0161enosti lze nal\u00e9zt na webov\u00e9 str\u00e1nce\u00a0<strong><a href=\"https:\/\/www.jiznicechy.cz\/top\/86-vozickar-vozickari-o-jiznich-cechach\" target=\"_blank\" rel=\"noopener\">Voz\u00ed\u010dk\u00e1\u0159 voz\u00ed\u010dk\u00e1\u0159i o ji\u017en\u00edch \u010cech\u00e1ch<\/a><\/strong>,&#8221;<\/em>\u00a0uvedl Franti\u0161ek Tal\u00ed\u0159.<\/p>\n<p>Asi nejobl\u00edben\u011bj\u0161\u00ed jiho\u010deskou turistickou aktivitou je cyklistika. Rodiny s d\u011btmi ocen\u00ed t\u0159eba t\u0159ebo\u0148sk\u00e9 roviny, ti n\u00e1ro\u010dn\u011bj\u0161\u00ed mohou vyjet na \u0160umavu. V leto\u0161n\u00ed sezon\u011b kraj znovu p\u0159ipravil ve spolupr\u00e1ci s Jiho\u010desk\u00fdm koordin\u00e1torem dopravy (JIKORD) syst\u00e9m autobusov\u00fdch spoj\u016f, kter\u00e9 v\u00e1m kola p\u0159eprav\u00ed. Jsou to Jiho\u010desk\u00e9 letn\u00ed linky a vyu\u017e\u00edt je m\u016f\u017eete u\u017e od konce kv\u011btna a\u017e do 1.\u00a0\u0159\u00edjna. \u201e<em>Z\u00e1rove\u0148 hodn\u011b investujeme do cyklostezek, m\u00e1me mimo jin\u00e9 projekt Vltavsk\u00e9 cyklostezky v \u00faseku Nov\u00e1 Pec \u2013 T\u00fdn nad Vltavou, kter\u00e9 povedou kolem \u0159eky a budou m\u00edt celkovou d\u00e9lku skoro 190 kilometr\u016f,<\/em>\u201c up\u0159esnil Tal\u00ed\u0159.<\/p>\n<p>L\u00e9to je zcela kl\u00ed\u010dov\u00fdm jiho\u010desk\u00fdm turistick\u00fdm obdob\u00edm. Ka\u017ed\u00e9 m\u011bsto i obec n\u011bco p\u0159ipravuje. Sta\u010d\u00ed si vybrat. Od velk\u00fdch akc\u00ed jako je Dotkni se P\u00edsku, p\u0159es Mezin\u00e1rodn\u00ed hudebn\u00ed festival \u010cesk\u00fd Krumlov a\u017e t\u0159eba po rallye South Bohemia Classic. Byla by \u0161koda nevid\u011bt Selsk\u00e9 slavnosti v Hola\u0161ovic\u00edch, Historick\u00e9 slavnosti Jakuba Kr\u010d\u00edna v T\u0159eboni, Zemi \u017eivitelku a M\u011bsto lidem, lid\u00e9 m\u011bstu v \u010cesk\u00fdch Bud\u011bjovic\u00edch, nebo Komedianty v ulic\u00edch T\u00e1bora. V z\u00e1\u0159i se bude otev\u00edrat Archeoskanzen Trocnov, kter\u00fd je u\u017e \u010d\u00e1ste\u010dn\u011b p\u0159\u00edstupn\u00fd. M\u016f\u017eete se pod\u00edvat a t\u0159eba si i\u00a0vyzkou\u0161et, jak se \u017eilo na p\u0159elomu 14. a 15. stolet\u00ed. A t\u0159eba potk\u00e1te i samotn\u00e9ho Jana \u017di\u017eku.<\/p>\n<p><em>\u201eMilovn\u00edky sportu bychom r\u00e1di pozvali 11. a\u017e 20. srpna do Lipna nad Vltavou na \u010cEZ Lipno sport festival, kter\u00fd bude prob\u00edhat pod patronac\u00ed Kate\u0159iny Neumannov\u00e9. Sou\u010d\u00e1st\u00ed je cyklistick\u00fd z\u00e1vod okolo Lipna, zab\u011bhnout si m\u016f\u017eete p\u016flmaraton. Festival m\u00e1 pochopiteln\u011b i nez\u00e1vodn\u00ed program: gym nejenom pro \u017eeny, lezeckou st\u011bna a parkour pro d\u011bti, rann\u00ed rozcvi\u010dky s b\u011b\u017eeck\u00fdm v\u00fdklusem, veslov\u00e1n\u00ed po jeze\u0159e a dal\u0161\u00ed,\u201c<\/em> uvedl \u0159editel JCCR Petr Soukup s t\u00edm, \u017ee n\u00e1v\u0161t\u011bvn\u00edci se mohou t\u011b\u0161it i na atraktivn\u00ed hudebn\u00ed program.<\/p>\n<p>Dovolenou v ji\u017en\u00edch \u010cech\u00e1ch si dob\u0159e napl\u00e1nujte. \u201e<em>Jsme rozlohou druh\u00fd nejv\u011bt\u0161\u00ed kraj v republice, a tak si nechte \u010das na p\u0159ejezdy. Jist\u011b v\u00e1s cestou potkaj\u00ed uzav\u00edrky, nebo pr\u00e1ce na silnici. Je to proto, \u017ee Jiho\u010desk\u00fd kraj neust\u00e1le pracuje na zlep\u0161en\u00ed dopravn\u00ed s\u00edt\u011b. Ta zcela aktu\u00e1ln\u00ed omezen\u00ed najdete na na\u0161em\u00a0<strong><a href=\"https:\/\/gisportal.kraj-jihocesky.gov.cz\/arcgis\/apps\/webappviewer\/index.html?id=aaea0762813b421bb7878ea7725c9409\" target=\"_blank\" rel=\"noopener\">Geoport\u00e1lu<\/a><\/strong>. T\u011b\u0161\u00edme se na v\u00e1s. L\u00e9to jsme p\u0159ipravili s maxim\u00e1ln\u00ed mo\u017enou p\u00e9\u010d\u00ed a\u00a0j\u00e1 douf\u00e1m, \u017ee si ho u\u017eijete<\/em>,\u201c uzav\u0159el Tal\u00ed\u0159.<\/p>\n<p>&nbsp;<\/p>\n<p><strong>(tz-j\u010d)<\/strong><\/p>\n<p><strong>Foto: JCCR<\/strong><\/p>\n<p>&nbsp;<\/p>\n<figure id=\"attachment_171782\" aria-describedby=\"caption-attachment-171782\" style=\"width: 1280px\" class=\"wp-caption aligncenter\"><img loading=\"lazy\" decoding=\"async\" class=\"wp-image-171782 size-full\" src=\"https:\/\/zakrasnejsivimperk.cz\/wp-content\/uploads\/2019\/09\/19\/ji\u017en\u00ed-\u010dechy-1.jpg\" alt=\"\" width=\"1280\" height=\"853\" srcset=\"https:\/\/zakrasnejsivimperk.cz\/wp-content\/uploads\/2019\/09\/19\/ji\u017en\u00ed-\u010dechy-1.jpg 1280w, https:\/\/zakrasnejsivimperk.cz\/wp-content\/uploads\/2019\/09\/19\/ji\u017en\u00ed-\u010dechy-1-300x200.jpg 300w, https:\/\/zakrasnejsivimperk.cz\/wp-content\/uploads\/2019\/09\/19\/ji\u017en\u00ed-\u010dechy-1-768x512.jpg 768w, https:\/\/zakrasnejsivimperk.cz\/wp-content\/uploads\/2019\/09\/19\/ji\u017en\u00ed-\u010dechy-1-1024x682.jpg 1024w, https:\/\/zakrasnejsivimperk.cz\/wp-content\/uploads\/2019\/09\/19\/ji\u017en\u00ed-\u010dechy-1-536x357.jpg 536w, https:\/\/zakrasnejsivimperk.cz\/wp-content\/uploads\/2019\/09\/19\/ji\u017en\u00ed-\u010dechy-1-725x483.jpg 725w\" sizes=\"(max-width: 1280px) 100vw, 1280px\" \/><figcaption id=\"caption-attachment-171782\" class=\"wp-caption-text\">\u010cesk\u00e9 Bud\u011bjovice<\/figcaption><\/figure>\n<p>&nbsp;<\/p>\n<figure id=\"attachment_216728\" aria-describedby=\"caption-attachment-216728\" style=\"width: 937px\" class=\"wp-caption aligncenter\"><img loading=\"lazy\" decoding=\"async\" class=\"wp-image-216728 size-full\" src=\"https:\/\/zakrasnejsivimperk.cz\/wp-content\/uploads\/2021\/02\/25\/vimperk-foto-jccr.jpg\" alt=\"\" width=\"937\" height=\"625\" srcset=\"https:\/\/zakrasnejsivimperk.cz\/wp-content\/uploads\/2021\/02\/25\/vimperk-foto-jccr.jpg 937w, https:\/\/zakrasnejsivimperk.cz\/wp-content\/uploads\/2021\/02\/25\/vimperk-foto-jccr-300x200.jpg 300w, https:\/\/zakrasnejsivimperk.cz\/wp-content\/uploads\/2021\/02\/25\/vimperk-foto-jccr-768x512.jpg 768w, https:\/\/zakrasnejsivimperk.cz\/wp-content\/uploads\/2021\/02\/25\/vimperk-foto-jccr-535x357.jpg 535w, https:\/\/zakrasnejsivimperk.cz\/wp-content\/uploads\/2021\/02\/25\/vimperk-foto-jccr-724x483.jpg 724w\" sizes=\"(max-width: 937px) 100vw, 937px\" \/><figcaption id=\"caption-attachment-216728\" class=\"wp-caption-text\">Vimperk<\/figcaption><\/figure>\n<p>&nbsp;<\/p>\n<figure id=\"attachment_222334\" aria-describedby=\"caption-attachment-222334\" style=\"width: 938px\" class=\"wp-caption aligncenter\"><img loading=\"lazy\" decoding=\"async\" class=\"wp-image-222334 size-full\" src=\"https:\/\/zakrasnejsivimperk.cz\/wp-content\/uploads\/2021\/04\/27\/vod\u00e1ci-na-vltav\u011b.jpg\" alt=\"\" width=\"938\" height=\"625\" srcset=\"https:\/\/zakrasnejsivimperk.cz\/wp-content\/uploads\/2021\/04\/27\/vod\u00e1ci-na-vltav\u011b.jpg 938w, https:\/\/zakrasnejsivimperk.cz\/wp-content\/uploads\/2021\/04\/27\/vod\u00e1ci-na-vltav\u011b-300x200.jpg 300w, https:\/\/zakrasnejsivimperk.cz\/wp-content\/uploads\/2021\/04\/27\/vod\u00e1ci-na-vltav\u011b-768x512.jpg 768w, https:\/\/zakrasnejsivimperk.cz\/wp-content\/uploads\/2021\/04\/27\/vod\u00e1ci-na-vltav\u011b-536x357.jpg 536w, https:\/\/zakrasnejsivimperk.cz\/wp-content\/uploads\/2021\/04\/27\/vod\u00e1ci-na-vltav\u011b-725x483.jpg 725w\" sizes=\"(max-width: 938px) 100vw, 938px\" \/><figcaption id=\"caption-attachment-222334\" class=\"wp-caption-text\">Splouv\u00e1n\u00ed Vltavy<\/figcaption><\/figure>\n<hr \/>\n<p>&nbsp;<\/p>\n<h6>Informujeme:<\/h6>\n<h4><a href=\"https:\/\/zakrasnejsivimperk.cz\/?p=279962\" target=\"_blank\" rel=\"noopener\">JI\u017dN\u00cd \u010cECHY: Do Lipna nad Vltavou m\u00ed\u0159\u00ed u\u017e 12. ro\u010dn\u00edk \u010cEZ Lipno Sport Festivalu<\/a><\/h4>\n<h4><a href=\"https:\/\/zakrasnejsivimperk.cz\/?p=281646\" target=\"_blank\" rel=\"noopener\">JI\u017dN\u00cd \u010cECHY: Lipensk\u00e1 Stezka korunami strom\u016f oslav\u00ed jeden\u00e1ct\u00e9 narozeniny<\/a><\/h4>\n<h4><a href=\"https:\/\/zakrasnejsivimperk.cz\/?p=280301\" target=\"_blank\" rel=\"noopener\">NA CEST\u00c1CH: Bezvadn\u011b a bezbari\u00e9rov\u011b v ji\u017en\u00edch \u010cech\u00e1ch<\/a><\/h4>\n<h4><a href=\"https:\/\/zakrasnejsivimperk.cz\/?p=281451\" target=\"_blank\" rel=\"noopener\">JI\u017dN\u00cd \u010cECHY: Vod\u00e1k\u016fm usnadn\u00ed orientaci nov\u00e1 vod\u00e1ck\u00e1 mapa<\/a><\/h4>\n<h4><a href=\"https:\/\/zakrasnejsivimperk.cz\/?p=282065\" target=\"_blank\" rel=\"noopener\">\u0160UMAVA: Turist\u00e9 mohou op\u011bt nahl\u00e9dnout do Boub\u00ednsk\u00e9ho pralesa<\/a><\/h4>\n<hr \/>\n<p>&nbsp;<\/p>\n<p>&nbsp;<\/p>\n","protected":false},"excerpt":{"rendered":"<p>&nbsp; Ji\u017en\u00ed <\/p>\n","protected":false},"author":2,"featured_media":282109,"comment_status":"open","ping_status":"open","sticky":false,"template":"","format":"gallery","meta":{"footnotes":""},"categories":[72,151],"tags":[],"jetpack_featured_media_url":"https:\/\/zakrasnejsivimperk.cz\/wp-content\/uploads\/2023\/06\/29\/ram-cas-dovolenych.jpg","_links":{"self":[{"href":"https:\/\/zakrasnejsivimperk.cz\/index.php?rest_route=\/wp\/v2\/posts\/282100"}],"collection":[{"href":"https:\/\/zakrasnejsivimperk.cz\/index.php?rest_route=\/wp\/v2\/posts"}],"about":[{"href":"https:\/\/zakrasnejsivimperk.cz\/index.php?rest_route=\/wp\/v2\/types\/post"}],"author":[{"embeddable":true,"href":"https:\/\/zakrasnejsivimperk.cz\/index.php?rest_route=\/wp\/v2\/users\/2"}],"replies":[{"embeddable":true,"href":"https:\/\/zakrasnejsivimperk.cz\/index.php?rest_route=%2Fwp%2Fv2%2Fcomments&post=282100"}],"version-history":[{"count":2,"href":"https:\/\/zakrasnejsivimperk.cz\/index.php?rest_route=\/wp\/v2\/posts\/282100\/revisions"}],"predecessor-version":[{"id":282108,"href":"https:\/\/zakrasnejsivimperk.cz\/index.php?rest_route=\/wp\/v2\/posts\/282100\/revisions\/282108"}],"wp:featuredmedia":[{"embeddable":true,"href":"https:\/\/zakrasnejsivimperk.cz\/index.php?rest_route=\/wp\/v2\/media\/282109"}],"wp:attachment":[{"href":"https:\/\/zakrasnejsivimperk.cz\/index.php?rest_route=%2Fwp%2Fv2%2Fmedia&parent=282100"}],"wp:term":[{"taxonomy":"category","embeddable":true,"href":"https:\/\/zakrasnejsivimperk.cz\/index.php?rest_route=%2Fwp%2Fv2%2Fcategories&post=282100"},{"taxonomy":"post_tag","embeddable":true,"href":"https:\/\/zakrasnejsivimperk.cz\/index.php?rest_route=%2Fwp%2Fv2%2Ftags&post=282100"}],"curies":[{"name":"wp","href":"https:\/\/api.w.org\/{rel}","templated":true}]}}