{"id":282065,"date":"2023-06-29T08:39:41","date_gmt":"2023-06-29T07:39:41","guid":{"rendered":"https:\/\/zakrasnejsivimperk.cz\/?p=282065"},"modified":"2023-07-15T17:58:30","modified_gmt":"2023-07-15T16:58:30","slug":"sumava-turiste-mohou-opet-nahlednout-do-boubinskeho-pralesa","status":"publish","type":"post","link":"https:\/\/zakrasnejsivimperk.cz\/?p=282065","title":{"rendered":"\u0160UMAVA: Turist\u00e9 mohou op\u011bt nahl\u00e9dnout do Boub\u00ednsk\u00e9ho pralesa"},"content":{"rendered":"<figure id=\"attachment_282066\" aria-describedby=\"caption-attachment-282066\" style=\"width: 1100px\" class=\"wp-caption aligncenter\"><img loading=\"lazy\" decoding=\"async\" class=\"wp-image-282066 size-full\" src=\"https:\/\/zakrasnejsivimperk.cz\/wp-content\/uploads\/2023\/06\/29\/hraz-Boubinskeho-jezirka.jpg\" alt=\"\" width=\"1100\" height=\"825\" srcset=\"https:\/\/zakrasnejsivimperk.cz\/wp-content\/uploads\/2023\/06\/29\/hraz-Boubinskeho-jezirka.jpg 1100w, https:\/\/zakrasnejsivimperk.cz\/wp-content\/uploads\/2023\/06\/29\/hraz-Boubinskeho-jezirka-300x225.jpg 300w, https:\/\/zakrasnejsivimperk.cz\/wp-content\/uploads\/2023\/06\/29\/hraz-Boubinskeho-jezirka-1024x768.jpg 1024w, https:\/\/zakrasnejsivimperk.cz\/wp-content\/uploads\/2023\/06\/29\/hraz-Boubinskeho-jezirka-768x576.jpg 768w, https:\/\/zakrasnejsivimperk.cz\/wp-content\/uploads\/2023\/06\/29\/hraz-Boubinskeho-jezirka-476x357.jpg 476w, https:\/\/zakrasnejsivimperk.cz\/wp-content\/uploads\/2023\/06\/29\/hraz-Boubinskeho-jezirka-644x483.jpg 644w\" sizes=\"(max-width: 1100px) 100vw, 1100px\" \/><figcaption id=\"caption-attachment-282066\" class=\"wp-caption-text\">Hr\u00e1z Boub\u00ednsk\u00e9ho jez\u00edrka<\/figcaption><\/figure>\n<p>&nbsp;<\/p>\n<h6>Do Boub\u00ednsk\u00e9ho pralesa, dosud nedostupn\u00e9ho kv\u016fli nebezpe\u010dn\u00fdm sou\u0161\u00edm, mohou n\u00e1v\u0161t\u011bvn\u00edci od 29. \u010dervna op\u011bt nahl\u00e9dnout od tam\u011bj\u0161\u00edho jez\u00edrka. Dojdou k n\u011bmu po nov\u00e9 trase s povalov\u00fdmi chodn\u00edky a mostkem. Lesy \u010cR je v \u010dervnu instalovaly za p\u016fl milionu korun. Vstup na Kn\u00ed\u017eec\u00ed a Lukenskou cestu z\u016fst\u00e1v\u00e1 nad\u00e1le zak\u00e1zan\u00fd.<\/h6>\n<p><img loading=\"lazy\" decoding=\"async\" class=\"size-medium wp-image-136995 alignright\" src=\"https:\/\/zakrasnejsivimperk.cz\/wp-content\/uploads\/2018\/08\/03\/logo-lesy-cr-300x134.gif\" alt=\"\" width=\"300\" height=\"134\" srcset=\"https:\/\/zakrasnejsivimperk.cz\/wp-content\/uploads\/2018\/08\/03\/logo-lesy-cr-300x134.gif 300w, https:\/\/zakrasnejsivimperk.cz\/wp-content\/uploads\/2018\/08\/03\/logo-lesy-cr-745x333.gif 745w\" sizes=\"(max-width: 300px) 100vw, 300px\" \/>V\u00edce ne\u017e ro\u010dn\u00ed n\u00e1v\u0161t\u011bvnickou p\u0159est\u00e1vku si na Boub\u00edn\u011b vynutily p\u0159\u00edrodn\u00ed okolnosti v podob\u011b stovek nebezpe\u010dn\u00fdch sou\u0161\u00ed, kter\u00e9 na tradi\u010dn\u00ed cest\u011b od Idiny pily ohro\u017euj\u00ed kolemjdouc\u00ed. V j\u00e1dru n\u00e1rodn\u00ed p\u0159\u00edrodn\u00ed rezervace je ale nelze kv\u016fli ochran\u011b p\u0159\u00edrody pok\u00e1cet ani zlomit. M\u011bstsk\u00fd \u00fa\u0159ad ve Vimperku tedy loni v dubnu vstup na stezky zak\u00e1zal.<em> \u201eM\u016f\u017ee to trvat roky. Proto jsme vybudovali n\u00e1hradn\u00ed trasu, po n\u00ed\u017e se lid\u00e9 dostanou alespo\u0148 na hr\u00e1z jez\u00edrka, kde nebudou ohro\u017een\u00ed, a p\u0159esto do pralesa nahl\u00e9dnou,\u201c<\/em> uvedl \u0159editel lesn\u00edho z\u00e1vodu Boub\u00edn z Les\u016f \u010cR Milo\u0161 Juha. M\u011bstsk\u00fd \u00fa\u0159ad ve shod\u011b s lesn\u00edky upravil omezen\u00ed vstupu a od 29. \u010dervna se z\u00e1kaz nevztahuje na \u00fasek od Amortovky k odbo\u010dce do porostu na n\u00e1hradn\u00ed trasu. Sou\u0161e u\u017e se tam zlomily, \u00fasek je tedy bezpe\u010dn\u00fd.<\/p>\n<p>K povalov\u00e9mu chodn\u00edku dovede turisty sm\u011brovka. Nov\u00e1 trasa vede po st\u00e1vaj\u00edc\u00ed zna\u010den\u00e9 zelen\u00e9 z parkovi\u0161t\u011b Na Kaplici pod Boub\u00ednem kolem Stromu du\u0161\u00ed a informa\u010dn\u00edho st\u0159ediska na Idin\u011b pile a\u017e na rozcest\u00ed. Odtud pokra\u010duje po dosud uzav\u0159en\u00e9 cest\u011b od Amortovky sm\u011brem k jez\u00edrku, kde se odklon\u00ed vpravo do porostu na prvn\u00ed povalov\u00fd chodn\u00edk. P\u0159es Kaplick\u00fd potok n\u00e1v\u0161t\u011bvn\u00edci p\u0159ejdou po nov\u00e9m mostku a vydaj\u00ed se po nezpevn\u011bn\u00e9 cest\u011b, kde se po dal\u0161\u00edm povalov\u00e9m chodn\u00edku a m\u00edrn\u00e9m svahu dostanou na hr\u00e1z Boub\u00ednsk\u00e9ho jez\u00edrka s nov\u00fdmi lavi\u010dkami a informa\u010dn\u00edmi tabulemi. Po stejn\u00e9 cest\u011b se turist\u00e9 vr\u00e1t\u00ed zp\u011bt.<\/p>\n<p>&nbsp;<\/p>\n<p><strong>Text a foto: (tz-l\u010dr)<\/strong><\/p>\n<p>&nbsp;<\/p>\n<figure id=\"attachment_282067\" aria-describedby=\"caption-attachment-282067\" style=\"width: 825px\" class=\"wp-caption aligncenter\"><img loading=\"lazy\" decoding=\"async\" class=\"wp-image-282067 size-full\" src=\"https:\/\/zakrasnejsivimperk.cz\/wp-content\/uploads\/2023\/06\/29\/povalovy-chodnik-na-nove-trase.jpg\" alt=\"\" width=\"825\" height=\"1100\" srcset=\"https:\/\/zakrasnejsivimperk.cz\/wp-content\/uploads\/2023\/06\/29\/povalovy-chodnik-na-nove-trase.jpg 825w, https:\/\/zakrasnejsivimperk.cz\/wp-content\/uploads\/2023\/06\/29\/povalovy-chodnik-na-nove-trase-225x300.jpg 225w, https:\/\/zakrasnejsivimperk.cz\/wp-content\/uploads\/2023\/06\/29\/povalovy-chodnik-na-nove-trase-768x1024.jpg 768w, https:\/\/zakrasnejsivimperk.cz\/wp-content\/uploads\/2023\/06\/29\/povalovy-chodnik-na-nove-trase-268x357.jpg 268w, https:\/\/zakrasnejsivimperk.cz\/wp-content\/uploads\/2023\/06\/29\/povalovy-chodnik-na-nove-trase-362x483.jpg 362w\" sizes=\"(max-width: 825px) 100vw, 825px\" \/><figcaption id=\"caption-attachment-282067\" class=\"wp-caption-text\">Pov\u00e1lkov\u00fd chodn\u00edk na nov\u00e9 trase<\/figcaption><\/figure>\n<p>&nbsp;<\/p>\n<p><img loading=\"lazy\" decoding=\"async\" class=\"aligncenter wp-image-282102 size-full\" src=\"https:\/\/zakrasnejsivimperk.cz\/wp-content\/uploads\/2023\/06\/29\/mapa-stezka-boubin.jpg\" alt=\"\" width=\"2048\" height=\"1448\" srcset=\"https:\/\/zakrasnejsivimperk.cz\/wp-content\/uploads\/2023\/06\/29\/mapa-stezka-boubin.jpg 2048w, https:\/\/zakrasnejsivimperk.cz\/wp-content\/uploads\/2023\/06\/29\/mapa-stezka-boubin-300x212.jpg 300w, https:\/\/zakrasnejsivimperk.cz\/wp-content\/uploads\/2023\/06\/29\/mapa-stezka-boubin-1024x724.jpg 1024w, https:\/\/zakrasnejsivimperk.cz\/wp-content\/uploads\/2023\/06\/29\/mapa-stezka-boubin-768x543.jpg 768w, https:\/\/zakrasnejsivimperk.cz\/wp-content\/uploads\/2023\/06\/29\/mapa-stezka-boubin-1536x1086.jpg 1536w, https:\/\/zakrasnejsivimperk.cz\/wp-content\/uploads\/2023\/06\/29\/mapa-stezka-boubin-505x357.jpg 505w, https:\/\/zakrasnejsivimperk.cz\/wp-content\/uploads\/2023\/06\/29\/mapa-stezka-boubin-683x483.jpg 683w\" sizes=\"(max-width: 2048px) 100vw, 2048px\" \/><\/p>\n<hr \/>\n<p>&nbsp;<\/p>\n<p>&nbsp;<\/p>\n","protected":false},"excerpt":{"rendered":"<p>&nbsp; Do <\/p>\n","protected":false},"author":2,"featured_media":282069,"comment_status":"open","ping_status":"open","sticky":false,"template":"","format":"gallery","meta":{"footnotes":""},"categories":[129,71,107],"tags":[],"jetpack_featured_media_url":"https:\/\/zakrasnejsivimperk.cz\/wp-content\/uploads\/2023\/06\/29\/ram-turiste-boubin.jpg","_links":{"self":[{"href":"https:\/\/zakrasnejsivimperk.cz\/index.php?rest_route=\/wp\/v2\/posts\/282065"}],"collection":[{"href":"https:\/\/zakrasnejsivimperk.cz\/index.php?rest_route=\/wp\/v2\/posts"}],"about":[{"href":"https:\/\/zakrasnejsivimperk.cz\/index.php?rest_route=\/wp\/v2\/types\/post"}],"author":[{"embeddable":true,"href":"https:\/\/zakrasnejsivimperk.cz\/index.php?rest_route=\/wp\/v2\/users\/2"}],"replies":[{"embeddable":true,"href":"https:\/\/zakrasnejsivimperk.cz\/index.php?rest_route=%2Fwp%2Fv2%2Fcomments&post=282065"}],"version-history":[{"count":4,"href":"https:\/\/zakrasnejsivimperk.cz\/index.php?rest_route=\/wp\/v2\/posts\/282065\/revisions"}],"predecessor-version":[{"id":282104,"href":"https:\/\/zakrasnejsivimperk.cz\/index.php?rest_route=\/wp\/v2\/posts\/282065\/revisions\/282104"}],"wp:featuredmedia":[{"embeddable":true,"href":"https:\/\/zakrasnejsivimperk.cz\/index.php?rest_route=\/wp\/v2\/media\/282069"}],"wp:attachment":[{"href":"https:\/\/zakrasnejsivimperk.cz\/index.php?rest_route=%2Fwp%2Fv2%2Fmedia&parent=282065"}],"wp:term":[{"taxonomy":"category","embeddable":true,"href":"https:\/\/zakrasnejsivimperk.cz\/index.php?rest_route=%2Fwp%2Fv2%2Fcategories&post=282065"},{"taxonomy":"post_tag","embeddable":true,"href":"https:\/\/zakrasnejsivimperk.cz\/index.php?rest_route=%2Fwp%2Fv2%2Ftags&post=282065"}],"curies":[{"name":"wp","href":"https:\/\/api.w.org\/{rel}","templated":true}]}}