{"id":282053,"date":"2023-06-28T22:45:56","date_gmt":"2023-06-28T21:45:56","guid":{"rendered":"https:\/\/zakrasnejsivimperk.cz\/?p=282053"},"modified":"2023-06-28T22:49:30","modified_gmt":"2023-06-28T21:49:30","slug":"sumava-den-narodniho-parku-pripomene-sedesat-let-trvani-chranene-krajinne-oblasti","status":"publish","type":"post","link":"https:\/\/zakrasnejsivimperk.cz\/?p=282053","title":{"rendered":"\u0160UMAVA: Den n\u00e1rodn\u00edho parku p\u0159ipomene 60 let chr\u00e1n\u011bn\u00e9 krajinn\u00e9 oblasti"},"content":{"rendered":"<p><img loading=\"lazy\" decoding=\"async\" class=\"aligncenter wp-image-282054 size-full\" src=\"https:\/\/zakrasnejsivimperk.cz\/wp-content\/uploads\/2023\/06\/28\/den-nnp-tit.jpg\" alt=\"\" width=\"1100\" height=\"616\" srcset=\"https:\/\/zakrasnejsivimperk.cz\/wp-content\/uploads\/2023\/06\/28\/den-nnp-tit.jpg 1100w, https:\/\/zakrasnejsivimperk.cz\/wp-content\/uploads\/2023\/06\/28\/den-nnp-tit-300x168.jpg 300w, https:\/\/zakrasnejsivimperk.cz\/wp-content\/uploads\/2023\/06\/28\/den-nnp-tit-1024x573.jpg 1024w, https:\/\/zakrasnejsivimperk.cz\/wp-content\/uploads\/2023\/06\/28\/den-nnp-tit-768x430.jpg 768w, https:\/\/zakrasnejsivimperk.cz\/wp-content\/uploads\/2023\/06\/28\/den-nnp-tit-638x357.jpg 638w, https:\/\/zakrasnejsivimperk.cz\/wp-content\/uploads\/2023\/06\/28\/den-nnp-tit-863x483.jpg 863w\" sizes=\"(max-width: 1100px) 100vw, 1100px\" \/><\/p>\n<p>&nbsp;<\/p>\n<h6>Tradi\u010dn\u00ed Den N\u00e1rodn\u00edho parku \u0160umava je letos cel\u00fd v\u011bnov\u00e1n oslav\u011b \u0161edes\u00e1ti let od vyhl\u00e1\u0161en\u00ed Chr\u00e1n\u011bn\u00e9 krajinn\u00e9 oblasti \u0160umava. Odehr\u00e1vat se bude u informa\u010dn\u00edho centra Rokyta nedaleko Srn\u00ed v sobotu 1. \u010dervence a bohat\u00fd program zakon\u010d\u00ed odpoledn\u00edm koncertem zp\u011bva\u010dka Lenka Dusilov\u00e1.<\/h6>\n<p><em>\u201eMnohon\u00e1sobn\u00e1 dr\u017eitelka presti\u017en\u00ed hudebn\u00ed ceny And\u011bl nebude na oslav\u00e1ch n\u00e1hodou. Slo\u017eila toti\u017e hudbu k nov\u00e9mu dokumentu Spr\u00e1vy NP \u0160umava Voda ztracen\u00e1 \u2013 Voda vr\u00e1cen\u00e1, kter\u00fd v tento den bude na Rokyt\u011b prom\u00edt\u00e1n,\u201c<\/em> vysv\u011btluje mluv\u010d\u00ed Spr\u00e1vy NP \u0160umava Jan Dvo\u0159\u00e1k a dopl\u0148uje:<\/p>\n<p><em>\u201eKoncert Lenky Dusilov\u00e9 bude vrcholem cel\u00e9ho dne, kter\u00fd za\u010dne v 10 hodin dopoledne a jeho program je opravdu nabit\u00fd. Pod\u00edlet se na n\u011bm budou jak vz\u00e1cn\u00ed host\u00e9, tak kolegov\u00e9 a partne\u0159i, kte\u0159\u00ed zajist\u00ed r\u016fzn\u00e9 hry, sout\u011b\u017ee nebo tvo\u0159en\u00ed. D\u00edky sek\u00e1\u010d\u016fm ze Strakonic si n\u00e1v\u0161t\u011bvn\u00edci vyzkou\u0161\u00ed kosen\u00ed tr\u00e1vy kosou, mohou se nechat vyfotografovat v jedine\u010dn\u00e9m fotoateli\u00e9ru Seidel v dobov\u00fdch kost\u00fdmech, nau\u010d\u00ed se pozn\u00e1vat houby v mykologick\u00e9m koutku, nebo se nau\u010d\u00ed rozpozn\u00e1vat rysy. Nab\u00eddka aktivit je ale mnohem v\u011bt\u0161\u00ed.\u201c<\/em><\/p>\n<p>P\u0159edstav\u00edme tak\u00e9 nov\u00e9 materi\u00e1ly, kter\u00e9 Spr\u00e1va NP \u0160umava vyd\u00e1v\u00e1 u p\u0159\u00edle\u017eitosti v\u00fdro\u010d\u00ed 60. let vyhl\u00e1\u0161en\u00ed CHKO. Vedle nov\u00fdch drobn\u00fdch materi\u00e1l\u016f, jako je pexeso, nov\u00e9 druhy pohled\u016f nebo zbrusu nov\u00e9ho informa\u010dn\u00edho \u201ekl\u00ed\u010de\u201c p\u0159edstavuj\u00edc\u00edho 79 rezervac\u00ed na \u00fazem\u00ed CHKO \u0160umava je to p\u0159edev\u0161\u00edm nov\u00e1, velkoform\u00e1tov\u00e1 kniha \u201eAtlas historick\u00fdch lesn\u00edch map \u0160umavy\u201c.<\/p>\n<p><em>\u201eKniha otev\u00edr\u00e1 okno do hlubok\u00e9 minulosti les\u016f Chr\u00e1n\u011bn\u00e9 krajinn\u00e9 oblasti \u0160umava. Je tu publikov\u00e1na v\u011bt\u0161ina zn\u00e1m\u00fdch historick\u00fdch lesnick\u00fdch map, v\u011bt\u0161inou 150 let star\u00fdch, z nich\u017e se d\u00e1 mnoho vy\u010d\u00edst. T\u0159eba jak byly star\u00e9, jestli p\u0159eva\u017eoval smrk nebo buk, kdy byly vyk\u00e1ceny a jak\u00fdm zp\u016fsobem,\u201c<\/em> p\u0159edstavuje knihu jej\u00ed autor, \u0159editel Spr\u00e1vy NP \u0160umava Pavel Huben\u00fd.<\/p>\n<p>Tato kniha u\u017e je v prodeji na e-shopu Spr\u00e1vy NP \u0160umava nebo na informa\u010dn\u00edch a n\u00e1v\u0161t\u011bvnick\u00fdch centrech.<\/p>\n<p>Do leto\u0161n\u00edch oslav se tak\u00e9 naplno zapojil \u010cesk\u00fd rozhlas. Jeho region\u00e1ln\u00ed studia Plze\u0148 a \u010cesk\u00e9 Bud\u011bjovice budou na sv\u00fdch rozhlasov\u00fdch vln\u00e1ch, v dob\u011b od 14:00 do 15:00 hodin \u017eiv\u011b vys\u00edlat p\u0159\u00edmo z centra d\u011bn\u00ed.<\/p>\n<p>V r\u00e1mci leto\u0161n\u00edho v\u00fdro\u010d\u00ed vyhl\u00e1\u0161en\u00ed Chr\u00e1n\u011bn\u00e9 krajinn\u00e9 oblasti \u0160umava Spr\u00e1va spustila dal\u0161\u00ed speci\u00e1ln\u00ed programy. Jsou to nap\u0159\u00edklad komentovan\u00e9 v\u00fdlety do zaj\u00edmav\u00fdch \u010d\u00e1st\u00ed n\u00e1rodn\u00edho parku i chr\u00e1n\u011bn\u00e9 krajinn\u00e9 oblasti s nejr\u016fzn\u011bj\u0161\u00edmi pr\u016fvodci \u2013 str\u00e1\u017eci NP \u0160umava, pr\u016fvodci divo\u010dinou, b\u00fdval\u00fdmi \u0159editeli N\u00e1rodn\u00edho parku a dal\u0161\u00edmi osobnostmi. Tyto v\u00fdpravy jsou pro z\u00e1jemce zdarma, je pouze nutn\u00e1 rezervace a to na str\u00e1nk\u00e1ch Spr\u00e1vy NP \u0160umava <a href=\"https:\/\/www.npsumava.cz\/\" target=\"_blank\" rel=\"noopener\"><strong>www.npsumava.cz<\/strong><\/a><\/p>\n<p><em>\u201eK v\u00fdro\u010d\u00ed jsme p\u0159ipravili tak\u00e9 speci\u00e1ln\u00ed s\u00e9rii v\u00fdstav. V N\u00e1v\u0161t\u011bvnick\u00fdch centrech Srn\u00ed a Kvilda prob\u00edhaj\u00ed v\u00fdstavy fotografi\u00ed z CHKO od Ji\u0159\u00edho Albrechta, Radka Pl\u00edhala a Pavla Huben\u00e9ho. V M\u011bstsk\u00e9m kulturn\u00edm st\u0159edisku Vimperk u\u017e je instalov\u00e1na v\u00fdstava p\u0159edstavuj\u00edc\u00ed zaj\u00edmavosti CHKO dopln\u011bn\u00e9 historick\u00fdmi i aktu\u00e1ln\u00edmi fotografiemi,\u201c<\/em> zve Jan Dvo\u0159\u00e1k.<\/p>\n<p>Podobn\u00e1 v\u00fdstava bude prob\u00edhat cel\u00fd \u010dervenec v Prachatic\u00edch v zimn\u00ed zahrad\u011b m\u011bstsk\u00e9ho \u00fa\u0159adu. U jej\u00ed p\u0159\u00edle\u017eitosti prob\u011bhne p\u0159edn\u00e1\u0161ka \u0159editele NP \u0160umava Pavla Huben\u00e9ho a vedouc\u00ed CHKO Silvie Havl\u00e1tkov\u00e9 10. \u010dervence od 16 hodin. Tato v\u00fdstava se v srpnu p\u0159est\u011bhuje do knihovny v Klatovech a bude zde trvat a\u017e do konce z\u00e1\u0159\u00ed. P\u0159edn\u00e1\u0161ka v Klatovech prob\u011bhne 5. z\u00e1\u0159\u00ed. A n\u00e1sledn\u011b od \u0159\u00edjna do konce tohoto roku bude moci ka\u017ed\u00fd shl\u00e9dnout speci\u00e1ln\u00ed v\u00fdstavu k 60. let\u016fm CHKO, kterou p\u0159ipravuj\u00ed pracovn\u00edci Spr\u00e1vy NP \u0160umava spole\u010dn\u011b s kolegy Muzea \u0160umavy v Su\u0161ici v budov\u011b su\u0161ick\u00e9ho muzea.<\/p>\n<p>&nbsp;<\/p>\n<p><strong>(tz-np\u0161)<\/strong><\/p>\n<p>&nbsp;<\/p>\n<p><img loading=\"lazy\" decoding=\"async\" class=\"aligncenter wp-image-279603 size-full\" src=\"https:\/\/zakrasnejsivimperk.cz\/wp-content\/uploads\/2019\/04\/25\/plakat-rokyta-0107.jpg\" alt=\"\" width=\"1436\" height=\"2048\" srcset=\"https:\/\/zakrasnejsivimperk.cz\/wp-content\/uploads\/2019\/04\/25\/plakat-rokyta-0107.jpg 1436w, https:\/\/zakrasnejsivimperk.cz\/wp-content\/uploads\/2019\/04\/25\/plakat-rokyta-0107-210x300.jpg 210w, https:\/\/zakrasnejsivimperk.cz\/wp-content\/uploads\/2019\/04\/25\/plakat-rokyta-0107-718x1024.jpg 718w, https:\/\/zakrasnejsivimperk.cz\/wp-content\/uploads\/2019\/04\/25\/plakat-rokyta-0107-768x1095.jpg 768w, https:\/\/zakrasnejsivimperk.cz\/wp-content\/uploads\/2019\/04\/25\/plakat-rokyta-0107-1077x1536.jpg 1077w, https:\/\/zakrasnejsivimperk.cz\/wp-content\/uploads\/2019\/04\/25\/plakat-rokyta-0107-250x357.jpg 250w, https:\/\/zakrasnejsivimperk.cz\/wp-content\/uploads\/2019\/04\/25\/plakat-rokyta-0107-339x483.jpg 339w\" sizes=\"(max-width: 1436px) 100vw, 1436px\" \/><\/p>\n<p>&nbsp;<\/p>\n<p>&nbsp;<\/p>\n<p><img loading=\"lazy\" decoding=\"async\" class=\"aligncenter wp-image-278574 size-full\" src=\"https:\/\/zakrasnejsivimperk.cz\/wp-content\/uploads\/2022\/03\/30\/plakat-nps-0107-1.jpg\" alt=\"\" width=\"1448\" height=\"2048\" srcset=\"https:\/\/zakrasnejsivimperk.cz\/wp-content\/uploads\/2022\/03\/30\/plakat-nps-0107-1.jpg 1448w, https:\/\/zakrasnejsivimperk.cz\/wp-content\/uploads\/2022\/03\/30\/plakat-nps-0107-1-212x300.jpg 212w, https:\/\/zakrasnejsivimperk.cz\/wp-content\/uploads\/2022\/03\/30\/plakat-nps-0107-1-724x1024.jpg 724w, https:\/\/zakrasnejsivimperk.cz\/wp-content\/uploads\/2022\/03\/30\/plakat-nps-0107-1-768x1086.jpg 768w, https:\/\/zakrasnejsivimperk.cz\/wp-content\/uploads\/2022\/03\/30\/plakat-nps-0107-1-1086x1536.jpg 1086w, https:\/\/zakrasnejsivimperk.cz\/wp-content\/uploads\/2022\/03\/30\/plakat-nps-0107-1-252x357.jpg 252w, https:\/\/zakrasnejsivimperk.cz\/wp-content\/uploads\/2022\/03\/30\/plakat-nps-0107-1-341x483.jpg 341w\" sizes=\"(max-width: 1448px) 100vw, 1448px\" \/><\/p>\n<p>&nbsp;<\/p>\n<p><img loading=\"lazy\" decoding=\"async\" class=\"aligncenter wp-image-278575 size-full\" src=\"https:\/\/zakrasnejsivimperk.cz\/wp-content\/uploads\/2022\/03\/30\/plakat-nps-0107-2.jpg\" alt=\"\" width=\"800\" height=\"1132\" srcset=\"https:\/\/zakrasnejsivimperk.cz\/wp-content\/uploads\/2022\/03\/30\/plakat-nps-0107-2.jpg 800w, https:\/\/zakrasnejsivimperk.cz\/wp-content\/uploads\/2022\/03\/30\/plakat-nps-0107-2-212x300.jpg 212w, https:\/\/zakrasnejsivimperk.cz\/wp-content\/uploads\/2022\/03\/30\/plakat-nps-0107-2-724x1024.jpg 724w, https:\/\/zakrasnejsivimperk.cz\/wp-content\/uploads\/2022\/03\/30\/plakat-nps-0107-2-768x1087.jpg 768w, https:\/\/zakrasnejsivimperk.cz\/wp-content\/uploads\/2022\/03\/30\/plakat-nps-0107-2-252x357.jpg 252w, https:\/\/zakrasnejsivimperk.cz\/wp-content\/uploads\/2022\/03\/30\/plakat-nps-0107-2-341x483.jpg 341w\" sizes=\"(max-width: 800px) 100vw, 800px\" \/><\/p>\n<hr \/>\n<p>&nbsp;<\/p>\n<p>&nbsp;<\/p>\n<p>&nbsp;<\/p>\n","protected":false},"excerpt":{"rendered":"<p>&nbsp; Tradi\u010dn\u00ed <\/p>\n","protected":false},"author":2,"featured_media":282054,"comment_status":"open","ping_status":"open","sticky":false,"template":"","format":"gallery","meta":{"footnotes":""},"categories":[24],"tags":[],"jetpack_featured_media_url":"https:\/\/zakrasnejsivimperk.cz\/wp-content\/uploads\/2023\/06\/28\/den-nnp-tit.jpg","_links":{"self":[{"href":"https:\/\/zakrasnejsivimperk.cz\/index.php?rest_route=\/wp\/v2\/posts\/282053"}],"collection":[{"href":"https:\/\/zakrasnejsivimperk.cz\/index.php?rest_route=\/wp\/v2\/posts"}],"about":[{"href":"https:\/\/zakrasnejsivimperk.cz\/index.php?rest_route=\/wp\/v2\/types\/post"}],"author":[{"embeddable":true,"href":"https:\/\/zakrasnejsivimperk.cz\/index.php?rest_route=\/wp\/v2\/users\/2"}],"replies":[{"embeddable":true,"href":"https:\/\/zakrasnejsivimperk.cz\/index.php?rest_route=%2Fwp%2Fv2%2Fcomments&post=282053"}],"version-history":[{"count":5,"href":"https:\/\/zakrasnejsivimperk.cz\/index.php?rest_route=\/wp\/v2\/posts\/282053\/revisions"}],"predecessor-version":[{"id":282059,"href":"https:\/\/zakrasnejsivimperk.cz\/index.php?rest_route=\/wp\/v2\/posts\/282053\/revisions\/282059"}],"wp:featuredmedia":[{"embeddable":true,"href":"https:\/\/zakrasnejsivimperk.cz\/index.php?rest_route=\/wp\/v2\/media\/282054"}],"wp:attachment":[{"href":"https:\/\/zakrasnejsivimperk.cz\/index.php?rest_route=%2Fwp%2Fv2%2Fmedia&parent=282053"}],"wp:term":[{"taxonomy":"category","embeddable":true,"href":"https:\/\/zakrasnejsivimperk.cz\/index.php?rest_route=%2Fwp%2Fv2%2Fcategories&post=282053"},{"taxonomy":"post_tag","embeddable":true,"href":"https:\/\/zakrasnejsivimperk.cz\/index.php?rest_route=%2Fwp%2Fv2%2Ftags&post=282053"}],"curies":[{"name":"wp","href":"https:\/\/api.w.org\/{rel}","templated":true}]}}