{"id":282026,"date":"2023-07-09T13:10:25","date_gmt":"2023-07-09T12:10:25","guid":{"rendered":"https:\/\/zakrasnejsivimperk.cz\/?p=282026"},"modified":"2023-07-12T12:13:50","modified_gmt":"2023-07-12T11:13:50","slug":"glosar-volynky-homolkove-9-cervence-2023","status":"publish","type":"post","link":"https:\/\/zakrasnejsivimperk.cz\/?p=282026","title":{"rendered":"GLOS\u00c1\u0158 Voly\u0148ky Homolkov\u00e9: 9. \u010dervence 2023"},"content":{"rendered":"<figure id=\"attachment_251369\" aria-describedby=\"caption-attachment-251369\" style=\"width: 1100px\" class=\"wp-caption aligncenter\"><img loading=\"lazy\" decoding=\"async\" class=\"wp-image-251369 size-full\" src=\"https:\/\/zakrasnejsivimperk.cz\/wp-content\/uploads\/2022\/04\/08\/glos\u00e1\u0159-voly\u0148ky.jpg\" alt=\"\" width=\"1100\" height=\"734\" srcset=\"https:\/\/zakrasnejsivimperk.cz\/wp-content\/uploads\/2022\/04\/08\/glos\u00e1\u0159-voly\u0148ky.jpg 1100w, https:\/\/zakrasnejsivimperk.cz\/wp-content\/uploads\/2022\/04\/08\/glos\u00e1\u0159-voly\u0148ky-300x200.jpg 300w, https:\/\/zakrasnejsivimperk.cz\/wp-content\/uploads\/2022\/04\/08\/glos\u00e1\u0159-voly\u0148ky-768x512.jpg 768w, https:\/\/zakrasnejsivimperk.cz\/wp-content\/uploads\/2022\/04\/08\/glos\u00e1\u0159-voly\u0148ky-1024x683.jpg 1024w, https:\/\/zakrasnejsivimperk.cz\/wp-content\/uploads\/2022\/04\/08\/glos\u00e1\u0159-voly\u0148ky-535x357.jpg 535w, https:\/\/zakrasnejsivimperk.cz\/wp-content\/uploads\/2022\/04\/08\/glos\u00e1\u0159-voly\u0148ky-724x483.jpg 724w\" sizes=\"(max-width: 1100px) 100vw, 1100px\" \/><figcaption id=\"caption-attachment-251369\" class=\"wp-caption-text\">Kol\u00e1\u017e: (red) \u2013 Za kr\u00e1sn\u011bj\u0161\u00ed Vimperk<\/figcaption><\/figure>\n<hr \/>\n<p>&nbsp;<\/p>\n<p>&nbsp;<\/p>\n<h4>ad <a href=\"https:\/\/zakrasnejsivimperk.cz\/?p=282282\" target=\"_blank\" rel=\"noopener\">iDNES: Pivovarsk\u00fdm teras\u00e1m ve Vimperku navr\u00e1t\u00ed jejich geometrii a sl\u00e1vu<\/a><\/h4>\n<h6><em>Nech\u00e1pu, pro\u010d je ve fotogalerii v \u010dl\u00e1nku o Pivovarsk\u00fdch teras\u00e1ch foto skupiny \u00fa\u010dastn\u00edk\u016f v\u00fdstavy ve Freyungu, s titulkem &#8220;Starostka Jaroslava Martanov\u00e1 uprost\u0159ed&#8221;. Tato identifikace nav\u00edc neodpov\u00edd\u00e1, proto\u017ee starostku pozn\u00e1m, je ve skupin\u011b druh\u00e1 zleva. Na fotu jsou ale i dal\u0161\u00ed z\u00e1stupci m\u011bsta Vimperk a z\u0159ejm\u011b i z\u00e1stupce m\u011bsta Freyung, jejich\u017e jm\u00e9na v\u0161ak b\u016fhv\u00ed pro\u010d uvedena nejsou.\u00a0<\/em><\/h6>\n<p>&nbsp;<\/p>\n<p>&nbsp;<\/p>\n<h4>ad \u0160UMAVA: <a href=\"https:\/\/zakrasnejsivimperk.cz\/?p=282053\" target=\"_blank\" rel=\"noopener\">Den n\u00e1rodn\u00edho parku p\u0159ipomene 60 let chr\u00e1n\u011bn\u00e9 krajinn\u00e9 oblasti<\/a><\/h4>\n<h6><em>Pro\u010d se oslavy 60 let Chr\u00e1n\u011bn\u00e9 krajinn\u00e9 oblasti \u0160umava nekonaj\u00ed v s\u00eddle jej\u00ed Spr\u00e1vy u n\u00e1s ve Vimperku? To je mi z\u00e1hada.<\/em><\/h6>\n<p>&nbsp;<\/p>\n<p>&nbsp;<\/p>\n<h4>ad <a href=\"https:\/\/zakrasnejsivimperk.cz\/?p=282340\" target=\"_blank\" rel=\"noopener\">P\u0158E\u010cT\u011aTE SI U N\u00c1S: Vimpersk\u00e9 noviny \u2013 \u010d. 7-8\/2023<\/a><\/h4>\n<h6><em>Ty noviny by se sp\u00ed\u0161 m\u011bly p\u0159ejmenovat z Vimpersk\u00fdch na Koali\u010dn\u00ed nebo na Vimpersk\u00e9 STANoviny.<\/em><\/h6>\n<p>&nbsp;<\/p>\n<p>&nbsp;<\/p>\n<h4>ad <a href=\"https:\/\/www.vimperk.cz\/stromy-absolventu\/d-33332\" target=\"_blank\" rel=\"noopener\">Stromy absolvent\u016f <\/a>(web radnice)<\/h4>\n<h6><em>Na fotce jsem \u0161ipkou ozna\u010dila vyn\u00e1lez zastupitele Stanislava Hlavy. M\u00e1 to b\u00fdt jez\u00edrko s l\u00e1vkou jako odpo\u010dinkov\u00e1 z\u00f3na. Voda v jez\u00edrku tak n\u011bjak chyb\u00ed, z\u016fstalo jen bahno.<\/em><\/h6>\n<p><img loading=\"lazy\" decoding=\"async\" class=\"aligncenter wp-image-282332 size-full\" src=\"https:\/\/zakrasnejsivimperk.cz\/wp-content\/uploads\/2023\/07\/03\/pod-estakadou.jpg\" alt=\"\" width=\"1000\" height=\"750\" srcset=\"https:\/\/zakrasnejsivimperk.cz\/wp-content\/uploads\/2023\/07\/03\/pod-estakadou.jpg 1000w, https:\/\/zakrasnejsivimperk.cz\/wp-content\/uploads\/2023\/07\/03\/pod-estakadou-300x225.jpg 300w, https:\/\/zakrasnejsivimperk.cz\/wp-content\/uploads\/2023\/07\/03\/pod-estakadou-768x576.jpg 768w, https:\/\/zakrasnejsivimperk.cz\/wp-content\/uploads\/2023\/07\/03\/pod-estakadou-476x357.jpg 476w, https:\/\/zakrasnejsivimperk.cz\/wp-content\/uploads\/2023\/07\/03\/pod-estakadou-644x483.jpg 644w\" sizes=\"(max-width: 1000px) 100vw, 1000px\" \/><\/p>\n<p>&nbsp;<\/p>\n<p>&nbsp;<\/p>\n<h4>ad <a href=\"https:\/\/zakrasnejsivimperk.cz\/?p=281390\" target=\"_blank\" rel=\"noopener\">NA\u0160E M\u011aSTO VIMPERK: Skvrny na kr\u00e1se \u2013 cesta v m\u011bstsk\u00e9m parku<\/a><\/h4>\n<h6><em>Skvrna na kr\u00e1se je tu z\u0159ejm\u011b del\u0161\u00ed dobu. \u017de by si toho doposud nikdo z radnice nev\u0161iml? Za\u010d\u00edn\u00e1 ale turistick\u00e1 sez\u00f3na, tak to dejte honem do po\u0159\u00e1dku!<\/em><\/h6>\n<p>&nbsp;<\/p>\n<p>&nbsp;<\/p>\n<h4>ad <a href=\"https:\/\/zakrasnejsivimperk.cz\/?p=282000\" target=\"_blank\" rel=\"noopener\">NA\u0160E M\u011aSTO VIMPERK: Z\u00e1pis ze zased\u00e1n\u00ed m\u011bstsk\u00e9 rady dne 26. \u010dervna 2023<\/a><\/h4>\n<p>Usnesen\u00ed \u010d. 700<br \/>\nRada m\u011bsta rozhodla uzav\u0159\u00edt dodatek \u010d. 1 ke smlouv\u011b o d\u00edlo na realizaci stavebn\u00ed zak\u00e1zky \u201eRekonstrukce domu \u010dp. 174 \u2013 pietn\u00ed s\u00ed\u0148\u201c se spole\u010dnosti GSI INVEST s. r. o., I\u010c 28260309, Na Hroud\u011b 3317\/22, 100 00 Praha 10, dle p\u0159edlo\u017een\u00e9ho n\u00e1vrhu.<\/p>\n<h6><em>To je rychlost. Firma je\u0161t\u011b neza\u010dala d\u011blat a u\u017e je tu prvn\u00ed dodatek k ned\u00e1vno uzav\u0159en\u00e9 smlouv\u011b. Pro\u010d ne, kdy\u017e se zadavatel a zhotovitel dok\u00e1\u017e\u00ed dohodnout, tak se d\u00edlo poda\u0159\u00ed.<\/em><\/h6>\n<p>&nbsp;<\/p>\n<p>&nbsp;<\/p>\n<h4>ad <a href=\"https:\/\/www.vimperk.cz\/assets\/File.ashx?id_org=18208&amp;id_dokumenty=33335\" target=\"_blank\" rel=\"noopener\">Z\u00e1pis z jedn\u00e1n\u00ed Finan\u010dn\u00edho v\u00fdboru Zastupitelstva m\u011bsta Vimperk<\/a> (web radnice &#8211; form\u00e1t PDF)<\/h4>\n<h6><em>Jsou to borci, ti na\u0161i zastupitel\u00e9 ve finan\u010dn\u00edm v\u00fdboru. Zvl\u00e1dli v\u0161echno za 45 minut. K pouh\u00e9mu sezn\u00e1men\u00ed jim to mohla radnice poslat elektronicky. Stanislav Hlava a Pavel Dvo\u0159\u00e1k si za 45 minut vyd\u011blali ka\u017ed\u00fd cca 2000 korun (m\u011bs\u00ed\u010dn\u00ed odm\u011bna &#8211; finan\u010dn\u00ed v\u00fdbor zased\u00e1 maxim\u00e1ln\u011b jednou za m\u011bs\u00edc). No \u0159ekn\u011bte, kdo z n\u00e1s to m\u00e1. V ka\u017ed\u00e9m p\u0159\u00edpad\u011b je tato finan\u010dn\u00ed odm\u011bna p\u0159\u00edjemn\u00fdm dopl\u0148kem k platu nebo d\u016fchodu.\u00a0<\/em><\/h6>\n<p><img loading=\"lazy\" decoding=\"async\" class=\"aligncenter wp-image-282029 size-full\" src=\"https:\/\/zakrasnejsivimperk.cz\/wp-content\/uploads\/2023\/06\/28\/zapis-financni-vybor-150623.jpg\" alt=\"\" width=\"687\" height=\"797\" srcset=\"https:\/\/zakrasnejsivimperk.cz\/wp-content\/uploads\/2023\/06\/28\/zapis-financni-vybor-150623.jpg 687w, https:\/\/zakrasnejsivimperk.cz\/wp-content\/uploads\/2023\/06\/28\/zapis-financni-vybor-150623-259x300.jpg 259w, https:\/\/zakrasnejsivimperk.cz\/wp-content\/uploads\/2023\/06\/28\/zapis-financni-vybor-150623-308x357.jpg 308w, https:\/\/zakrasnejsivimperk.cz\/wp-content\/uploads\/2023\/06\/28\/zapis-financni-vybor-150623-416x483.jpg 416w\" sizes=\"(max-width: 687px) 100vw, 687px\" \/><\/p>\n<h4>A jak se rodily sou\u010dasn\u00e9 odm\u011bny vimpersk\u00fdm zastupitel\u016fm? Tady pro p\u0159ipom\u00ednku ze z\u00e1pisu m\u011bstsk\u00e9ho zastupitelstva 6. b\u0159ezna leto\u0161n\u00edho roku. Navrhovatelem zv\u00fd\u0161en\u00ed odm\u011bn byl Pavel Dvo\u0159\u00e1k:<\/h4>\n<p>&nbsp;<\/p>\n<p><img loading=\"lazy\" decoding=\"async\" class=\"aligncenter wp-image-282027 size-full\" src=\"https:\/\/zakrasnejsivimperk.cz\/wp-content\/uploads\/2023\/06\/28\/x.jpg\" alt=\"\" width=\"795\" height=\"441\" srcset=\"https:\/\/zakrasnejsivimperk.cz\/wp-content\/uploads\/2023\/06\/28\/x.jpg 795w, https:\/\/zakrasnejsivimperk.cz\/wp-content\/uploads\/2023\/06\/28\/x-300x166.jpg 300w, https:\/\/zakrasnejsivimperk.cz\/wp-content\/uploads\/2023\/06\/28\/x-768x426.jpg 768w, https:\/\/zakrasnejsivimperk.cz\/wp-content\/uploads\/2023\/06\/28\/x-644x357.jpg 644w\" sizes=\"(max-width: 795px) 100vw, 795px\" \/><\/p>\n<p><img loading=\"lazy\" decoding=\"async\" class=\"aligncenter wp-image-282028 size-full\" src=\"https:\/\/zakrasnejsivimperk.cz\/wp-content\/uploads\/2023\/06\/28\/xx-001.jpg\" alt=\"\" width=\"783\" height=\"181\" srcset=\"https:\/\/zakrasnejsivimperk.cz\/wp-content\/uploads\/2023\/06\/28\/xx-001.jpg 783w, https:\/\/zakrasnejsivimperk.cz\/wp-content\/uploads\/2023\/06\/28\/xx-001-300x69.jpg 300w, https:\/\/zakrasnejsivimperk.cz\/wp-content\/uploads\/2023\/06\/28\/xx-001-768x178.jpg 768w\" sizes=\"(max-width: 783px) 100vw, 783px\" \/><\/p>\n<hr \/>\n<p>&nbsp;<\/p>\n<p><strong>Voly\u0148ka HOMOLKOV\u00c1<\/strong><\/p>\n<hr \/>\n<p>&nbsp;<\/p>\n<h6>Informovali jsme:<\/h6>\n<h4><a href=\"https:\/\/zakrasnejsivimperk.cz\/?p=273929\" target=\"_blank\" rel=\"noopener\">NA\u0160E M\u011aSTO VIMPERK: P\u0159idaj\u00ed si zastupitel\u00e9 na odm\u011bn\u00e1ch?<\/a><\/h4>\n<h4><a href=\"https:\/\/zakrasnejsivimperk.cz\/?p=274839\" target=\"_blank\" rel=\"noopener\">NA\u0160E M\u011aSTO VIMPERK: Z\u00e1pis ze 4. zased\u00e1n\u00ed m\u011bstsk\u00e9ho zastupitelstva<\/a><\/h4>\n<hr \/>\n<p>&nbsp;<\/p>\n<p>&nbsp;<\/p>\n","protected":false},"excerpt":{"rendered":"<p>&nbsp; &nbsp; <\/p>\n","protected":false},"author":2,"featured_media":282521,"comment_status":"open","ping_status":"open","sticky":false,"template":"","format":"gallery","meta":{"footnotes":""},"categories":[85],"tags":[],"jetpack_featured_media_url":"https:\/\/zakrasnejsivimperk.cz\/wp-content\/uploads\/2023\/07\/08\/glosar-090723.jpg","_links":{"self":[{"href":"https:\/\/zakrasnejsivimperk.cz\/index.php?rest_route=\/wp\/v2\/posts\/282026"}],"collection":[{"href":"https:\/\/zakrasnejsivimperk.cz\/index.php?rest_route=\/wp\/v2\/posts"}],"about":[{"href":"https:\/\/zakrasnejsivimperk.cz\/index.php?rest_route=\/wp\/v2\/types\/post"}],"author":[{"embeddable":true,"href":"https:\/\/zakrasnejsivimperk.cz\/index.php?rest_route=\/wp\/v2\/users\/2"}],"replies":[{"embeddable":true,"href":"https:\/\/zakrasnejsivimperk.cz\/index.php?rest_route=%2Fwp%2Fv2%2Fcomments&post=282026"}],"version-history":[{"count":11,"href":"https:\/\/zakrasnejsivimperk.cz\/index.php?rest_route=\/wp\/v2\/posts\/282026\/revisions"}],"predecessor-version":[{"id":282523,"href":"https:\/\/zakrasnejsivimperk.cz\/index.php?rest_route=\/wp\/v2\/posts\/282026\/revisions\/282523"}],"wp:featuredmedia":[{"embeddable":true,"href":"https:\/\/zakrasnejsivimperk.cz\/index.php?rest_route=\/wp\/v2\/media\/282521"}],"wp:attachment":[{"href":"https:\/\/zakrasnejsivimperk.cz\/index.php?rest_route=%2Fwp%2Fv2%2Fmedia&parent=282026"}],"wp:term":[{"taxonomy":"category","embeddable":true,"href":"https:\/\/zakrasnejsivimperk.cz\/index.php?rest_route=%2Fwp%2Fv2%2Fcategories&post=282026"},{"taxonomy":"post_tag","embeddable":true,"href":"https:\/\/zakrasnejsivimperk.cz\/index.php?rest_route=%2Fwp%2Fv2%2Ftags&post=282026"}],"curies":[{"name":"wp","href":"https:\/\/api.w.org\/{rel}","templated":true}]}}