{"id":281894,"date":"2023-07-04T13:02:39","date_gmt":"2023-07-04T12:02:39","guid":{"rendered":"https:\/\/zakrasnejsivimperk.cz\/?p=281894"},"modified":"2023-07-05T16:35:40","modified_gmt":"2023-07-05T15:35:40","slug":"jizni-cechy-nova-expozice-sov-v-jihoceske-zoologicke-zahrade-hluboka-n-vltavou","status":"publish","type":"post","link":"https:\/\/zakrasnejsivimperk.cz\/?p=281894","title":{"rendered":"JI\u017dN\u00cd \u010cECHY: Nov\u00e1 expozice sov v Jiho\u010desk\u00e9 zoologick\u00e9 zahrad\u011b Hlubok\u00e1 nad Vltavou"},"content":{"rendered":"<p><img loading=\"lazy\" decoding=\"async\" class=\"aligncenter wp-image-281901 size-full\" src=\"https:\/\/zakrasnejsivimperk.cz\/wp-content\/uploads\/2023\/06\/26\/zoo-hluboka-sovy-6.jpg\" alt=\"\" width=\"1100\" height=\"734\" srcset=\"https:\/\/zakrasnejsivimperk.cz\/wp-content\/uploads\/2023\/06\/26\/zoo-hluboka-sovy-6.jpg 1100w, https:\/\/zakrasnejsivimperk.cz\/wp-content\/uploads\/2023\/06\/26\/zoo-hluboka-sovy-6-300x200.jpg 300w, https:\/\/zakrasnejsivimperk.cz\/wp-content\/uploads\/2023\/06\/26\/zoo-hluboka-sovy-6-1024x683.jpg 1024w, https:\/\/zakrasnejsivimperk.cz\/wp-content\/uploads\/2023\/06\/26\/zoo-hluboka-sovy-6-768x512.jpg 768w, https:\/\/zakrasnejsivimperk.cz\/wp-content\/uploads\/2023\/06\/26\/zoo-hluboka-sovy-6-535x357.jpg 535w, https:\/\/zakrasnejsivimperk.cz\/wp-content\/uploads\/2023\/06\/26\/zoo-hluboka-sovy-6-724x483.jpg 724w\" sizes=\"(max-width: 1100px) 100vw, 1100px\" \/><\/p>\n<p>&nbsp;<\/p>\n<h6>Jeden\u00e1ct druh\u016f evropsk\u00fdch sov, v\u010detn\u011b na\u0161\u00ed nejv\u011bt\u0161\u00ed sovy v\u00fdra velk\u00e9ho, n\u00e1sobeno n\u00e1dhernou proch\u00e1zkou, kter\u00e1 imituje p\u0159irozen\u00fd sm\u00ed\u0161en\u00fd les s bohat\u00fdm podrostem bylin. To je zcela nov\u00e1 expozice Jiho\u010desk\u00e9 zoologick\u00e9 zahrady Hlubok\u00e1 nad Vltavou.<\/h6>\n<p><img loading=\"lazy\" decoding=\"async\" class=\"size-medium wp-image-190396 alignright\" src=\"https:\/\/zakrasnejsivimperk.cz\/wp-content\/uploads\/2020\/04\/28\/zoo-hlubok\u00e1-logo-246x300.jpg\" alt=\"\" width=\"246\" height=\"300\" srcset=\"https:\/\/zakrasnejsivimperk.cz\/wp-content\/uploads\/2020\/04\/28\/zoo-hlubok\u00e1-logo-246x300.jpg 246w, https:\/\/zakrasnejsivimperk.cz\/wp-content\/uploads\/2020\/04\/28\/zoo-hlubok\u00e1-logo-293x357.jpg 293w, https:\/\/zakrasnejsivimperk.cz\/wp-content\/uploads\/2020\/04\/28\/zoo-hlubok\u00e1-logo-396x483.jpg 396w, https:\/\/zakrasnejsivimperk.cz\/wp-content\/uploads\/2020\/04\/28\/zoo-hlubok\u00e1-logo.jpg 476w\" sizes=\"(max-width: 246px) 100vw, 246px\" \/>Expozice sov stoj\u00ed na p\u016fdorysu t\u00e9 b\u00fdval\u00e9 z roku 2004. \u201e<em>Ta byla ze d\u0159eva a po t\u011bch dvaceti letech u\u017e musela b\u00fdt nahrazena. Jsem r\u00e1d, \u017ee sovy maj\u00ed v na\u0161\u00ed jiho\u010desk\u00e9 zoo tak kr\u00e1sn\u00fd nov\u00fd domov. Ur\u010dit\u011b si zaslou\u017e\u00ed, abyste se na n\u011b p\u0159i\u0161li pod\u00edvat. Cht\u011bl bych pod\u011bkovat veden\u00ed zoo za to, \u017ee stavbu dot\u00e1hlo do \u00fasp\u011b\u0161n\u00e9ho konce. Ve\u0161ker\u00e9 okol\u00ed a zahradnick\u00e9 pr\u00e1ce v expozici si u\u017e d\u011blali zam\u011bstnanci sami a mus\u00edm \u0159\u00edct, \u017ee mi celkov\u00fd pohled vyrazil dech. Opravdu skv\u011bl\u00e1 pr\u00e1ce!<\/em>\u201c \u0159ekl n\u00e1m\u011bstek hejtmana Jiho\u010desk\u00e9ho kraje pro oblast kultury Pavel Hroch a dodal, \u017ee na podzim \u010dek\u00e1 zoo v\u00fdstavba expozice kon\u00ed P\u0159evalsk\u00e9ho a nov\u00e9 centrum slu\u017eeb pro n\u00e1v\u0161t\u011bvn\u00edky.<\/p>\n<p>V nov\u00e9 expozici lze spat\u0159it jeden\u00e1ct druh\u016f evropsk\u00fdch sov. \u201e<em>Je tady v\u00fdr velk\u00fd, pu\u0161t\u00edk bradat\u00fd, pu\u0161t\u00edk b\u011blav\u00fd, pu\u0161t\u00edk obecn\u00fd, sova p\u00e1len\u00e1, sovice krahujov\u00e1, kalous pustovka, kalous u\u0161at\u00fd, s\u00fdc rousn\u00fd, s\u00fd\u010dek obecn\u00fd a v\u00fdre\u010dek mal\u00fd<\/em>,\u201c vypo\u010d\u00edtal \u0159editel zoo Vladim\u00edr Pokorn\u00fd a dodal, \u017ee v expozici sov p\u00e1len\u00fdch jsou je\u0161t\u011b um\u00edst\u011bn\u00e9 po\u0161tolky obecn\u00e9 jako uk\u00e1zka synantropn\u00edch druh\u016f, tedy druh\u016f, kter\u00e9 \u017eij\u00ed v bl\u00edzkosti lidsk\u00fdch s\u00eddel nebo v krajin\u011b hodn\u011b upraven\u00e9 \u010dlov\u011bkem. \u201e<em>Je tu jedna pr\u00e1zdn\u00e1 voli\u00e9ra, ta \u010dek\u00e1 na na\u0161i nejmen\u0161\u00ed sovu \u2013 kul\u00ed\u0161ka nejmen\u0161\u00edho. Toho zat\u00edm nem\u00e1me,<\/em>\u201c dodal Pokorn\u00fd.<\/p>\n<p>Expozice m\u00e1 imitovat proch\u00e1zku p\u0159irozen\u00fdm sm\u00ed\u0161en\u00fdm lesem. A\u017e v\u0161echny rostliny dorostou, tak budou jednotliv\u00e9 voli\u00e9ry napodobovat prost\u0159ed\u00ed, kter\u00e9 je pro jednotliv\u00e9 druhy typick\u00e9. \u201e<em>Nap\u0159\u00edklad voli\u00e9ra pu\u0161t\u00edk\u016f b\u011blav\u00fdch je os\u00e1zena zejm\u00e9na buky, navozuj\u00edc\u00edmi atmosf\u00e9ru bukov\u00fdch les\u016f, ve kter\u00fdch se tyto sovy ve St\u0159edn\u00ed Evrop\u011b vyskytuj\u00ed nej\u010dast\u011bji. V\u00fdr velk\u00fd zase nejrad\u011bji vyhled\u00e1v\u00e1 oblasti s balvany, proto jich jeho voli\u00e9ra obsahuje nejv\u00edc. Kalous pustovka \u017eije v otev\u0159en\u00e9 krajin\u011b, jako jsou mok\u0159ady, vlhk\u00e9 louky nebo v\u0159esovi\u0161t\u011b a \u010dasto sed\u00ed na zemi. Proto je dno voli\u00e9ry vyv\u00fd\u0161en\u00e9, aby se pozorovatel dostal do jeho \u00farovn\u011b<\/em>,\u201c up\u0159es\u0148uje \u0159editel Pokorn\u00fd.<\/p>\n<p>Cena za stavebn\u00ed pr\u00e1ce na expozici \u010din\u00ed 5 978 834 K\u010d bez DPH, v\u011bt\u0161inou z rozpo\u010dtu zoologick\u00e9 zahrady a tak\u00e9 z Fondu reprodukce investi\u010dn\u00edho majetku a \u010d\u00e1ste\u010dn\u011b z dotace Jiho\u010desk\u00e9ho kraje. Stavbu realizovala podle projektu Zby\u0148ka Marhouna firma PRADAST spol. s r.o. v dob\u011b od \u010dervna 2022 do \u010dervna 2023. \u00a0\u201e<em>Museli jsme stavbu n\u011bkolikr\u00e1t p\u0159eru\u0161it. Nap\u0159\u00edklad se nepracovalo cel\u00e9 pr\u00e1zdniny, to je pro n\u00e1s hlavn\u00ed sezona. V z\u00e1\u0159\u00ed cel\u00fd m\u011bs\u00edc pr\u0161elo. Pak se je\u0161t\u011b pr\u00e1ce p\u0159eru\u0161ily na v\u00e1no\u010dn\u00ed sv\u00e1tky, kdy je tady op\u011bt velk\u00fd pohyb n\u00e1v\u0161t\u011bvn\u00edk\u016f. V podstat\u011b jsme mohli pracovat jenom kdy\u017e byl klid, proto\u017ee p\u0159\u00edstup sem je pouze p\u0159es n\u00e1v\u0161t\u011bvnickou trasu<\/em>,\u201c podotkl Pokorn\u00fd.<\/p>\n<p>Ofici\u00e1ln\u00ed n\u00e1zev pavilonu zn\u00ed \u201eExpozice sov\u201c. D\u011bti mu ale asi budou stejn\u011b \u0159\u00edkat sovinec. \u201e<em>To vzniklo z Harryho Pottera. Tam m\u011bli p\u0159ece mal\u00ed kouzeln\u00edci sv\u00e9 sovy v sovinci. A my jsme v dob\u011b, kdy byl Harry filmov\u00fd hit stav\u011bli tu p\u016fvodn\u00ed expozici. A v\u0161echny d\u011bti mu \u0159\u00edkaly podle filmu sovinec a ka\u017ed\u00e1 sova byla Hedvika. Ale my jsme jim alespo\u0148 pomoc\u00ed toho filmu a kn\u00ed\u017eek mohli p\u0159ibl\u00ed\u017eit nejen ty slavn\u00e9 filmov\u00e9 sovy, jako sovici sn\u011b\u017enou nebo pu\u0161t\u00edka bradat\u00e9ho, ale z\u00e1rove\u0148 i ty ostatn\u00ed. D\u016fle\u017eit\u00e9 je, \u017ee d\u011bti a cel\u00e1 ve\u0159ejnost m\u011bla a m\u00e1 o sovy z\u00e1jem a my budeme r\u00e1di, kdy\u017e se k n\u00e1m p\u0159ijdou pod\u00edvat,<\/em>\u201c uzav\u0159el \u0159editel zoo Vladim\u00edr Pokorn\u00fd.<\/p>\n<p>Jiho\u010desk\u00e1 zoologick\u00e1 zahrada Hlubok\u00e1 nad Vltavou ov\u0161em pro evropsk\u00e9 sovy d\u011bl\u00e1 daleko v\u00edc, ne\u017e m\u016f\u017eete vid\u011bt v expozici. Spolupracuje na dvou aktivn\u00edch programech na ochranu sov a tak\u00e9 na p\u0159\u00edprav\u011b metodiky pro z\u00e1chranu druhu. \u201e<em>Velk\u00e9 pod\u011bkov\u00e1n\u00ed a respekt pat\u0159\u00ed pracovn\u00edk\u016fm zoo za to, \u017ee ji\u017e n\u011bkolik let vypou\u0161t\u00ed odchovan\u00e1 ml\u00e1\u010fata sovy p\u00e1len\u00e9 do voln\u00e9 p\u0159\u00edrody a posiluj\u00ed tak jej\u00ed populaci v t\u0159ebo\u0148sk\u00e9 p\u00e1nvi. Odchovan\u00e9 s\u00fd\u010dky obecn\u00e9 poskytuj\u00ed do z\u00e1chrann\u00e9ho projektu v N\u011bmecku a do projektu Zoo Plze\u0148. V minulosti koordinovali projekt na n\u00e1vrat pu\u0161t\u00edka b\u011blav\u00e9ho na \u0160umavu. Tento projekt byl velmi \u00fasp\u011b\u0161n\u00fd a sovy ji\u017e nen\u00ed t\u0159eba d\u00e1le vypou\u0161t\u011bt, proto\u017ee na \u0160umav\u011b u\u017e vznikla stabiln\u00ed populace tohoto druhu. Tak se r\u00fdsuje mo\u017enost poskytovat odchovan\u00e1 ml\u00e1\u010fata pro znovuobnoven\u00ed populace ve st\u0159edn\u00edm Rakousku,<\/em>\u201c dodal n\u00e1m\u011bstek Pavel Hroch.<\/p>\n<p>&nbsp;<\/p>\n<p><strong>Text a foto: (tz-j\u010d)<\/strong><\/p>\n<p>&nbsp;<\/p>\n<div id='gallery-1' class='gallery galleryid-281894 gallery-columns-3 gallery-size-medium'><figure class='gallery-item'>\n\t\t\t<div class='gallery-icon landscape'>\n\t\t\t\t<a href='https:\/\/zakrasnejsivimperk.cz\/?attachment_id=281896'><img loading=\"lazy\" decoding=\"async\" width=\"300\" height=\"202\" src=\"https:\/\/zakrasnejsivimperk.cz\/wp-content\/uploads\/2023\/06\/26\/zoo-hluboka-sovy-1-300x202.jpg\" class=\"attachment-medium size-medium\" alt=\"\" srcset=\"https:\/\/zakrasnejsivimperk.cz\/wp-content\/uploads\/2023\/06\/26\/zoo-hluboka-sovy-1-300x202.jpg 300w, https:\/\/zakrasnejsivimperk.cz\/wp-content\/uploads\/2023\/06\/26\/zoo-hluboka-sovy-1-1024x688.jpg 1024w, https:\/\/zakrasnejsivimperk.cz\/wp-content\/uploads\/2023\/06\/26\/zoo-hluboka-sovy-1-768x516.jpg 768w, https:\/\/zakrasnejsivimperk.cz\/wp-content\/uploads\/2023\/06\/26\/zoo-hluboka-sovy-1-531x357.jpg 531w, https:\/\/zakrasnejsivimperk.cz\/wp-content\/uploads\/2023\/06\/26\/zoo-hluboka-sovy-1-719x483.jpg 719w, https:\/\/zakrasnejsivimperk.cz\/wp-content\/uploads\/2023\/06\/26\/zoo-hluboka-sovy-1.jpg 1100w\" sizes=\"(max-width: 300px) 100vw, 300px\" \/><\/a>\n\t\t\t<\/div><\/figure><figure class='gallery-item'>\n\t\t\t<div class='gallery-icon landscape'>\n\t\t\t\t<a href='https:\/\/zakrasnejsivimperk.cz\/?attachment_id=281897'><img loading=\"lazy\" decoding=\"async\" width=\"300\" height=\"200\" src=\"https:\/\/zakrasnejsivimperk.cz\/wp-content\/uploads\/2023\/06\/26\/zoo-hluboka-sovy-2-300x200.jpg\" class=\"attachment-medium size-medium\" alt=\"\" srcset=\"https:\/\/zakrasnejsivimperk.cz\/wp-content\/uploads\/2023\/06\/26\/zoo-hluboka-sovy-2-300x200.jpg 300w, https:\/\/zakrasnejsivimperk.cz\/wp-content\/uploads\/2023\/06\/26\/zoo-hluboka-sovy-2-1024x683.jpg 1024w, https:\/\/zakrasnejsivimperk.cz\/wp-content\/uploads\/2023\/06\/26\/zoo-hluboka-sovy-2-768x512.jpg 768w, https:\/\/zakrasnejsivimperk.cz\/wp-content\/uploads\/2023\/06\/26\/zoo-hluboka-sovy-2-535x357.jpg 535w, https:\/\/zakrasnejsivimperk.cz\/wp-content\/uploads\/2023\/06\/26\/zoo-hluboka-sovy-2-724x483.jpg 724w, https:\/\/zakrasnejsivimperk.cz\/wp-content\/uploads\/2023\/06\/26\/zoo-hluboka-sovy-2.jpg 1100w\" sizes=\"(max-width: 300px) 100vw, 300px\" \/><\/a>\n\t\t\t<\/div><\/figure><figure class='gallery-item'>\n\t\t\t<div class='gallery-icon landscape'>\n\t\t\t\t<a href='https:\/\/zakrasnejsivimperk.cz\/?attachment_id=281898'><img loading=\"lazy\" decoding=\"async\" width=\"300\" height=\"200\" src=\"https:\/\/zakrasnejsivimperk.cz\/wp-content\/uploads\/2023\/06\/26\/zoo-hluboka-sovy-3-300x200.jpg\" class=\"attachment-medium size-medium\" alt=\"\" srcset=\"https:\/\/zakrasnejsivimperk.cz\/wp-content\/uploads\/2023\/06\/26\/zoo-hluboka-sovy-3-300x200.jpg 300w, https:\/\/zakrasnejsivimperk.cz\/wp-content\/uploads\/2023\/06\/26\/zoo-hluboka-sovy-3-1024x683.jpg 1024w, https:\/\/zakrasnejsivimperk.cz\/wp-content\/uploads\/2023\/06\/26\/zoo-hluboka-sovy-3-768x512.jpg 768w, https:\/\/zakrasnejsivimperk.cz\/wp-content\/uploads\/2023\/06\/26\/zoo-hluboka-sovy-3-535x357.jpg 535w, https:\/\/zakrasnejsivimperk.cz\/wp-content\/uploads\/2023\/06\/26\/zoo-hluboka-sovy-3-724x483.jpg 724w, https:\/\/zakrasnejsivimperk.cz\/wp-content\/uploads\/2023\/06\/26\/zoo-hluboka-sovy-3.jpg 1100w\" sizes=\"(max-width: 300px) 100vw, 300px\" \/><\/a>\n\t\t\t<\/div><\/figure><figure class='gallery-item'>\n\t\t\t<div class='gallery-icon landscape'>\n\t\t\t\t<a href='https:\/\/zakrasnejsivimperk.cz\/?attachment_id=281899'><img loading=\"lazy\" decoding=\"async\" width=\"300\" height=\"200\" src=\"https:\/\/zakrasnejsivimperk.cz\/wp-content\/uploads\/2023\/06\/26\/zoo-hluboka-sovy-4-300x200.jpg\" class=\"attachment-medium size-medium\" alt=\"\" srcset=\"https:\/\/zakrasnejsivimperk.cz\/wp-content\/uploads\/2023\/06\/26\/zoo-hluboka-sovy-4-300x200.jpg 300w, https:\/\/zakrasnejsivimperk.cz\/wp-content\/uploads\/2023\/06\/26\/zoo-hluboka-sovy-4-1024x683.jpg 1024w, https:\/\/zakrasnejsivimperk.cz\/wp-content\/uploads\/2023\/06\/26\/zoo-hluboka-sovy-4-768x512.jpg 768w, https:\/\/zakrasnejsivimperk.cz\/wp-content\/uploads\/2023\/06\/26\/zoo-hluboka-sovy-4-535x357.jpg 535w, https:\/\/zakrasnejsivimperk.cz\/wp-content\/uploads\/2023\/06\/26\/zoo-hluboka-sovy-4-724x483.jpg 724w, https:\/\/zakrasnejsivimperk.cz\/wp-content\/uploads\/2023\/06\/26\/zoo-hluboka-sovy-4.jpg 1100w\" sizes=\"(max-width: 300px) 100vw, 300px\" \/><\/a>\n\t\t\t<\/div><\/figure><figure class='gallery-item'>\n\t\t\t<div class='gallery-icon landscape'>\n\t\t\t\t<a href='https:\/\/zakrasnejsivimperk.cz\/?attachment_id=281900'><img loading=\"lazy\" decoding=\"async\" width=\"300\" height=\"200\" src=\"https:\/\/zakrasnejsivimperk.cz\/wp-content\/uploads\/2023\/06\/26\/zoo-hluboka-sovy-5-300x200.jpg\" class=\"attachment-medium size-medium\" alt=\"\" srcset=\"https:\/\/zakrasnejsivimperk.cz\/wp-content\/uploads\/2023\/06\/26\/zoo-hluboka-sovy-5-300x200.jpg 300w, https:\/\/zakrasnejsivimperk.cz\/wp-content\/uploads\/2023\/06\/26\/zoo-hluboka-sovy-5-1024x683.jpg 1024w, https:\/\/zakrasnejsivimperk.cz\/wp-content\/uploads\/2023\/06\/26\/zoo-hluboka-sovy-5-768x512.jpg 768w, https:\/\/zakrasnejsivimperk.cz\/wp-content\/uploads\/2023\/06\/26\/zoo-hluboka-sovy-5-535x357.jpg 535w, https:\/\/zakrasnejsivimperk.cz\/wp-content\/uploads\/2023\/06\/26\/zoo-hluboka-sovy-5-724x483.jpg 724w, https:\/\/zakrasnejsivimperk.cz\/wp-content\/uploads\/2023\/06\/26\/zoo-hluboka-sovy-5.jpg 1100w\" sizes=\"(max-width: 300px) 100vw, 300px\" \/><\/a>\n\t\t\t<\/div><\/figure><figure class='gallery-item'>\n\t\t\t<div class='gallery-icon landscape'>\n\t\t\t\t<a href='https:\/\/zakrasnejsivimperk.cz\/?attachment_id=281901'><img loading=\"lazy\" decoding=\"async\" width=\"300\" height=\"200\" src=\"https:\/\/zakrasnejsivimperk.cz\/wp-content\/uploads\/2023\/06\/26\/zoo-hluboka-sovy-6-300x200.jpg\" class=\"attachment-medium size-medium\" alt=\"\" srcset=\"https:\/\/zakrasnejsivimperk.cz\/wp-content\/uploads\/2023\/06\/26\/zoo-hluboka-sovy-6-300x200.jpg 300w, https:\/\/zakrasnejsivimperk.cz\/wp-content\/uploads\/2023\/06\/26\/zoo-hluboka-sovy-6-1024x683.jpg 1024w, https:\/\/zakrasnejsivimperk.cz\/wp-content\/uploads\/2023\/06\/26\/zoo-hluboka-sovy-6-768x512.jpg 768w, https:\/\/zakrasnejsivimperk.cz\/wp-content\/uploads\/2023\/06\/26\/zoo-hluboka-sovy-6-535x357.jpg 535w, https:\/\/zakrasnejsivimperk.cz\/wp-content\/uploads\/2023\/06\/26\/zoo-hluboka-sovy-6-724x483.jpg 724w, https:\/\/zakrasnejsivimperk.cz\/wp-content\/uploads\/2023\/06\/26\/zoo-hluboka-sovy-6.jpg 1100w\" sizes=\"(max-width: 300px) 100vw, 300px\" \/><\/a>\n\t\t\t<\/div><\/figure><figure class='gallery-item'>\n\t\t\t<div class='gallery-icon landscape'>\n\t\t\t\t<a href='https:\/\/zakrasnejsivimperk.cz\/?attachment_id=281902'><img loading=\"lazy\" decoding=\"async\" width=\"300\" height=\"200\" src=\"https:\/\/zakrasnejsivimperk.cz\/wp-content\/uploads\/2023\/06\/26\/zoo-hluboka-sovy-7-300x200.jpg\" class=\"attachment-medium size-medium\" alt=\"\" srcset=\"https:\/\/zakrasnejsivimperk.cz\/wp-content\/uploads\/2023\/06\/26\/zoo-hluboka-sovy-7-300x200.jpg 300w, https:\/\/zakrasnejsivimperk.cz\/wp-content\/uploads\/2023\/06\/26\/zoo-hluboka-sovy-7-1024x683.jpg 1024w, https:\/\/zakrasnejsivimperk.cz\/wp-content\/uploads\/2023\/06\/26\/zoo-hluboka-sovy-7-768x512.jpg 768w, https:\/\/zakrasnejsivimperk.cz\/wp-content\/uploads\/2023\/06\/26\/zoo-hluboka-sovy-7-535x357.jpg 535w, https:\/\/zakrasnejsivimperk.cz\/wp-content\/uploads\/2023\/06\/26\/zoo-hluboka-sovy-7-724x483.jpg 724w, https:\/\/zakrasnejsivimperk.cz\/wp-content\/uploads\/2023\/06\/26\/zoo-hluboka-sovy-7.jpg 1100w\" sizes=\"(max-width: 300px) 100vw, 300px\" \/><\/a>\n\t\t\t<\/div><\/figure><figure class='gallery-item'>\n\t\t\t<div class='gallery-icon landscape'>\n\t\t\t\t<a href='https:\/\/zakrasnejsivimperk.cz\/?attachment_id=281903'><img loading=\"lazy\" decoding=\"async\" width=\"300\" height=\"200\" src=\"https:\/\/zakrasnejsivimperk.cz\/wp-content\/uploads\/2023\/06\/26\/zoo-hluboka-sovy-8-300x200.jpg\" class=\"attachment-medium size-medium\" alt=\"\" srcset=\"https:\/\/zakrasnejsivimperk.cz\/wp-content\/uploads\/2023\/06\/26\/zoo-hluboka-sovy-8-300x200.jpg 300w, https:\/\/zakrasnejsivimperk.cz\/wp-content\/uploads\/2023\/06\/26\/zoo-hluboka-sovy-8-1024x683.jpg 1024w, https:\/\/zakrasnejsivimperk.cz\/wp-content\/uploads\/2023\/06\/26\/zoo-hluboka-sovy-8-768x512.jpg 768w, https:\/\/zakrasnejsivimperk.cz\/wp-content\/uploads\/2023\/06\/26\/zoo-hluboka-sovy-8-535x357.jpg 535w, https:\/\/zakrasnejsivimperk.cz\/wp-content\/uploads\/2023\/06\/26\/zoo-hluboka-sovy-8-724x483.jpg 724w, https:\/\/zakrasnejsivimperk.cz\/wp-content\/uploads\/2023\/06\/26\/zoo-hluboka-sovy-8.jpg 1100w\" sizes=\"(max-width: 300px) 100vw, 300px\" \/><\/a>\n\t\t\t<\/div><\/figure><figure class='gallery-item'>\n\t\t\t<div class='gallery-icon landscape'>\n\t\t\t\t<a href='https:\/\/zakrasnejsivimperk.cz\/?attachment_id=281904'><img loading=\"lazy\" decoding=\"async\" width=\"300\" height=\"200\" src=\"https:\/\/zakrasnejsivimperk.cz\/wp-content\/uploads\/2023\/06\/26\/zoo-hluboka-sovy-9-300x200.jpg\" class=\"attachment-medium size-medium\" alt=\"\" srcset=\"https:\/\/zakrasnejsivimperk.cz\/wp-content\/uploads\/2023\/06\/26\/zoo-hluboka-sovy-9-300x200.jpg 300w, https:\/\/zakrasnejsivimperk.cz\/wp-content\/uploads\/2023\/06\/26\/zoo-hluboka-sovy-9-1024x683.jpg 1024w, https:\/\/zakrasnejsivimperk.cz\/wp-content\/uploads\/2023\/06\/26\/zoo-hluboka-sovy-9-768x512.jpg 768w, https:\/\/zakrasnejsivimperk.cz\/wp-content\/uploads\/2023\/06\/26\/zoo-hluboka-sovy-9-535x357.jpg 535w, https:\/\/zakrasnejsivimperk.cz\/wp-content\/uploads\/2023\/06\/26\/zoo-hluboka-sovy-9-724x483.jpg 724w, https:\/\/zakrasnejsivimperk.cz\/wp-content\/uploads\/2023\/06\/26\/zoo-hluboka-sovy-9.jpg 1100w\" sizes=\"(max-width: 300px) 100vw, 300px\" \/><\/a>\n\t\t\t<\/div><\/figure><figure class='gallery-item'>\n\t\t\t<div class='gallery-icon landscape'>\n\t\t\t\t<a href='https:\/\/zakrasnejsivimperk.cz\/?attachment_id=281905'><img loading=\"lazy\" decoding=\"async\" width=\"300\" height=\"200\" src=\"https:\/\/zakrasnejsivimperk.cz\/wp-content\/uploads\/2023\/06\/26\/zoo-hluboka-sovy-10-300x200.jpg\" class=\"attachment-medium size-medium\" alt=\"\" srcset=\"https:\/\/zakrasnejsivimperk.cz\/wp-content\/uploads\/2023\/06\/26\/zoo-hluboka-sovy-10-300x200.jpg 300w, https:\/\/zakrasnejsivimperk.cz\/wp-content\/uploads\/2023\/06\/26\/zoo-hluboka-sovy-10-1024x683.jpg 1024w, https:\/\/zakrasnejsivimperk.cz\/wp-content\/uploads\/2023\/06\/26\/zoo-hluboka-sovy-10-768x512.jpg 768w, https:\/\/zakrasnejsivimperk.cz\/wp-content\/uploads\/2023\/06\/26\/zoo-hluboka-sovy-10-535x357.jpg 535w, https:\/\/zakrasnejsivimperk.cz\/wp-content\/uploads\/2023\/06\/26\/zoo-hluboka-sovy-10-724x483.jpg 724w, https:\/\/zakrasnejsivimperk.cz\/wp-content\/uploads\/2023\/06\/26\/zoo-hluboka-sovy-10.jpg 1100w\" sizes=\"(max-width: 300px) 100vw, 300px\" \/><\/a>\n\t\t\t<\/div><\/figure><figure class='gallery-item'>\n\t\t\t<div class='gallery-icon landscape'>\n\t\t\t\t<a href='https:\/\/zakrasnejsivimperk.cz\/?attachment_id=281906'><img loading=\"lazy\" decoding=\"async\" width=\"300\" height=\"200\" src=\"https:\/\/zakrasnejsivimperk.cz\/wp-content\/uploads\/2023\/06\/26\/zoo-hluboka-sovy-11-300x200.jpg\" class=\"attachment-medium size-medium\" alt=\"\" srcset=\"https:\/\/zakrasnejsivimperk.cz\/wp-content\/uploads\/2023\/06\/26\/zoo-hluboka-sovy-11-300x200.jpg 300w, https:\/\/zakrasnejsivimperk.cz\/wp-content\/uploads\/2023\/06\/26\/zoo-hluboka-sovy-11-1024x683.jpg 1024w, https:\/\/zakrasnejsivimperk.cz\/wp-content\/uploads\/2023\/06\/26\/zoo-hluboka-sovy-11-768x512.jpg 768w, https:\/\/zakrasnejsivimperk.cz\/wp-content\/uploads\/2023\/06\/26\/zoo-hluboka-sovy-11-535x357.jpg 535w, https:\/\/zakrasnejsivimperk.cz\/wp-content\/uploads\/2023\/06\/26\/zoo-hluboka-sovy-11-724x483.jpg 724w, https:\/\/zakrasnejsivimperk.cz\/wp-content\/uploads\/2023\/06\/26\/zoo-hluboka-sovy-11.jpg 1100w\" sizes=\"(max-width: 300px) 100vw, 300px\" \/><\/a>\n\t\t\t<\/div><\/figure><figure class='gallery-item'>\n\t\t\t<div class='gallery-icon portrait'>\n\t\t\t\t<a href='https:\/\/zakrasnejsivimperk.cz\/?attachment_id=190396'><img loading=\"lazy\" decoding=\"async\" width=\"246\" height=\"300\" src=\"https:\/\/zakrasnejsivimperk.cz\/wp-content\/uploads\/2020\/04\/28\/zoo-hlubok\u00e1-logo-246x300.jpg\" class=\"attachment-medium size-medium\" alt=\"\" srcset=\"https:\/\/zakrasnejsivimperk.cz\/wp-content\/uploads\/2020\/04\/28\/zoo-hlubok\u00e1-logo-246x300.jpg 246w, https:\/\/zakrasnejsivimperk.cz\/wp-content\/uploads\/2020\/04\/28\/zoo-hlubok\u00e1-logo-293x357.jpg 293w, https:\/\/zakrasnejsivimperk.cz\/wp-content\/uploads\/2020\/04\/28\/zoo-hlubok\u00e1-logo-396x483.jpg 396w, https:\/\/zakrasnejsivimperk.cz\/wp-content\/uploads\/2020\/04\/28\/zoo-hlubok\u00e1-logo.jpg 476w\" sizes=\"(max-width: 246px) 100vw, 246px\" \/><\/a>\n\t\t\t<\/div><\/figure>\n\t\t<\/div>\n\n<p>&nbsp;<\/p>\n<p>&nbsp;<\/p>\n","protected":false},"excerpt":{"rendered":"<p>&nbsp; Jeden\u00e1ct <\/p>\n","protected":false},"author":2,"featured_media":281909,"comment_status":"open","ping_status":"open","sticky":false,"template":"","format":"gallery","meta":{"footnotes":""},"categories":[72,107],"tags":[],"jetpack_featured_media_url":"https:\/\/zakrasnejsivimperk.cz\/wp-content\/uploads\/2023\/06\/26\/ram-nova-expozice.jpg","_links":{"self":[{"href":"https:\/\/zakrasnejsivimperk.cz\/index.php?rest_route=\/wp\/v2\/posts\/281894"}],"collection":[{"href":"https:\/\/zakrasnejsivimperk.cz\/index.php?rest_route=\/wp\/v2\/posts"}],"about":[{"href":"https:\/\/zakrasnejsivimperk.cz\/index.php?rest_route=\/wp\/v2\/types\/post"}],"author":[{"embeddable":true,"href":"https:\/\/zakrasnejsivimperk.cz\/index.php?rest_route=\/wp\/v2\/users\/2"}],"replies":[{"embeddable":true,"href":"https:\/\/zakrasnejsivimperk.cz\/index.php?rest_route=%2Fwp%2Fv2%2Fcomments&post=281894"}],"version-history":[{"count":5,"href":"https:\/\/zakrasnejsivimperk.cz\/index.php?rest_route=\/wp\/v2\/posts\/281894\/revisions"}],"predecessor-version":[{"id":282391,"href":"https:\/\/zakrasnejsivimperk.cz\/index.php?rest_route=\/wp\/v2\/posts\/281894\/revisions\/282391"}],"wp:featuredmedia":[{"embeddable":true,"href":"https:\/\/zakrasnejsivimperk.cz\/index.php?rest_route=\/wp\/v2\/media\/281909"}],"wp:attachment":[{"href":"https:\/\/zakrasnejsivimperk.cz\/index.php?rest_route=%2Fwp%2Fv2%2Fmedia&parent=281894"}],"wp:term":[{"taxonomy":"category","embeddable":true,"href":"https:\/\/zakrasnejsivimperk.cz\/index.php?rest_route=%2Fwp%2Fv2%2Fcategories&post=281894"},{"taxonomy":"post_tag","embeddable":true,"href":"https:\/\/zakrasnejsivimperk.cz\/index.php?rest_route=%2Fwp%2Fv2%2Ftags&post=281894"}],"curies":[{"name":"wp","href":"https:\/\/api.w.org\/{rel}","templated":true}]}}