{"id":281646,"date":"2023-07-01T11:48:13","date_gmt":"2023-07-01T10:48:13","guid":{"rendered":"https:\/\/zakrasnejsivimperk.cz\/?p=281646"},"modified":"2023-07-13T13:41:54","modified_gmt":"2023-07-13T12:41:54","slug":"jizni-cechy-prijedte-oslavit-11-narozeniny-stezky-korunami-stromu-na-lipne","status":"publish","type":"post","link":"https:\/\/zakrasnejsivimperk.cz\/?p=281646","title":{"rendered":"JI\u017dN\u00cd \u010cECHY: Lipensk\u00e1 Stezka korunami strom\u016f oslav\u00ed jeden\u00e1ct\u00e9 narozeniny"},"content":{"rendered":"<p><img loading=\"lazy\" decoding=\"async\" class=\"aligncenter wp-image-135612 size-full\" src=\"https:\/\/zakrasnejsivimperk.cz\/wp-content\/uploads\/2018\/07\/17\/stezka-lipno-x.jpg\" alt=\"\" width=\"1000\" height=\"666\" srcset=\"https:\/\/zakrasnejsivimperk.cz\/wp-content\/uploads\/2018\/07\/17\/stezka-lipno-x.jpg 1000w, https:\/\/zakrasnejsivimperk.cz\/wp-content\/uploads\/2018\/07\/17\/stezka-lipno-x-300x200.jpg 300w, https:\/\/zakrasnejsivimperk.cz\/wp-content\/uploads\/2018\/07\/17\/stezka-lipno-x-768x511.jpg 768w, https:\/\/zakrasnejsivimperk.cz\/wp-content\/uploads\/2018\/07\/17\/stezka-lipno-x-536x357.jpg 536w, https:\/\/zakrasnejsivimperk.cz\/wp-content\/uploads\/2018\/07\/17\/stezka-lipno-x-725x483.jpg 725w\" sizes=\"(max-width: 1000px) 100vw, 1000px\" \/><\/p>\n<p>&nbsp;<\/p>\n<h6>Do druh\u00e9 dek\u00e1dy sv\u00e9ho \u017eivota se p\u0159ehoupla lipensk\u00e1 dominanta a letos slav\u00ed sv\u00e9 11. narozeniny. Velkolep\u011b s dortem i mnoha gratulanty, tak, jak je se to pat\u0159\u00ed. Kejkl\u00ed\u0159i, divadla, malov\u00e1n\u00ed, vyr\u00e1b\u011bn\u00ed i sout\u011b\u017ee o hodnotn\u00e9 ceny \u010dekaj\u00ed na leto\u0161n\u00ed narozeninov\u00e9 n\u00e1v\u0161t\u011bvn\u00edky. Leto\u0161n\u00edm hlavn\u00edm gratulantem je zp\u011bv\u00e1k Raego, kter\u00fd 20. \u010dervence slavnostn\u011b nakroj\u00ed origin\u00e1ln\u00ed dort. Zv\u00e1ni jsou v\u0161ichni!<\/h6>\n<p><img loading=\"lazy\" decoding=\"async\" class=\"size-medium wp-image-247981 alignright\" src=\"https:\/\/zakrasnejsivimperk.cz\/wp-content\/uploads\/2022\/02\/24\/lipno-logo-300x116.jpg\" alt=\"\" width=\"300\" height=\"116\" srcset=\"https:\/\/zakrasnejsivimperk.cz\/wp-content\/uploads\/2022\/02\/24\/lipno-logo-300x116.jpg 300w, https:\/\/zakrasnejsivimperk.cz\/wp-content\/uploads\/2022\/02\/24\/lipno-logo.jpg 716w\" sizes=\"(max-width: 300px) 100vw, 300px\" \/>Spoustu kr\u00e1sn\u00fdch z\u00e1\u017eitk\u016f p\u0159in\u00e1\u0161\u00ed lipensk\u00e1 Stezka korunami strom\u016f u\u017e 11 let. Nejen v\u00fdhledy do okoln\u00ed krajiny, origin\u00e1ln\u00ed pta\u010d\u00ed stezka a adrenalinov\u00e9 zast\u00e1vky jsou jej\u00ed ned\u00edlnou sou\u010d\u00e1st\u00ed. Tak\u00e9 narozeninov\u00e1 oslava, kter\u00e1 se ka\u017edoro\u010dn\u011b kon\u00e1 20. \u010dervence se stala neodmyslitelnou \u010d\u00e1st\u00ed letn\u00edho programu. U\u017e v 10 hodin dopoledne se rozjede narozeninov\u00e1 p\u00e1rty a trvat bude a\u017e do 16 hodin. T\u011b\u0161it se m\u016f\u017eete na poh\u00e1dku divadla J\u00e1ToJsem, obl\u00edben\u00e9 kejkle od Sl\u00e1vka, spoustu obrovsk\u00fdch i malink\u00fdch bublin od ka\u0161para Kuby a na kouzelnick\u00e9 p\u0159edstaven\u00ed li\u0161\u00e1ka Foxe.<\/p>\n<p>Slavnostn\u00ed nakrojen\u00ed narozeninov\u00e9ho dortu se stane ve 13 hodin a ujme se ho letos \u010desk\u00fd zp\u011bv\u00e1k, texta\u0159, rapper i moder\u00e1tor Raego. D\u0159\u00edve ne\u017e si ale vezme do ruky n\u016f\u017e, ujme se mikrofonu, a hudebn\u011b nalad\u00ed v\u0161echny p\u0159\u00edtomn\u00e9 d\u011bti i dosp\u011bl\u00e1ky. Chyb\u011bt nebudou hity jako Zak\u00e1zan\u00e1, Zapomenout nebo Nejsi na to s\u00e1m. Po koncertu a dortu z cukr\u00e1rny Povidlo\u0148 se bude mo\u017en\u00e9 se zp\u011bv\u00e1kem vyfotit a prob\u011bhne i mal\u00e1 autogrami\u00e1da.<\/p>\n<p>Narozeninov\u00e1 oslava je jen jednou z mnoha letn\u00edch akc\u00ed Stezky korunami strom\u016f a cel\u00e9ho Rodinn\u00e9ho are\u00e1lu Lipno. <em>\u201eI letos m\u016f\u017eete za\u017e\u00edt jedine\u010dn\u00e9 hudebn\u00ed ve\u010dery doprov\u00e1zej\u00edc\u00ed romantick\u00e9 z\u00e1pady slunce a osv\u00edcenou Stezku. Tak jako ka\u017ed\u00fd rok i letos bude Stezka ka\u017ed\u00e9 \u00fater\u00fd v \u010dervenci a srpnu otev\u0159ena do pozdn\u00edch 23 hodin a ve vyhl\u00eddkov\u00e9 v\u011b\u017ei se budou konat koncerty,\u201c<\/em> p\u0159ipom\u00edn\u00e1 marketingov\u00fd manager are\u00e1lu Ji\u0159\u00ed Gruntor\u00e1d. Str\u00e1vit je m\u016f\u017eete spole\u010dn\u011b nap\u0159\u00edklad s Glow Music, McBerds a dal\u0161\u00edmi.<\/p>\n<p>Nenechte si uj\u00edt den pln\u00fd z\u00e1bavy, radosti a vesel\u00ed, a p\u0159idejte se k leto\u0161n\u00edm gratulant\u016fm. Narozeninov\u00e1 party startuje ve \u010dtvrtek 20. \u010dervence v 10 hodin p\u0159\u00edmo u Stezky.<\/p>\n<p>&nbsp;<\/p>\n<p><strong>Text a foto: (tz-jg)<\/strong><\/p>\n<p>&nbsp;<\/p>\n<p><img loading=\"lazy\" decoding=\"async\" class=\"aligncenter wp-image-135613 size-full\" src=\"https:\/\/zakrasnejsivimperk.cz\/wp-content\/uploads\/2018\/07\/17\/stezka-lipno-xx.jpg\" alt=\"\" width=\"1000\" height=\"666\" srcset=\"https:\/\/zakrasnejsivimperk.cz\/wp-content\/uploads\/2018\/07\/17\/stezka-lipno-xx.jpg 1000w, https:\/\/zakrasnejsivimperk.cz\/wp-content\/uploads\/2018\/07\/17\/stezka-lipno-xx-300x200.jpg 300w, https:\/\/zakrasnejsivimperk.cz\/wp-content\/uploads\/2018\/07\/17\/stezka-lipno-xx-768x511.jpg 768w, https:\/\/zakrasnejsivimperk.cz\/wp-content\/uploads\/2018\/07\/17\/stezka-lipno-xx-536x357.jpg 536w, https:\/\/zakrasnejsivimperk.cz\/wp-content\/uploads\/2018\/07\/17\/stezka-lipno-xx-725x483.jpg 725w\" sizes=\"(max-width: 1000px) 100vw, 1000px\" \/><\/p>\n<hr \/>\n<p>&nbsp;<\/p>\n<p>&nbsp;<\/p>\n","protected":false},"excerpt":{"rendered":"<p>&nbsp; Do <\/p>\n","protected":false},"author":2,"featured_media":135612,"comment_status":"open","ping_status":"open","sticky":false,"template":"","format":"gallery","meta":{"footnotes":""},"categories":[69],"tags":[],"jetpack_featured_media_url":"https:\/\/zakrasnejsivimperk.cz\/wp-content\/uploads\/2018\/07\/17\/stezka-lipno-x.jpg","_links":{"self":[{"href":"https:\/\/zakrasnejsivimperk.cz\/index.php?rest_route=\/wp\/v2\/posts\/281646"}],"collection":[{"href":"https:\/\/zakrasnejsivimperk.cz\/index.php?rest_route=\/wp\/v2\/posts"}],"about":[{"href":"https:\/\/zakrasnejsivimperk.cz\/index.php?rest_route=\/wp\/v2\/types\/post"}],"author":[{"embeddable":true,"href":"https:\/\/zakrasnejsivimperk.cz\/index.php?rest_route=\/wp\/v2\/users\/2"}],"replies":[{"embeddable":true,"href":"https:\/\/zakrasnejsivimperk.cz\/index.php?rest_route=%2Fwp%2Fv2%2Fcomments&post=281646"}],"version-history":[{"count":4,"href":"https:\/\/zakrasnejsivimperk.cz\/index.php?rest_route=\/wp\/v2\/posts\/281646\/revisions"}],"predecessor-version":[{"id":282044,"href":"https:\/\/zakrasnejsivimperk.cz\/index.php?rest_route=\/wp\/v2\/posts\/281646\/revisions\/282044"}],"wp:featuredmedia":[{"embeddable":true,"href":"https:\/\/zakrasnejsivimperk.cz\/index.php?rest_route=\/wp\/v2\/media\/135612"}],"wp:attachment":[{"href":"https:\/\/zakrasnejsivimperk.cz\/index.php?rest_route=%2Fwp%2Fv2%2Fmedia&parent=281646"}],"wp:term":[{"taxonomy":"category","embeddable":true,"href":"https:\/\/zakrasnejsivimperk.cz\/index.php?rest_route=%2Fwp%2Fv2%2Fcategories&post=281646"},{"taxonomy":"post_tag","embeddable":true,"href":"https:\/\/zakrasnejsivimperk.cz\/index.php?rest_route=%2Fwp%2Fv2%2Ftags&post=281646"}],"curies":[{"name":"wp","href":"https:\/\/api.w.org\/{rel}","templated":true}]}}