{"id":281598,"date":"2023-06-22T08:56:47","date_gmt":"2023-06-22T07:56:47","guid":{"rendered":"https:\/\/zakrasnejsivimperk.cz\/?p=281598"},"modified":"2023-06-22T08:56:47","modified_gmt":"2023-06-22T07:56:47","slug":"nase-mesto-vimperk-zapis-ze-zasedani-mestske-rady-dne-19-cervna-2023","status":"publish","type":"post","link":"https:\/\/zakrasnejsivimperk.cz\/?p=281598","title":{"rendered":"NA\u0160E M\u011aSTO VIMPERK: Z\u00e1pis ze zased\u00e1n\u00ed m\u011bstsk\u00e9 rady dne 19. \u010dervna 2023"},"content":{"rendered":"<p><img loading=\"lazy\" decoding=\"async\" class=\"aligncenter wp-image-129874 size-full\" src=\"https:\/\/zakrasnejsivimperk.cz\/wp-content\/uploads\/2018\/05\/06\/dokumenty.jpg\" alt=\"\" width=\"799\" height=\"527\" srcset=\"https:\/\/zakrasnejsivimperk.cz\/wp-content\/uploads\/2018\/05\/06\/dokumenty.jpg 799w, https:\/\/zakrasnejsivimperk.cz\/wp-content\/uploads\/2018\/05\/06\/dokumenty-300x198.jpg 300w, https:\/\/zakrasnejsivimperk.cz\/wp-content\/uploads\/2018\/05\/06\/dokumenty-768x507.jpg 768w, https:\/\/zakrasnejsivimperk.cz\/wp-content\/uploads\/2018\/05\/06\/dokumenty-100x65.jpg 100w, https:\/\/zakrasnejsivimperk.cz\/wp-content\/uploads\/2018\/05\/06\/dokumenty-541x357.jpg 541w, https:\/\/zakrasnejsivimperk.cz\/wp-content\/uploads\/2018\/05\/06\/dokumenty-732x483.jpg 732w\" sizes=\"(max-width: 799px) 100vw, 799px\" \/><\/p>\n<p>&nbsp;<\/p>\n<h6>Rada m\u011bsta Vimperk na sv\u00e9m zased\u00e1n\u00ed 19. \u010dervna 2023 krom\u011b jin\u00e9ho projednala a schv\u00e1lila <em>(p\u0159in\u00e1\u0161\u00edme doslovn\u00fd p\u0159epis n\u011bkter\u00fdch usnesen\u00ed bez redak\u010dn\u00ed \u00fapravy)<\/em>:<\/h6>\n<p>&nbsp;<\/p>\n<p><strong>Usnesen\u00ed \u010d. 644<\/strong><br \/>\nRada m\u011bsta rozhodla vyp\u016fj\u010dit prostory \u010d. 315 o celkov\u00e9 v\u00fdm\u011b\u0159e 62,80 m2 v 1. NP \u2013 bloku AB a \u010d. 317 o celkov\u00e9 v\u00fdm\u011b\u0159e 58,70 m2 v 1. NP \u2013 bloku AB v\u0161e v \u010dp. 199 v ulici Nad Stadionem ve Vimperku P. a V. J., Lenora \u010dp. 102, za \u00fa\u010delem zaji\u0161t\u011bn\u00ed z\u00e1zem\u00ed pro setk\u00e1v\u00e1n\u00ed \u010dlen\u016f K\u0159es\u0165ansk\u00fdch sbor\u016f \u0160umava, konkr\u00e9tn\u011b pro d\u011btsk\u00e9 bes\u00eddky a mimo\u0159\u00e1dn\u00e9 akce, a to na dobu neur\u010ditou s platnost\u00ed od 01.07.2023. N\u00e1klady na slu\u017eby z uveden\u00e9ho prostoru budou hradit vyp\u016fj\u010ditel\u00e9, P. a V. J. Zp\u016fsobilost p\u0159edm\u011btu za \u00fa\u010delem v\u00fdp\u016fj\u010dky si zajist\u00ed vyp\u016fj\u010ditel.<\/p>\n<p>&nbsp;<\/p>\n<p><strong>Usnesen\u00ed \u010d. 647<\/strong><br \/>\nRada m\u011bsta rozhodla uzav\u0159\u00edt smlouvu o d\u00edlo na \u201eKompletn\u00ed v\u00fdm\u011bnu a opravu bytov\u00fdch vodom\u011br\u016f s r\u00e1diov\u00fdm p\u0159enosem dat po uplynut\u00ed doby platnosti prvotn\u00edho ov\u011b\u0159en\u00ed\u201c v bytov\u00fdch objektech m\u011bsta Vimperk s dodavatelem COOP THERM spol. s r. o., I\u010c 13502808, Vajgar 675\/III, 377 01 Jind\u0159ich\u016fv Hradec v celkov\u00e9 \u010d\u00e1stce 1.071.489 K\u010d bez DPH.<\/p>\n<p>&nbsp;<\/p>\n<p><strong>Usnesen\u00ed \u010d. 648<\/strong><br \/>\nRada m\u011bsta schvaluje pod\u00e1n\u00ed \u017e\u00e1dosti o dotaci na akci s n\u00e1zvem \u201eVimperk, autobusov\u00e1 zast\u00e1vka ul. Skl\u00e1\u0159sk\u00e1\u201c do dota\u010dn\u00edho titulu vyhl\u00e1\u0161en\u00e9ho St\u00e1tn\u00edm fondem dopravn\u00ed infrastruktury Zvy\u0161ov\u00e1n\u00ed bezpe\u010dnosti, bezbari\u00e9rov\u00e9 \u00fapravy chodn\u00edku 2023 \u2013 2024.<\/p>\n<p>&nbsp;<\/p>\n<p><strong>Usnesen\u00ed \u010d. 649<\/strong><br \/>\nRada m\u011bsta rozhodla prov\u00e9st v\u00fdb\u011br zpracovatele \u017e\u00e1dosti o dotaci na akci s n\u00e1zvem \u201eVimperk, autobusov\u00e1 zast\u00e1vka ul. Skl\u00e1\u0159sk\u00e1\u201c do dota\u010dn\u00edho titulu vyhl\u00e1\u0161en\u00e9ho St\u00e1tn\u00edm fondem dopravn\u00ed infrastruktury Zvy\u0161ov\u00e1n\u00ed bezpe\u010dnosti, bezbari\u00e9rov\u00e9 \u00fapravy chodn\u00edku 2023-2024, formou p\u0159\u00edm\u00e9ho zad\u00e1n\u00ed v souladu s bodem 5.2 Vnit\u0159n\u00ed sm\u011brnice \u010d. 2\/2020 o zad\u00e1v\u00e1n\u00ed ve\u0159ejn\u00fdch zak\u00e1zek mal\u00e9ho rozsahu a zadat uvedenou zak\u00e1zku Mgr. et Mgr. Lucii Du\u0161kov\u00e9, se s\u00eddlem Za Branou 770, 395 01 Pacov. P\u0159edpokl\u00e1dan\u00e1 odm\u011bna za slu\u017eby je d\u00e1na cenovou nab\u00eddkou, kter\u00e1 je p\u0159\u00edlohou tohoto materi\u00e1lu.<\/p>\n<p>&nbsp;<\/p>\n<p><strong>Usnesen\u00ed \u010d. 652<\/strong><br \/>\nRada m\u011bsta v souladu s \u010dl\u00e1nkem II, odst. 2.1, bod a) uzav\u0159en\u00e9 smlouvy o realizaci audiovizu\u00e1ln\u00ed prezentace m\u011bsta Vimperk umo\u017e\u0148uje nahradit klasick\u00e9 vys\u00edl\u00e1n\u00ed Vimpersk\u00e9ho zpravodajstv\u00ed monot\u00e9matick\u00fdmi vys\u00edl\u00e1n\u00edmi v obdob\u00ed od 06.07.2023 do 31.08.2023.<\/p>\n<p>&nbsp;<\/p>\n<p><strong>Usnesen\u00ed \u010d. 655<\/strong><br \/>\nRada m\u011bsta rozhodla p\u0159id\u011blit dotaci ve v\u00fd\u0161i 43.000 K\u010d Z\u00e1kladn\u00ed \u0161kole T. G. Masaryka Vimperk, 1. m\u00e1je 268, 385 01 Vimperk na \u00fahradu n\u00e1klad\u016f na projekt Prevence rizikov\u00e9ho chov\u00e1n\u00ed na z\u00e1klad\u011b z\u00e1v\u011br\u016f a doporu\u010den\u00ed komise prevence ze dne 05.06.2023. Dotace bude poskytnuta z kapitoly komise prevence. Rada m\u011bsta po\u017eaduje p\u0159edlo\u017eit vy\u00fa\u010dtov\u00e1n\u00ed dotace do 31.12.2023.<\/p>\n<p>&nbsp;<\/p>\n<p><strong>Usnesen\u00ed \u010d. 656<\/strong><br \/>\nRada m\u011bsta rozhodla p\u0159id\u011blit dotaci ve v\u00fd\u0161i 43.000 K\u010d Z\u00e1kladn\u00ed \u0161kole Vimperk, Smetanova 405, okres Prachatice na \u00fahradu n\u00e1klad\u016f na Program prevence rizikov\u00e9ho chov\u00e1n\u00ed Z\u0160 Vimperk Smetanova na z\u00e1klad\u011b z\u00e1v\u011br\u016f a doporu\u010den\u00ed komise prevence ze dne 05.06.2023. Dotace bude poskytnuta z kapitoly komise prevence. Rada m\u011bsta po\u017eaduje p\u0159edlo\u017eit vy\u00fa\u010dtov\u00e1n\u00ed dotace do 31.12.2023.<\/p>\n<p>&nbsp;<\/p>\n<p><strong>Usnesen\u00ed \u010d. 657<\/strong><br \/>\nRada m\u011bsta na z\u00e1klad\u011b v\u00fdsledku zad\u00e1vac\u00edho \u0159\u00edzen\u00ed rozhodla uzav\u0159\u00edt smlouvu o d\u00edlo na realizaci stavebn\u00ed zak\u00e1zky \u201eRekonstrukce domu \u010dp. 174 \u2013 pietn\u00ed s\u00ed\u0148\u201c se spole\u010dnosti GSI INVEST s. r. o., I\u010c 28260309, Na Hroud\u011b 3317\/22, 100 00 Praha 10, dle p\u0159edlo\u017een\u00e9ho n\u00e1vrhu.<\/p>\n<p>&nbsp;<\/p>\n<p><strong>Zdroj: M\u011aSTO VIMPERK<\/strong><\/p>\n<p>&nbsp;<\/p>\n<p><strong>(red)<\/strong><\/p>\n<p>Ilustra\u010dn\u00ed foto: archiv (red) \u2013 Za kr\u00e1sn\u011bj\u0161\u00ed Vimperk<\/p>\n<h6><a href=\"https:\/\/www.vimperk.cz\/zapisy-ze-zasedani-rady\/ds-1128\/p1=9521\" target=\"_blank\" rel=\"noopener\">Cel\u00fd z\u00e1pis z jedn\u00e1n\u00ed<\/a><\/h6>\n<hr \/>\n<p>&nbsp;<\/p>\n","protected":false},"excerpt":{"rendered":"<p>&nbsp; Rada <\/p>\n","protected":false},"author":2,"featured_media":150108,"comment_status":"open","ping_status":"open","sticky":false,"template":"","format":"gallery","meta":{"footnotes":""},"categories":[115],"tags":[],"jetpack_featured_media_url":"https:\/\/zakrasnejsivimperk.cz\/wp-content\/uploads\/2019\/01\/12\/dokument-1.png","_links":{"self":[{"href":"https:\/\/zakrasnejsivimperk.cz\/index.php?rest_route=\/wp\/v2\/posts\/281598"}],"collection":[{"href":"https:\/\/zakrasnejsivimperk.cz\/index.php?rest_route=\/wp\/v2\/posts"}],"about":[{"href":"https:\/\/zakrasnejsivimperk.cz\/index.php?rest_route=\/wp\/v2\/types\/post"}],"author":[{"embeddable":true,"href":"https:\/\/zakrasnejsivimperk.cz\/index.php?rest_route=\/wp\/v2\/users\/2"}],"replies":[{"embeddable":true,"href":"https:\/\/zakrasnejsivimperk.cz\/index.php?rest_route=%2Fwp%2Fv2%2Fcomments&post=281598"}],"version-history":[{"count":1,"href":"https:\/\/zakrasnejsivimperk.cz\/index.php?rest_route=\/wp\/v2\/posts\/281598\/revisions"}],"predecessor-version":[{"id":281599,"href":"https:\/\/zakrasnejsivimperk.cz\/index.php?rest_route=\/wp\/v2\/posts\/281598\/revisions\/281599"}],"wp:featuredmedia":[{"embeddable":true,"href":"https:\/\/zakrasnejsivimperk.cz\/index.php?rest_route=\/wp\/v2\/media\/150108"}],"wp:attachment":[{"href":"https:\/\/zakrasnejsivimperk.cz\/index.php?rest_route=%2Fwp%2Fv2%2Fmedia&parent=281598"}],"wp:term":[{"taxonomy":"category","embeddable":true,"href":"https:\/\/zakrasnejsivimperk.cz\/index.php?rest_route=%2Fwp%2Fv2%2Fcategories&post=281598"},{"taxonomy":"post_tag","embeddable":true,"href":"https:\/\/zakrasnejsivimperk.cz\/index.php?rest_route=%2Fwp%2Fv2%2Ftags&post=281598"}],"curies":[{"name":"wp","href":"https:\/\/api.w.org\/{rel}","templated":true}]}}