{"id":281451,"date":"2023-06-28T12:54:49","date_gmt":"2023-06-28T11:54:49","guid":{"rendered":"https:\/\/zakrasnejsivimperk.cz\/?p=281451"},"modified":"2023-06-29T08:40:26","modified_gmt":"2023-06-29T07:40:26","slug":"jizni-cechy-vodakum-usnadni-orientaci-nova-vodacka-mapa","status":"publish","type":"post","link":"https:\/\/zakrasnejsivimperk.cz\/?p=281451","title":{"rendered":"JI\u017dN\u00cd \u010cECHY: Vod\u00e1k\u016fm usnadn\u00ed orientaci nov\u00e1 vod\u00e1ck\u00e1 mapa"},"content":{"rendered":"<p><img loading=\"lazy\" decoding=\"async\" class=\"aligncenter wp-image-281455 size-full\" src=\"https:\/\/zakrasnejsivimperk.cz\/wp-content\/uploads\/2023\/06\/19\/Rozmberk-nad-Vltavou.jpg\" alt=\"\" width=\"1040\" height=\"780\" srcset=\"https:\/\/zakrasnejsivimperk.cz\/wp-content\/uploads\/2023\/06\/19\/Rozmberk-nad-Vltavou.jpg 1040w, https:\/\/zakrasnejsivimperk.cz\/wp-content\/uploads\/2023\/06\/19\/Rozmberk-nad-Vltavou-300x225.jpg 300w, https:\/\/zakrasnejsivimperk.cz\/wp-content\/uploads\/2023\/06\/19\/Rozmberk-nad-Vltavou-1024x768.jpg 1024w, https:\/\/zakrasnejsivimperk.cz\/wp-content\/uploads\/2023\/06\/19\/Rozmberk-nad-Vltavou-768x576.jpg 768w, https:\/\/zakrasnejsivimperk.cz\/wp-content\/uploads\/2023\/06\/19\/Rozmberk-nad-Vltavou-476x357.jpg 476w, https:\/\/zakrasnejsivimperk.cz\/wp-content\/uploads\/2023\/06\/19\/Rozmberk-nad-Vltavou-644x483.jpg 644w\" sizes=\"(max-width: 1040px) 100vw, 1040px\" \/><\/p>\n<p>&nbsp;<\/p>\n<h6>Jiho\u010desk\u00e1 centr\u00e1la cestovn\u00edho ruchu (JCCR) p\u0159edstavila vod\u00e1ckou mapu pro \u0159eku Vltavu, kter\u00e1 poskytuje detailn\u00ed informace o tras\u00e1ch, trauma bodech a vod\u00e1ck\u00fdch kempech. Mapa je ur\u010dena pro v\u0161echny nad\u0161ence, kte\u0159\u00ed si cht\u011bj\u00ed u\u017e\u00edt j\u00edzdu na \u0159ece Vltav\u011b a zmapovat mo\u017enosti ubytov\u00e1n\u00ed.<\/h6>\n<p><em><img loading=\"lazy\" decoding=\"async\" class=\"size-medium wp-image-178503 alignright\" src=\"https:\/\/zakrasnejsivimperk.cz\/wp-content\/uploads\/2019\/12\/03\/ji\u017en\u00ed-\u010dechy-opravdov\u00e1-l\u00e1ska-logo-300x140.png\" alt=\"\" width=\"300\" height=\"140\" srcset=\"https:\/\/zakrasnejsivimperk.cz\/wp-content\/uploads\/2019\/12\/03\/ji\u017en\u00ed-\u010dechy-opravdov\u00e1-l\u00e1ska-logo-300x140.png 300w, https:\/\/zakrasnejsivimperk.cz\/wp-content\/uploads\/2019\/12\/03\/ji\u017en\u00ed-\u010dechy-opravdov\u00e1-l\u00e1ska-logo-768x358.png 768w, https:\/\/zakrasnejsivimperk.cz\/wp-content\/uploads\/2019\/12\/03\/ji\u017en\u00ed-\u010dechy-opravdov\u00e1-l\u00e1ska-logo-765x357.png 765w, https:\/\/zakrasnejsivimperk.cz\/wp-content\/uploads\/2019\/12\/03\/ji\u017en\u00ed-\u010dechy-opravdov\u00e1-l\u00e1ska-logo.png 960w\" sizes=\"(max-width: 300px) 100vw, 300px\" \/><img loading=\"lazy\" decoding=\"async\" class=\"size-medium wp-image-119660 alignleft\" src=\"https:\/\/zakrasnejsivimperk.cz\/wp-content\/uploads\/2018\/01\/11\/jccr-300x225.jpg\" alt=\"\" width=\"300\" height=\"225\" srcset=\"https:\/\/zakrasnejsivimperk.cz\/wp-content\/uploads\/2018\/01\/11\/jccr-300x225.jpg 300w, https:\/\/zakrasnejsivimperk.cz\/wp-content\/uploads\/2018\/01\/11\/jccr-768x576.jpg 768w, https:\/\/zakrasnejsivimperk.cz\/wp-content\/uploads\/2018\/01\/11\/jccr-476x357.jpg 476w, https:\/\/zakrasnejsivimperk.cz\/wp-content\/uploads\/2018\/01\/11\/jccr-644x483.jpg 644w, https:\/\/zakrasnejsivimperk.cz\/wp-content\/uploads\/2018\/01\/11\/jccr.jpg 800w\" sizes=\"(max-width: 300px) 100vw, 300px\" \/>\u201eVltava je jednou z nejkr\u00e1sn\u011bj\u0161\u00edch a nejobl\u00edben\u011bj\u0161\u00edch \u0159ek nejen v na\u0161em kraji, ale i v cel\u00e9 \u010cesk\u00e9 republice. Nov\u00e1 vod\u00e1ck\u00e1 mapa je praktick\u00fdm n\u00e1strojem pro ty, kte\u0159\u00ed se cht\u011bj\u00ed pono\u0159it do kr\u00e1s na\u0161\u00ed krajiny a za\u017e\u00edt dobrodru\u017estv\u00ed na \u0159ece s maxim\u00e1ln\u00edm komfortem a bezpe\u010dnost\u00ed,\u201c<\/em> uv\u00e1d\u00ed hejtman Jiho\u010desk\u00e9ho kraje, Martin Kuba.<\/p>\n<p>Mapa obsahuje seznam dvaceti vod\u00e1ck\u00fdch kemp\u016f pod\u00e9l \u0159eky Vltavy, kter\u00e9 nab\u00edzej\u00ed \u0161irokou \u0161k\u00e1lu slu\u017eeb pro vod\u00e1ky. To zahrnuje mo\u017enosti ubytov\u00e1n\u00ed, stravov\u00e1n\u00ed a dal\u0161\u00edch aktivit pro celou rodinu. Z\u00e1rove\u0148 je mapa pln\u00e1 i tip\u016f na v\u00fdlety pod\u00e9l \u0159eky Vltavy pro v\u0161echny, kdo si cht\u011bj\u00ed zp\u0159\u00edjemnit v\u00fdlet n\u00e1v\u0161t\u011bvou n\u011bkter\u00e9 z m\u00edstn\u00edch atraktivit. Mapu je mo\u017eno st\u00e1hnout na tomto odkazu<a href=\"https:\/\/bit.ly\/Vod\u00e1ck\u00e1_mapa_Vltava\" target=\"_blank\" rel=\"noopener\"><strong> https:\/\/bit.ly\/Vod\u00e1ck\u00e1_mapa_Vltava<\/strong><\/a>.<\/p>\n<p><em>\u201eTato nov\u00e1 mapa je v\u00fdsledkem na\u0161\u00ed spolupr\u00e1ce s m\u00edstn\u00edmi organizacemi a podniky, kter\u00e9 se pod\u00edlej\u00ed na rozvoji cestovn\u00edho ruchu a posiluj\u00ed atraktivitu na\u0161eho kraje pro n\u00e1v\u0161t\u011bvn\u00edky. Jsme p\u0159esv\u011bd\u010deni, \u017ee d\u00edky t\u00e9to map\u011b budou vod\u00e1ci l\u00e9pe informov\u00e1ni o ubytov\u00e1n\u00ed a budou si tak moci napl\u00e1novat sv\u016fj pobyt podle sv\u00fdch pot\u0159eb,\u201c<\/em> dod\u00e1v\u00e1 prvn\u00ed n\u00e1m\u011bstek hejtmana Franti\u0161ek Tal\u00ed\u0159.<\/p>\n<p>T\u00fdm JCCR spolupracoval na tvorb\u011b mapy s organizac\u00ed Sdru\u017een\u00ed pro Vltavu a turistick\u00fdmi oblastmi Lipensko, \u010cesk\u00fd Krumlov region a Bud\u011bjovicko. B\u011bhem t\u00e9to \u00fasp\u011b\u0161n\u00e9 spolupr\u00e1ce bylo zji\u0161t\u011bno, \u017ee mnoho lid\u00ed nen\u00ed obezn\u00e1meno s pojmem &#8220;trauma bod&#8221; a nev\u011bd\u00ed, jakou funkc\u00ed pln\u00ed cedule um\u00edst\u011bn\u00e9 na \u0159ece. Pr\u00e1v\u011b proto jsou tyto prvky zahrnuty do mapy i s vysv\u011btlen\u00edm, jak m\u00e1 \u010dlov\u011bk v t\u00edsni postupovat.<\/p>\n<p><em>\u201eJen pro lep\u0161\u00ed pochopen\u00ed, term\u00edn &#8220;trauma body&#8221; se vztahuje na speci\u00e1ln\u011b ozna\u010den\u00e1 m\u00edsta pod\u00e9l \u0159eky Vltavy. Tyto body disponuj\u00ed p\u0159esn\u00fdmi GPS sou\u0159adnicemi a snadn\u00fdm p\u0159\u00edstupem, co\u017e zaji\u0161\u0165uje rychlou a efektivn\u00ed intervenci z\u00e1chran\u00e1\u0159\u016f v p\u0159\u00edpad\u011b pot\u0159eby,\u201c<\/em> up\u0159es\u0148uje \u0159editel JCCR, Petr Soukup.<\/p>\n<p>&nbsp;<\/p>\n<p><strong>Text a foto: (tz-jccr)<\/strong><\/p>\n<p>&nbsp;<\/p>\n<p><img loading=\"lazy\" decoding=\"async\" class=\"aligncenter wp-image-281456 size-full\" src=\"https:\/\/zakrasnejsivimperk.cz\/wp-content\/uploads\/2023\/06\/19\/Trauma-bod_Vltava.jpeg\" alt=\"\" width=\"1040\" height=\"693\" srcset=\"https:\/\/zakrasnejsivimperk.cz\/wp-content\/uploads\/2023\/06\/19\/Trauma-bod_Vltava.jpeg 1040w, https:\/\/zakrasnejsivimperk.cz\/wp-content\/uploads\/2023\/06\/19\/Trauma-bod_Vltava-300x200.jpeg 300w, https:\/\/zakrasnejsivimperk.cz\/wp-content\/uploads\/2023\/06\/19\/Trauma-bod_Vltava-1024x682.jpeg 1024w, https:\/\/zakrasnejsivimperk.cz\/wp-content\/uploads\/2023\/06\/19\/Trauma-bod_Vltava-768x512.jpeg 768w, https:\/\/zakrasnejsivimperk.cz\/wp-content\/uploads\/2023\/06\/19\/Trauma-bod_Vltava-536x357.jpeg 536w, https:\/\/zakrasnejsivimperk.cz\/wp-content\/uploads\/2023\/06\/19\/Trauma-bod_Vltava-725x483.jpeg 725w\" sizes=\"(max-width: 1040px) 100vw, 1040px\" \/><\/p>\n<p>&nbsp;<\/p>\n<p>&nbsp;<\/p>\n<p><img loading=\"lazy\" decoding=\"async\" class=\"aligncenter wp-image-281454 size-full\" src=\"https:\/\/zakrasnejsivimperk.cz\/wp-content\/uploads\/2023\/06\/19\/Papousci-skala_Krumlovsko.jpeg\" alt=\"\" width=\"1040\" height=\"780\" srcset=\"https:\/\/zakrasnejsivimperk.cz\/wp-content\/uploads\/2023\/06\/19\/Papousci-skala_Krumlovsko.jpeg 1040w, https:\/\/zakrasnejsivimperk.cz\/wp-content\/uploads\/2023\/06\/19\/Papousci-skala_Krumlovsko-300x225.jpeg 300w, https:\/\/zakrasnejsivimperk.cz\/wp-content\/uploads\/2023\/06\/19\/Papousci-skala_Krumlovsko-1024x768.jpeg 1024w, https:\/\/zakrasnejsivimperk.cz\/wp-content\/uploads\/2023\/06\/19\/Papousci-skala_Krumlovsko-768x576.jpeg 768w, https:\/\/zakrasnejsivimperk.cz\/wp-content\/uploads\/2023\/06\/19\/Papousci-skala_Krumlovsko-476x357.jpeg 476w, https:\/\/zakrasnejsivimperk.cz\/wp-content\/uploads\/2023\/06\/19\/Papousci-skala_Krumlovsko-644x483.jpeg 644w\" sizes=\"(max-width: 1040px) 100vw, 1040px\" \/><\/p>\n<p>&nbsp;<\/p>\n<p>&nbsp;<\/p>\n<p><img loading=\"lazy\" decoding=\"async\" class=\"aligncenter wp-image-281453 size-full\" src=\"https:\/\/zakrasnejsivimperk.cz\/wp-content\/uploads\/2023\/06\/19\/Lipensko.jpg\" alt=\"\" width=\"1040\" height=\"693\" srcset=\"https:\/\/zakrasnejsivimperk.cz\/wp-content\/uploads\/2023\/06\/19\/Lipensko.jpg 1040w, https:\/\/zakrasnejsivimperk.cz\/wp-content\/uploads\/2023\/06\/19\/Lipensko-300x200.jpg 300w, https:\/\/zakrasnejsivimperk.cz\/wp-content\/uploads\/2023\/06\/19\/Lipensko-1024x682.jpg 1024w, https:\/\/zakrasnejsivimperk.cz\/wp-content\/uploads\/2023\/06\/19\/Lipensko-768x512.jpg 768w, https:\/\/zakrasnejsivimperk.cz\/wp-content\/uploads\/2023\/06\/19\/Lipensko-536x357.jpg 536w, https:\/\/zakrasnejsivimperk.cz\/wp-content\/uploads\/2023\/06\/19\/Lipensko-725x483.jpg 725w\" sizes=\"(max-width: 1040px) 100vw, 1040px\" \/><\/p>\n<p>&nbsp;<\/p>\n<p>&nbsp;<\/p>\n<p><img loading=\"lazy\" decoding=\"async\" class=\"aligncenter wp-image-281452 size-full\" src=\"https:\/\/zakrasnejsivimperk.cz\/wp-content\/uploads\/2023\/06\/19\/Cesky-Krumlov.jpg\" alt=\"\" width=\"1040\" height=\"780\" srcset=\"https:\/\/zakrasnejsivimperk.cz\/wp-content\/uploads\/2023\/06\/19\/Cesky-Krumlov.jpg 1040w, https:\/\/zakrasnejsivimperk.cz\/wp-content\/uploads\/2023\/06\/19\/Cesky-Krumlov-300x225.jpg 300w, https:\/\/zakrasnejsivimperk.cz\/wp-content\/uploads\/2023\/06\/19\/Cesky-Krumlov-1024x768.jpg 1024w, https:\/\/zakrasnejsivimperk.cz\/wp-content\/uploads\/2023\/06\/19\/Cesky-Krumlov-768x576.jpg 768w, https:\/\/zakrasnejsivimperk.cz\/wp-content\/uploads\/2023\/06\/19\/Cesky-Krumlov-476x357.jpg 476w, https:\/\/zakrasnejsivimperk.cz\/wp-content\/uploads\/2023\/06\/19\/Cesky-Krumlov-644x483.jpg 644w\" sizes=\"(max-width: 1040px) 100vw, 1040px\" \/><\/p>\n<hr \/>\n<p>&nbsp;<\/p>\n<p>&nbsp;<\/p>\n","protected":false},"excerpt":{"rendered":"<p>&nbsp; Jiho\u010desk\u00e1 <\/p>\n","protected":false},"author":2,"featured_media":281458,"comment_status":"open","ping_status":"open","sticky":false,"template":"","format":"gallery","meta":{"footnotes":""},"categories":[72,107],"tags":[],"jetpack_featured_media_url":"https:\/\/zakrasnejsivimperk.cz\/wp-content\/uploads\/2023\/06\/19\/ram-mapa.jpg","_links":{"self":[{"href":"https:\/\/zakrasnejsivimperk.cz\/index.php?rest_route=\/wp\/v2\/posts\/281451"}],"collection":[{"href":"https:\/\/zakrasnejsivimperk.cz\/index.php?rest_route=\/wp\/v2\/posts"}],"about":[{"href":"https:\/\/zakrasnejsivimperk.cz\/index.php?rest_route=\/wp\/v2\/types\/post"}],"author":[{"embeddable":true,"href":"https:\/\/zakrasnejsivimperk.cz\/index.php?rest_route=\/wp\/v2\/users\/2"}],"replies":[{"embeddable":true,"href":"https:\/\/zakrasnejsivimperk.cz\/index.php?rest_route=%2Fwp%2Fv2%2Fcomments&post=281451"}],"version-history":[{"count":2,"href":"https:\/\/zakrasnejsivimperk.cz\/index.php?rest_route=\/wp\/v2\/posts\/281451\/revisions"}],"predecessor-version":[{"id":282071,"href":"https:\/\/zakrasnejsivimperk.cz\/index.php?rest_route=\/wp\/v2\/posts\/281451\/revisions\/282071"}],"wp:featuredmedia":[{"embeddable":true,"href":"https:\/\/zakrasnejsivimperk.cz\/index.php?rest_route=\/wp\/v2\/media\/281458"}],"wp:attachment":[{"href":"https:\/\/zakrasnejsivimperk.cz\/index.php?rest_route=%2Fwp%2Fv2%2Fmedia&parent=281451"}],"wp:term":[{"taxonomy":"category","embeddable":true,"href":"https:\/\/zakrasnejsivimperk.cz\/index.php?rest_route=%2Fwp%2Fv2%2Fcategories&post=281451"},{"taxonomy":"post_tag","embeddable":true,"href":"https:\/\/zakrasnejsivimperk.cz\/index.php?rest_route=%2Fwp%2Fv2%2Ftags&post=281451"}],"curies":[{"name":"wp","href":"https:\/\/api.w.org\/{rel}","templated":true}]}}