{"id":281250,"date":"2023-07-10T13:29:29","date_gmt":"2023-07-10T12:29:29","guid":{"rendered":"https:\/\/zakrasnejsivimperk.cz\/?p=281250"},"modified":"2023-07-13T12:30:47","modified_gmt":"2023-07-13T11:30:47","slug":"nase-mesto-vimperk-z-historie-chatova-osada-hajna-hora","status":"publish","type":"post","link":"https:\/\/zakrasnejsivimperk.cz\/?p=281250","title":{"rendered":"NA\u0160E M\u011aSTO VIMPERK \u2013 Z HISTORIE: V\u00fdstavba Chatov\u00e9 osady H\u00e1jn\u00e1 Hora"},"content":{"rendered":"<h6>Stavebn\u00ed pr\u00e1ce a ter\u00e9nn\u00ed \u00fapravy v Chatov\u00e9 osad\u011b H\u00e1jn\u00e1 Hora na po\u010d\u00e1tku osmdes\u00e1t\u00fdch let. Tehdy chatov\u00e1 osada pat\u0159ila T\u011blov\u00fdchovn\u00ed jednot\u011b \u0160umavan Vimperk. Spr\u00e1vcem byl Pavel Horal (na posledn\u00edm sn\u00edmku s v\u011brn\u00fdm \u010dty\u0159noh\u00fdm spole\u010dn\u00edkem &#8211; Tagem).<\/h6>\n<p><strong>Foto: Zden\u011bk JUNGVIRT<\/strong><\/p>\n<p>&nbsp;<\/p>\n<p><img loading=\"lazy\" decoding=\"async\" class=\"aligncenter wp-image-282570 size-full\" src=\"https:\/\/zakrasnejsivimperk.cz\/wp-content\/uploads\/2023\/06\/16\/hajna-hora-1980-1.jpg\" alt=\"\" width=\"800\" height=\"489\" srcset=\"https:\/\/zakrasnejsivimperk.cz\/wp-content\/uploads\/2023\/06\/16\/hajna-hora-1980-1.jpg 800w, https:\/\/zakrasnejsivimperk.cz\/wp-content\/uploads\/2023\/06\/16\/hajna-hora-1980-1-300x183.jpg 300w, https:\/\/zakrasnejsivimperk.cz\/wp-content\/uploads\/2023\/06\/16\/hajna-hora-1980-1-768x469.jpg 768w, https:\/\/zakrasnejsivimperk.cz\/wp-content\/uploads\/2023\/06\/16\/hajna-hora-1980-1-584x357.jpg 584w, https:\/\/zakrasnejsivimperk.cz\/wp-content\/uploads\/2023\/06\/16\/hajna-hora-1980-1-790x483.jpg 790w\" sizes=\"(max-width: 800px) 100vw, 800px\" \/><\/p>\n<p>&nbsp;<\/p>\n<p>&nbsp;<\/p>\n<p><img loading=\"lazy\" decoding=\"async\" class=\"aligncenter wp-image-282571 size-full\" src=\"https:\/\/zakrasnejsivimperk.cz\/wp-content\/uploads\/2023\/06\/16\/hajna-hora-1980-2.jpg\" alt=\"\" width=\"789\" height=\"496\" srcset=\"https:\/\/zakrasnejsivimperk.cz\/wp-content\/uploads\/2023\/06\/16\/hajna-hora-1980-2.jpg 789w, https:\/\/zakrasnejsivimperk.cz\/wp-content\/uploads\/2023\/06\/16\/hajna-hora-1980-2-300x189.jpg 300w, https:\/\/zakrasnejsivimperk.cz\/wp-content\/uploads\/2023\/06\/16\/hajna-hora-1980-2-768x483.jpg 768w, https:\/\/zakrasnejsivimperk.cz\/wp-content\/uploads\/2023\/06\/16\/hajna-hora-1980-2-568x357.jpg 568w\" sizes=\"(max-width: 789px) 100vw, 789px\" \/><\/p>\n<p>&nbsp;<\/p>\n<p>&nbsp;<\/p>\n<p><img loading=\"lazy\" decoding=\"async\" class=\"aligncenter wp-image-282572 size-full\" src=\"https:\/\/zakrasnejsivimperk.cz\/wp-content\/uploads\/2023\/06\/16\/hajna-hora-1980-3.jpg\" alt=\"\" width=\"785\" height=\"491\" srcset=\"https:\/\/zakrasnejsivimperk.cz\/wp-content\/uploads\/2023\/06\/16\/hajna-hora-1980-3.jpg 785w, https:\/\/zakrasnejsivimperk.cz\/wp-content\/uploads\/2023\/06\/16\/hajna-hora-1980-3-300x188.jpg 300w, https:\/\/zakrasnejsivimperk.cz\/wp-content\/uploads\/2023\/06\/16\/hajna-hora-1980-3-768x480.jpg 768w, https:\/\/zakrasnejsivimperk.cz\/wp-content\/uploads\/2023\/06\/16\/hajna-hora-1980-3-571x357.jpg 571w, https:\/\/zakrasnejsivimperk.cz\/wp-content\/uploads\/2023\/06\/16\/hajna-hora-1980-3-772x483.jpg 772w\" sizes=\"(max-width: 785px) 100vw, 785px\" \/><\/p>\n<p>&nbsp;<\/p>\n<p>&nbsp;<\/p>\n<p><img loading=\"lazy\" decoding=\"async\" class=\"aligncenter wp-image-282573 size-full\" src=\"https:\/\/zakrasnejsivimperk.cz\/wp-content\/uploads\/2023\/07\/09\/hajna-hora-1980-4.jpg\" alt=\"\" width=\"790\" height=\"484\" srcset=\"https:\/\/zakrasnejsivimperk.cz\/wp-content\/uploads\/2023\/07\/09\/hajna-hora-1980-4.jpg 790w, https:\/\/zakrasnejsivimperk.cz\/wp-content\/uploads\/2023\/07\/09\/hajna-hora-1980-4-300x184.jpg 300w, https:\/\/zakrasnejsivimperk.cz\/wp-content\/uploads\/2023\/07\/09\/hajna-hora-1980-4-768x471.jpg 768w, https:\/\/zakrasnejsivimperk.cz\/wp-content\/uploads\/2023\/07\/09\/hajna-hora-1980-4-583x357.jpg 583w, https:\/\/zakrasnejsivimperk.cz\/wp-content\/uploads\/2023\/07\/09\/hajna-hora-1980-4-788x483.jpg 788w\" sizes=\"(max-width: 790px) 100vw, 790px\" \/><\/p>\n<p>&nbsp;<\/p>\n<p>&nbsp;<\/p>\n<p><img loading=\"lazy\" decoding=\"async\" class=\"aligncenter wp-image-282579 size-full\" src=\"https:\/\/zakrasnejsivimperk.cz\/wp-content\/uploads\/2023\/07\/09\/hajna-hora-1980-10.jpg\" alt=\"\" width=\"800\" height=\"494\" srcset=\"https:\/\/zakrasnejsivimperk.cz\/wp-content\/uploads\/2023\/07\/09\/hajna-hora-1980-10.jpg 800w, https:\/\/zakrasnejsivimperk.cz\/wp-content\/uploads\/2023\/07\/09\/hajna-hora-1980-10-300x185.jpg 300w, https:\/\/zakrasnejsivimperk.cz\/wp-content\/uploads\/2023\/07\/09\/hajna-hora-1980-10-768x474.jpg 768w, https:\/\/zakrasnejsivimperk.cz\/wp-content\/uploads\/2023\/07\/09\/hajna-hora-1980-10-578x357.jpg 578w, https:\/\/zakrasnejsivimperk.cz\/wp-content\/uploads\/2023\/07\/09\/hajna-hora-1980-10-782x483.jpg 782w\" sizes=\"(max-width: 800px) 100vw, 800px\" \/><\/p>\n<p>&nbsp;<\/p>\n<p>&nbsp;<\/p>\n<p><img loading=\"lazy\" decoding=\"async\" class=\"aligncenter wp-image-282580 size-full\" src=\"https:\/\/zakrasnejsivimperk.cz\/wp-content\/uploads\/2023\/07\/09\/hajna-hora-1980-11.jpg\" alt=\"\" width=\"800\" height=\"494\" srcset=\"https:\/\/zakrasnejsivimperk.cz\/wp-content\/uploads\/2023\/07\/09\/hajna-hora-1980-11.jpg 800w, https:\/\/zakrasnejsivimperk.cz\/wp-content\/uploads\/2023\/07\/09\/hajna-hora-1980-11-300x185.jpg 300w, https:\/\/zakrasnejsivimperk.cz\/wp-content\/uploads\/2023\/07\/09\/hajna-hora-1980-11-768x474.jpg 768w, https:\/\/zakrasnejsivimperk.cz\/wp-content\/uploads\/2023\/07\/09\/hajna-hora-1980-11-578x357.jpg 578w, https:\/\/zakrasnejsivimperk.cz\/wp-content\/uploads\/2023\/07\/09\/hajna-hora-1980-11-782x483.jpg 782w\" sizes=\"(max-width: 800px) 100vw, 800px\" \/><\/p>\n<p>&nbsp;<\/p>\n<p>&nbsp;<\/p>\n<p><img loading=\"lazy\" decoding=\"async\" class=\"aligncenter wp-image-282581 size-full\" src=\"https:\/\/zakrasnejsivimperk.cz\/wp-content\/uploads\/2023\/07\/09\/hajna-hora-1980-12.jpg\" alt=\"\" width=\"800\" height=\"492\" srcset=\"https:\/\/zakrasnejsivimperk.cz\/wp-content\/uploads\/2023\/07\/09\/hajna-hora-1980-12.jpg 800w, https:\/\/zakrasnejsivimperk.cz\/wp-content\/uploads\/2023\/07\/09\/hajna-hora-1980-12-300x185.jpg 300w, https:\/\/zakrasnejsivimperk.cz\/wp-content\/uploads\/2023\/07\/09\/hajna-hora-1980-12-768x472.jpg 768w, https:\/\/zakrasnejsivimperk.cz\/wp-content\/uploads\/2023\/07\/09\/hajna-hora-1980-12-580x357.jpg 580w, https:\/\/zakrasnejsivimperk.cz\/wp-content\/uploads\/2023\/07\/09\/hajna-hora-1980-12-785x483.jpg 785w\" sizes=\"(max-width: 800px) 100vw, 800px\" \/><\/p>\n<p>&nbsp;<\/p>\n<p>&nbsp;<\/p>\n<p><img loading=\"lazy\" decoding=\"async\" class=\"aligncenter wp-image-281251 size-full\" src=\"https:\/\/zakrasnejsivimperk.cz\/wp-content\/uploads\/2023\/06\/16\/hajna-80-1.jpg\" alt=\"\" width=\"839\" height=\"510\" srcset=\"https:\/\/zakrasnejsivimperk.cz\/wp-content\/uploads\/2023\/06\/16\/hajna-80-1.jpg 839w, https:\/\/zakrasnejsivimperk.cz\/wp-content\/uploads\/2023\/06\/16\/hajna-80-1-300x182.jpg 300w, https:\/\/zakrasnejsivimperk.cz\/wp-content\/uploads\/2023\/06\/16\/hajna-80-1-768x467.jpg 768w, https:\/\/zakrasnejsivimperk.cz\/wp-content\/uploads\/2023\/06\/16\/hajna-80-1-587x357.jpg 587w, https:\/\/zakrasnejsivimperk.cz\/wp-content\/uploads\/2023\/06\/16\/hajna-80-1-795x483.jpg 795w\" sizes=\"(max-width: 839px) 100vw, 839px\" \/><\/p>\n<p>&nbsp;<\/p>\n<p>&nbsp;<\/p>\n<p><img loading=\"lazy\" decoding=\"async\" class=\"aligncenter wp-image-281252 size-full\" src=\"https:\/\/zakrasnejsivimperk.cz\/wp-content\/uploads\/2023\/06\/16\/hajna-80-2.jpg\" alt=\"\" width=\"847\" height=\"516\" srcset=\"https:\/\/zakrasnejsivimperk.cz\/wp-content\/uploads\/2023\/06\/16\/hajna-80-2.jpg 847w, https:\/\/zakrasnejsivimperk.cz\/wp-content\/uploads\/2023\/06\/16\/hajna-80-2-300x183.jpg 300w, https:\/\/zakrasnejsivimperk.cz\/wp-content\/uploads\/2023\/06\/16\/hajna-80-2-768x468.jpg 768w, https:\/\/zakrasnejsivimperk.cz\/wp-content\/uploads\/2023\/06\/16\/hajna-80-2-586x357.jpg 586w, https:\/\/zakrasnejsivimperk.cz\/wp-content\/uploads\/2023\/06\/16\/hajna-80-2-793x483.jpg 793w\" sizes=\"(max-width: 847px) 100vw, 847px\" \/><\/p>\n<p>&nbsp;<\/p>\n<p>&nbsp;<\/p>\n<p><img loading=\"lazy\" decoding=\"async\" class=\"aligncenter wp-image-281253 size-full\" src=\"https:\/\/zakrasnejsivimperk.cz\/wp-content\/uploads\/2023\/06\/16\/hajna-80-3.jpg\" alt=\"\" width=\"818\" height=\"516\" srcset=\"https:\/\/zakrasnejsivimperk.cz\/wp-content\/uploads\/2023\/06\/16\/hajna-80-3.jpg 818w, https:\/\/zakrasnejsivimperk.cz\/wp-content\/uploads\/2023\/06\/16\/hajna-80-3-300x189.jpg 300w, https:\/\/zakrasnejsivimperk.cz\/wp-content\/uploads\/2023\/06\/16\/hajna-80-3-768x484.jpg 768w, https:\/\/zakrasnejsivimperk.cz\/wp-content\/uploads\/2023\/06\/16\/hajna-80-3-566x357.jpg 566w, https:\/\/zakrasnejsivimperk.cz\/wp-content\/uploads\/2023\/06\/16\/hajna-80-3-766x483.jpg 766w\" sizes=\"(max-width: 818px) 100vw, 818px\" \/><\/p>\n<p>&nbsp;<\/p>\n<p>&nbsp;<\/p>\n<p><img loading=\"lazy\" decoding=\"async\" class=\"aligncenter wp-image-281254 size-full\" src=\"https:\/\/zakrasnejsivimperk.cz\/wp-content\/uploads\/2023\/06\/16\/hajna-80-4.jpg\" alt=\"\" width=\"818\" height=\"516\" srcset=\"https:\/\/zakrasnejsivimperk.cz\/wp-content\/uploads\/2023\/06\/16\/hajna-80-4.jpg 818w, https:\/\/zakrasnejsivimperk.cz\/wp-content\/uploads\/2023\/06\/16\/hajna-80-4-300x189.jpg 300w, https:\/\/zakrasnejsivimperk.cz\/wp-content\/uploads\/2023\/06\/16\/hajna-80-4-768x484.jpg 768w, https:\/\/zakrasnejsivimperk.cz\/wp-content\/uploads\/2023\/06\/16\/hajna-80-4-566x357.jpg 566w, https:\/\/zakrasnejsivimperk.cz\/wp-content\/uploads\/2023\/06\/16\/hajna-80-4-766x483.jpg 766w\" sizes=\"(max-width: 818px) 100vw, 818px\" \/><\/p>\n<p>&nbsp;<\/p>\n<p>&nbsp;<\/p>\n<p><img loading=\"lazy\" decoding=\"async\" class=\"aligncenter wp-image-281255 size-full\" src=\"https:\/\/zakrasnejsivimperk.cz\/wp-content\/uploads\/2023\/06\/16\/Hajna-Hora-007.jpg\" alt=\"\" width=\"848\" height=\"547\" srcset=\"https:\/\/zakrasnejsivimperk.cz\/wp-content\/uploads\/2023\/06\/16\/Hajna-Hora-007.jpg 848w, https:\/\/zakrasnejsivimperk.cz\/wp-content\/uploads\/2023\/06\/16\/Hajna-Hora-007-300x194.jpg 300w, https:\/\/zakrasnejsivimperk.cz\/wp-content\/uploads\/2023\/06\/16\/Hajna-Hora-007-768x495.jpg 768w, https:\/\/zakrasnejsivimperk.cz\/wp-content\/uploads\/2023\/06\/16\/Hajna-Hora-007-100x65.jpg 100w, https:\/\/zakrasnejsivimperk.cz\/wp-content\/uploads\/2023\/06\/16\/Hajna-Hora-007-553x357.jpg 553w, https:\/\/zakrasnejsivimperk.cz\/wp-content\/uploads\/2023\/06\/16\/Hajna-Hora-007-749x483.jpg 749w\" sizes=\"(max-width: 848px) 100vw, 848px\" \/><\/p>\n<p>&nbsp;<\/p>\n<p>&nbsp;<\/p>\n<p><img loading=\"lazy\" decoding=\"async\" class=\"aligncenter wp-image-281256 size-full\" src=\"https:\/\/zakrasnejsivimperk.cz\/wp-content\/uploads\/2023\/06\/16\/Hajna-Hora-008.jpg\" alt=\"\" width=\"842\" height=\"547\" srcset=\"https:\/\/zakrasnejsivimperk.cz\/wp-content\/uploads\/2023\/06\/16\/Hajna-Hora-008.jpg 842w, https:\/\/zakrasnejsivimperk.cz\/wp-content\/uploads\/2023\/06\/16\/Hajna-Hora-008-300x195.jpg 300w, https:\/\/zakrasnejsivimperk.cz\/wp-content\/uploads\/2023\/06\/16\/Hajna-Hora-008-768x499.jpg 768w, https:\/\/zakrasnejsivimperk.cz\/wp-content\/uploads\/2023\/06\/16\/Hajna-Hora-008-100x65.jpg 100w, https:\/\/zakrasnejsivimperk.cz\/wp-content\/uploads\/2023\/06\/16\/Hajna-Hora-008-550x357.jpg 550w, https:\/\/zakrasnejsivimperk.cz\/wp-content\/uploads\/2023\/06\/16\/Hajna-Hora-008-743x483.jpg 743w, https:\/\/zakrasnejsivimperk.cz\/wp-content\/uploads\/2023\/06\/16\/Hajna-Hora-008-745x483.jpg 745w\" sizes=\"(max-width: 842px) 100vw, 842px\" \/><\/p>\n<p>&nbsp;<\/p>\n<p>&nbsp;<\/p>\n<p><img loading=\"lazy\" decoding=\"async\" class=\"aligncenter wp-image-281257 size-full\" src=\"https:\/\/zakrasnejsivimperk.cz\/wp-content\/uploads\/2023\/06\/16\/Hajna-Hora-014.jpg\" alt=\"\" width=\"839\" height=\"540\" srcset=\"https:\/\/zakrasnejsivimperk.cz\/wp-content\/uploads\/2023\/06\/16\/Hajna-Hora-014.jpg 839w, https:\/\/zakrasnejsivimperk.cz\/wp-content\/uploads\/2023\/06\/16\/Hajna-Hora-014-300x193.jpg 300w, https:\/\/zakrasnejsivimperk.cz\/wp-content\/uploads\/2023\/06\/16\/Hajna-Hora-014-768x494.jpg 768w, https:\/\/zakrasnejsivimperk.cz\/wp-content\/uploads\/2023\/06\/16\/Hajna-Hora-014-100x65.jpg 100w, https:\/\/zakrasnejsivimperk.cz\/wp-content\/uploads\/2023\/06\/16\/Hajna-Hora-014-555x357.jpg 555w, https:\/\/zakrasnejsivimperk.cz\/wp-content\/uploads\/2023\/06\/16\/Hajna-Hora-014-750x483.jpg 750w\" sizes=\"(max-width: 839px) 100vw, 839px\" \/><\/p>\n<p>&nbsp;<\/p>\n<p>&nbsp;<\/p>\n<p><img loading=\"lazy\" decoding=\"async\" class=\"aligncenter wp-image-281258 size-full\" src=\"https:\/\/zakrasnejsivimperk.cz\/wp-content\/uploads\/2023\/06\/16\/Hajna-Hora-020.jpg\" alt=\"\" width=\"847\" height=\"548\" srcset=\"https:\/\/zakrasnejsivimperk.cz\/wp-content\/uploads\/2023\/06\/16\/Hajna-Hora-020.jpg 847w, https:\/\/zakrasnejsivimperk.cz\/wp-content\/uploads\/2023\/06\/16\/Hajna-Hora-020-300x194.jpg 300w, https:\/\/zakrasnejsivimperk.cz\/wp-content\/uploads\/2023\/06\/16\/Hajna-Hora-020-768x497.jpg 768w, https:\/\/zakrasnejsivimperk.cz\/wp-content\/uploads\/2023\/06\/16\/Hajna-Hora-020-100x65.jpg 100w, https:\/\/zakrasnejsivimperk.cz\/wp-content\/uploads\/2023\/06\/16\/Hajna-Hora-020-552x357.jpg 552w, https:\/\/zakrasnejsivimperk.cz\/wp-content\/uploads\/2023\/06\/16\/Hajna-Hora-020-747x483.jpg 747w, https:\/\/zakrasnejsivimperk.cz\/wp-content\/uploads\/2023\/06\/16\/Hajna-Hora-020-745x483.jpg 745w\" sizes=\"(max-width: 847px) 100vw, 847px\" \/><\/p>\n<p>&nbsp;<\/p>\n<p>&nbsp;<\/p>\n<p><img loading=\"lazy\" decoding=\"async\" class=\"aligncenter wp-image-281259 size-full\" src=\"https:\/\/zakrasnejsivimperk.cz\/wp-content\/uploads\/2023\/06\/16\/Hajna-Hora-021.jpg\" alt=\"\" width=\"838\" height=\"543\" srcset=\"https:\/\/zakrasnejsivimperk.cz\/wp-content\/uploads\/2023\/06\/16\/Hajna-Hora-021.jpg 838w, https:\/\/zakrasnejsivimperk.cz\/wp-content\/uploads\/2023\/06\/16\/Hajna-Hora-021-300x194.jpg 300w, https:\/\/zakrasnejsivimperk.cz\/wp-content\/uploads\/2023\/06\/16\/Hajna-Hora-021-768x498.jpg 768w, https:\/\/zakrasnejsivimperk.cz\/wp-content\/uploads\/2023\/06\/16\/Hajna-Hora-021-100x65.jpg 100w, https:\/\/zakrasnejsivimperk.cz\/wp-content\/uploads\/2023\/06\/16\/Hajna-Hora-021-551x357.jpg 551w, https:\/\/zakrasnejsivimperk.cz\/wp-content\/uploads\/2023\/06\/16\/Hajna-Hora-021-745x483.jpg 745w\" sizes=\"(max-width: 838px) 100vw, 838px\" \/><\/p>\n<p>&nbsp;<\/p>\n<p>&nbsp;<\/p>\n<p><img loading=\"lazy\" decoding=\"async\" class=\"aligncenter wp-image-281260 size-full\" src=\"https:\/\/zakrasnejsivimperk.cz\/wp-content\/uploads\/2023\/06\/16\/hajna.jpg\" alt=\"\" width=\"842\" height=\"511\" srcset=\"https:\/\/zakrasnejsivimperk.cz\/wp-content\/uploads\/2023\/06\/16\/hajna.jpg 842w, https:\/\/zakrasnejsivimperk.cz\/wp-content\/uploads\/2023\/06\/16\/hajna-300x182.jpg 300w, https:\/\/zakrasnejsivimperk.cz\/wp-content\/uploads\/2023\/06\/16\/hajna-768x466.jpg 768w, https:\/\/zakrasnejsivimperk.cz\/wp-content\/uploads\/2023\/06\/16\/hajna-588x357.jpg 588w, https:\/\/zakrasnejsivimperk.cz\/wp-content\/uploads\/2023\/06\/16\/hajna-796x483.jpg 796w\" sizes=\"(max-width: 842px) 100vw, 842px\" \/><\/p>\n<hr \/>\n<p>&nbsp;<\/p>\n<p>&nbsp;<\/p>\n","protected":false},"excerpt":{"rendered":"<p>Stavebn\u00ed pr\u00e1ce <\/p>\n","protected":false},"author":2,"featured_media":281265,"comment_status":"open","ping_status":"open","sticky":false,"template":"","format":"gallery","meta":{"footnotes":""},"categories":[74],"tags":[],"jetpack_featured_media_url":"https:\/\/zakrasnejsivimperk.cz\/wp-content\/uploads\/2023\/06\/16\/ram-vystavba-osady.jpg","_links":{"self":[{"href":"https:\/\/zakrasnejsivimperk.cz\/index.php?rest_route=\/wp\/v2\/posts\/281250"}],"collection":[{"href":"https:\/\/zakrasnejsivimperk.cz\/index.php?rest_route=\/wp\/v2\/posts"}],"about":[{"href":"https:\/\/zakrasnejsivimperk.cz\/index.php?rest_route=\/wp\/v2\/types\/post"}],"author":[{"embeddable":true,"href":"https:\/\/zakrasnejsivimperk.cz\/index.php?rest_route=\/wp\/v2\/users\/2"}],"replies":[{"embeddable":true,"href":"https:\/\/zakrasnejsivimperk.cz\/index.php?rest_route=%2Fwp%2Fv2%2Fcomments&post=281250"}],"version-history":[{"count":7,"href":"https:\/\/zakrasnejsivimperk.cz\/index.php?rest_route=\/wp\/v2\/posts\/281250\/revisions"}],"predecessor-version":[{"id":282642,"href":"https:\/\/zakrasnejsivimperk.cz\/index.php?rest_route=\/wp\/v2\/posts\/281250\/revisions\/282642"}],"wp:featuredmedia":[{"embeddable":true,"href":"https:\/\/zakrasnejsivimperk.cz\/index.php?rest_route=\/wp\/v2\/media\/281265"}],"wp:attachment":[{"href":"https:\/\/zakrasnejsivimperk.cz\/index.php?rest_route=%2Fwp%2Fv2%2Fmedia&parent=281250"}],"wp:term":[{"taxonomy":"category","embeddable":true,"href":"https:\/\/zakrasnejsivimperk.cz\/index.php?rest_route=%2Fwp%2Fv2%2Fcategories&post=281250"},{"taxonomy":"post_tag","embeddable":true,"href":"https:\/\/zakrasnejsivimperk.cz\/index.php?rest_route=%2Fwp%2Fv2%2Ftags&post=281250"}],"curies":[{"name":"wp","href":"https:\/\/api.w.org\/{rel}","templated":true}]}}