{"id":281125,"date":"2023-06-18T12:45:07","date_gmt":"2023-06-18T11:45:07","guid":{"rendered":"https:\/\/zakrasnejsivimperk.cz\/?p=281125"},"modified":"2023-06-18T12:45:07","modified_gmt":"2023-06-18T11:45:07","slug":"nase-mesto-vimperk-zapis-ze-zasedani-mestske-rady-dne-12-cervna-2023","status":"publish","type":"post","link":"https:\/\/zakrasnejsivimperk.cz\/?p=281125","title":{"rendered":"NA\u0160E M\u011aSTO VIMPERK: Z\u00e1pis ze zased\u00e1n\u00ed m\u011bstsk\u00e9 rady dne 12. \u010dervna 2023"},"content":{"rendered":"<p><img loading=\"lazy\" decoding=\"async\" class=\"aligncenter wp-image-129874 size-full\" src=\"https:\/\/zakrasnejsivimperk.cz\/wp-content\/uploads\/2018\/05\/06\/dokumenty.jpg\" alt=\"\" width=\"799\" height=\"527\" srcset=\"https:\/\/zakrasnejsivimperk.cz\/wp-content\/uploads\/2018\/05\/06\/dokumenty.jpg 799w, https:\/\/zakrasnejsivimperk.cz\/wp-content\/uploads\/2018\/05\/06\/dokumenty-300x198.jpg 300w, https:\/\/zakrasnejsivimperk.cz\/wp-content\/uploads\/2018\/05\/06\/dokumenty-768x507.jpg 768w, https:\/\/zakrasnejsivimperk.cz\/wp-content\/uploads\/2018\/05\/06\/dokumenty-100x65.jpg 100w, https:\/\/zakrasnejsivimperk.cz\/wp-content\/uploads\/2018\/05\/06\/dokumenty-541x357.jpg 541w, https:\/\/zakrasnejsivimperk.cz\/wp-content\/uploads\/2018\/05\/06\/dokumenty-732x483.jpg 732w\" sizes=\"(max-width: 799px) 100vw, 799px\" \/><\/p>\n<p>&nbsp;<\/p>\n<h6>Rada m\u011bsta Vimperk na sv\u00e9m zased\u00e1n\u00ed 12. \u010dervna 2023 krom\u011b jin\u00e9ho projednala a schv\u00e1lila <em>(p\u0159in\u00e1\u0161\u00edme doslovn\u00fd p\u0159epis n\u011bkter\u00fdch usnesen\u00ed bez redak\u010dn\u00ed \u00fapravy)<\/em>:<\/h6>\n<p>&nbsp;<\/p>\n<p><strong>Usnesen\u00ed \u010d. 634<\/strong><br \/>\nRada m\u011bsta ru\u0161\u00ed sv\u00e9 usnesen\u00ed \u010d. 446 ze ze zased\u00e1n\u00ed Rady m\u011bsta Vimperk dne 24.04.2023 a rozhodla uzav\u0159\u00edt n\u00e1jemn\u00ed smlouvu k bytu \u010d. 17 v ulici K Rokli \u010dp. 496 ve Vimperku se Z. K., trvale bytem tamt\u00e9\u017e, a to na dobu ur\u010ditou s platnost\u00ed od 01.07.2023 do 31.12.2023. N\u00e1jemn\u00e9 je stanoveno ve v\u00fd\u0161i 47,49 K\u010d\/m2 \/m\u011bs\u00edc.<\/p>\n<p>&nbsp;<\/p>\n<p><strong>Usnesen\u00ed \u010d. 635<\/strong><br \/>\nRada m\u011bsta ud\u011bluje v\u00fdjimku z po\u010dtu d\u011bt\u00ed na t\u0159\u00eddu Mate\u0159sk\u00e9 \u0161kole Vimperk, Klostermannova 365, okres Prachatice pro \u0161koln\u00ed rok 2023\/2024 u 4. t\u0159\u00eddy pracovi\u0161t\u011b Klostermannova z 24 na 26 d\u011bt\u00ed a u 3. t\u0159\u00eddy pracovi\u0161t\u011b M\u00edrov\u00e1 z 24 na 26 d\u011bt\u00ed, v souladu s \u00a7 23 odst. 5 z\u00e1kona \u010d. 561\/2004 Sb., o p\u0159ed\u0161koln\u00edm, z\u00e1kladn\u00edm, st\u0159edn\u00edm a vy\u0161\u0161\u00edm odborn\u00e9m a jin\u00e9m vzd\u011bl\u00e1v\u00e1n\u00ed (\u0161kolsk\u00fd z\u00e1kon) a \u00a7 2 odst. 3 vyhl\u00e1\u0161ky \u010d. 14\/2005 Sb., o p\u0159ed\u0161koln\u00edm vzd\u011bl\u00e1v\u00e1n\u00ed ve zn\u011bn\u00ed pozd\u011bj\u0161\u00edch p\u0159edpis\u016f.<\/p>\n<p>&nbsp;<\/p>\n<p><strong>Usnesen\u00ed \u010d. 636<\/strong><br \/>\nRada m\u011bsta rozhodla uzav\u0159\u00edt p\u0159\u00edkazn\u00ed smlouvu o administraci sout\u011b\u017ee o n\u00e1vrh a navazuj\u00edc\u00edho \u0159\u00edzen\u00ed bez uve\u0159ejn\u011bn\u00ed a poskytov\u00e1n\u00ed pr\u00e1vn\u00edch slu\u017eeb na akci \u201eRevitalizace Steinbrenerov\u00fdch dom\u016f s Advok\u00e1tn\u00ed kancel\u00e1\u0159\u00ed Dohnal &amp; Bernard, s. r. o., I\u010c 01825666, Klokotsk\u00e1 103\/13, 390 01 T\u00e1bor, dle p\u0159edlo\u017een\u00e9ho n\u00e1vrhu.<\/p>\n<p>&nbsp;<\/p>\n<p><strong>Usnesen\u00ed \u010d. 637<\/strong><br \/>\nRada m\u011bsta rozhodla uzav\u0159\u00edt smlouvu o poskytnut\u00ed sponzorsk\u00e9ho daru mezi poskytovatelem OV Media s r. o., Boub\u00ednsk\u00e1 483, 385 01 Vimperk a p\u0159\u00edjemcem m\u011bstem Vimperk, Steinbrenerova 6 385 17 Vimperk na zaji\u0161t\u011bn\u00ed sportovn\u00ed \u010dinnosti m\u00edstn\u00edch sportovn\u00edch organizac\u00ed prost\u0159ednictv\u00edm m\u011bsta a jej\u00ed sportovn\u00ed komise dle p\u0159edlo\u017een\u00e9ho n\u00e1vrhu.<\/p>\n<p>&nbsp;<\/p>\n<p>&nbsp;<\/p>\n<p><strong>Zdroj: M\u011aSTO VIMPERK<\/strong><\/p>\n<p>&nbsp;<\/p>\n<p><strong>(red)<\/strong><\/p>\n<p>Ilustra\u010dn\u00ed foto: archiv (red) \u2013 Za kr\u00e1sn\u011bj\u0161\u00ed Vimperk<\/p>\n<h6><a href=\"https:\/\/www.vimperk.cz\/zapisy-ze-zasedani-rady\/ds-1128\/p1=9521\" target=\"_blank\" rel=\"noopener\">Cel\u00fd z\u00e1pis z jedn\u00e1n\u00ed<\/a><\/h6>\n<hr \/>\n<p>&nbsp;<\/p>\n<p>&nbsp;<\/p>\n","protected":false},"excerpt":{"rendered":"<p>&nbsp; Rada <\/p>\n","protected":false},"author":2,"featured_media":129874,"comment_status":"open","ping_status":"open","sticky":false,"template":"","format":"gallery","meta":{"footnotes":""},"categories":[115],"tags":[],"jetpack_featured_media_url":"https:\/\/zakrasnejsivimperk.cz\/wp-content\/uploads\/2018\/05\/06\/dokumenty.jpg","_links":{"self":[{"href":"https:\/\/zakrasnejsivimperk.cz\/index.php?rest_route=\/wp\/v2\/posts\/281125"}],"collection":[{"href":"https:\/\/zakrasnejsivimperk.cz\/index.php?rest_route=\/wp\/v2\/posts"}],"about":[{"href":"https:\/\/zakrasnejsivimperk.cz\/index.php?rest_route=\/wp\/v2\/types\/post"}],"author":[{"embeddable":true,"href":"https:\/\/zakrasnejsivimperk.cz\/index.php?rest_route=\/wp\/v2\/users\/2"}],"replies":[{"embeddable":true,"href":"https:\/\/zakrasnejsivimperk.cz\/index.php?rest_route=%2Fwp%2Fv2%2Fcomments&post=281125"}],"version-history":[{"count":1,"href":"https:\/\/zakrasnejsivimperk.cz\/index.php?rest_route=\/wp\/v2\/posts\/281125\/revisions"}],"predecessor-version":[{"id":281126,"href":"https:\/\/zakrasnejsivimperk.cz\/index.php?rest_route=\/wp\/v2\/posts\/281125\/revisions\/281126"}],"wp:featuredmedia":[{"embeddable":true,"href":"https:\/\/zakrasnejsivimperk.cz\/index.php?rest_route=\/wp\/v2\/media\/129874"}],"wp:attachment":[{"href":"https:\/\/zakrasnejsivimperk.cz\/index.php?rest_route=%2Fwp%2Fv2%2Fmedia&parent=281125"}],"wp:term":[{"taxonomy":"category","embeddable":true,"href":"https:\/\/zakrasnejsivimperk.cz\/index.php?rest_route=%2Fwp%2Fv2%2Fcategories&post=281125"},{"taxonomy":"post_tag","embeddable":true,"href":"https:\/\/zakrasnejsivimperk.cz\/index.php?rest_route=%2Fwp%2Fv2%2Ftags&post=281125"}],"curies":[{"name":"wp","href":"https:\/\/api.w.org\/{rel}","templated":true}]}}