{"id":281037,"date":"2023-06-14T13:55:29","date_gmt":"2023-06-14T12:55:29","guid":{"rendered":"https:\/\/zakrasnejsivimperk.cz\/?p=281037"},"modified":"2023-06-14T17:10:27","modified_gmt":"2023-06-14T16:10:27","slug":"jizni-cechy-vychazi-jiz-treti-kniha-lucie-oudove-pokracovani-uspesne-knihy-o-sumave","status":"publish","type":"post","link":"https:\/\/zakrasnejsivimperk.cz\/?p=281037","title":{"rendered":"JI\u017dN\u00cd \u010cECHY: Bejv\u00e1valo na \u0160umav\u011b \u2013 smutno i veselo; nov\u00e1 kniha Lucie Oudov\u00e9"},"content":{"rendered":"<p><img loading=\"lazy\" decoding=\"async\" class=\"aligncenter wp-image-281040 size-full\" src=\"https:\/\/zakrasnejsivimperk.cz\/wp-content\/uploads\/2023\/06\/14\/bejvavalo-na-sumave-2.jpg\" alt=\"\" width=\"1054\" height=\"703\" srcset=\"https:\/\/zakrasnejsivimperk.cz\/wp-content\/uploads\/2023\/06\/14\/bejvavalo-na-sumave-2.jpg 1054w, https:\/\/zakrasnejsivimperk.cz\/wp-content\/uploads\/2023\/06\/14\/bejvavalo-na-sumave-2-300x200.jpg 300w, https:\/\/zakrasnejsivimperk.cz\/wp-content\/uploads\/2023\/06\/14\/bejvavalo-na-sumave-2-1024x683.jpg 1024w, https:\/\/zakrasnejsivimperk.cz\/wp-content\/uploads\/2023\/06\/14\/bejvavalo-na-sumave-2-768x512.jpg 768w, https:\/\/zakrasnejsivimperk.cz\/wp-content\/uploads\/2023\/06\/14\/bejvavalo-na-sumave-2-535x357.jpg 535w, https:\/\/zakrasnejsivimperk.cz\/wp-content\/uploads\/2023\/06\/14\/bejvavalo-na-sumave-2-724x483.jpg 724w\" sizes=\"(max-width: 1054px) 100vw, 1054px\" \/><\/p>\n<p>&nbsp;<\/p>\n<h6>V online nakladatelstv\u00ed Pointa pr\u00e1v\u011b vy\u0161lo pokra\u010dov\u00e1n\u00ed \u00fasp\u011b\u0161n\u00e9 knihy Lucie Oudov\u00e9 o \u0160umav\u011b s n\u00e1zvem Bejv\u00e1valo na \u0160umav\u011b &#8211; p\u0159\u00edroda a lid\u00e9, kter\u00e9 navazuje na lo\u0148sk\u00fd \u00fasp\u011b\u0161n\u00fd titul <a href=\"https:\/\/pointa.cz\/project\/93bdf7b3-075c-11ec-9b6c-4a5df0861c6d\" target=\"_blank\" rel=\"noopener\">Bejv\u00e1valo na \u0160umav\u011b \u2013 smutno i veselo.<\/a><\/h6>\n<p><img loading=\"lazy\" decoding=\"async\" class=\"size-medium wp-image-281041 alignright\" src=\"https:\/\/zakrasnejsivimperk.cz\/wp-content\/uploads\/2023\/06\/14\/pointa-logo-300x73.jpg\" alt=\"\" width=\"300\" height=\"73\" srcset=\"https:\/\/zakrasnejsivimperk.cz\/wp-content\/uploads\/2023\/06\/14\/pointa-logo-300x73.jpg 300w, https:\/\/zakrasnejsivimperk.cz\/wp-content\/uploads\/2023\/06\/14\/pointa-logo.jpg 399w\" sizes=\"(max-width: 300px) 100vw, 300px\" \/>Kr\u00e1tk\u00e9 \u0161umavsk\u00e9 p\u0159\u00edb\u011bhy o bl\u00edzk\u00e9m kontaktu \u010dlov\u011bka s p\u0159\u00edrodou. Pov\u011bsti, dobov\u00e9 z\u00e1znamy a vypr\u00e1v\u011bn\u00ed pam\u011btn\u00edk\u016f, kter\u00e9 otev\u00edraj\u00ed dve\u0159e pozn\u00e1n\u00ed \u017eivota na star\u00e9 \u0160umav\u011b op\u011bt pot\u011b\u0161\u00ed v\u0161echny p\u0159\u00edznivce \u0160umavy a nejen je. Kniha p\u0159in\u00e1\u0161\u00ed zaj\u00edmav\u00e9 poznatky o propojenosti \u010dlov\u011bka s p\u0159\u00edrodou. Na\u0165uk\u00e1v\u00e1 t\u00e9ma \u00farody, po\u010das\u00ed, horsk\u00e9ho podneb\u00ed a k\u0159ehkosti rostlinn\u00e9 a \u017eivo\u010di\u0161n\u00e9 \u0159\u00ed\u0161e.<\/p>\n<p>Lucie Oudov\u00e1 je soci\u00e1ln\u00ed pracovnice a neust\u00e1le pracuje s lidmi. Zaj\u00edm\u00e1 se o jejich osudy a po les\u00edch a zapadl\u00fdch koutech \u0161umavsk\u00e9 krajiny sb\u00edr\u00e1 vypr\u00e1v\u011bn\u00ed o neoby\u010dejn\u00fdch lidech. Ty pak sepisuje do p\u0159\u00edb\u011bh\u016f, aby mohla v\u00fdjime\u010dn\u00e9 odkazy pam\u011btn\u00edk\u016f p\u0159ed\u00e1vat dal\u0161\u00edm generac\u00edm.<\/p>\n<p>Slavnostn\u00ed k\u0159est knihy, kde bude mo\u017en\u00e9 autorku za\u017e\u00e1dat o podpis \u010di v\u011bnov\u00e1n\u00ed, se uskute\u010dn\u00ed v sobotu 24. \u010dervna od 18 hodin v Environment\u00e1ln\u00edm centru v \u017delezn\u00e9 Rud\u011b. Kni\u017en\u00ed novinku Bejv\u00e1valo na \u0160umav\u011b &#8211; p\u0159\u00edroda a lid\u00e9 i prvn\u00ed d\u00edl Bejv\u00e1valo na \u0160umav\u011b \u2013 smutno i veselo a spoustu dal\u0161\u00edch titul\u016f je mo\u017en\u00e9 objednat na e-shopu Pointy a ve v\u0161ech tradi\u010dn\u00edch knihkupectv\u00edch nebo na e-shopech.<\/p>\n<p>&nbsp;<\/p>\n<h6>Bejv\u00e1valo na \u0160umav\u011b &#8211; p\u0159\u00edroda a lid\u00e9<\/h6>\n<ul>\n<li>Autor: Lucie Oudov\u00e1<\/li>\n<li>\u017d\u00e1nr: pov\u00eddky<\/li>\n<li>Po\u010det stran: 112<\/li>\n<li>Rozm\u011bry: 145 x 205 mm<\/li>\n<li>Vazba: v\u00e1zan\u00e1 s laminovan\u00fdm potahem<\/li>\n<li>ISBN: 978-80-7691-098-0<\/li>\n<li>Datum vyd\u00e1n\u00ed: 12. 6. 2023<\/li>\n<li>Cena: 279 K\u010d Pointa.cz |<\/li>\n<li><a href=\"https:\/\/pointa.cz\/project\/bb6725a0-7031-11ed-8a3c-0242ac1c0006\" target=\"_blank\" rel=\"noopener\"><strong>Bejv\u00e1valo na \u0160umav\u011b &#8211; p\u0159\u00edroda a lid\u00e9<\/strong><\/a><\/li>\n<\/ul>\n<h6>Anotace<\/h6>\n<p>\u017dili na \u0160umav\u011b a \u0160umavou. Hory a kopce byly jejich domovem a hust\u00e9 lesy \u017eivobyt\u00edm. P\u0159\u00edroda byla v\u0161ude kolem nich a vypr\u00e1v\u011bla p\u0159\u00edb\u011bhy. P\u0159\u00edb\u011bhy o tom, co kdysi bejv\u00e1valo na \u0160umav\u011b. \u010c\u00edm byla tato krajina v\u00fdjime\u010dn\u00e1, jak\u00e9 p\u0159\u00edrodn\u00ed skvosty ukr\u00fdvala nebo pro\u010d je hluboko v zemi pot i krev \u0160umav\u00e1k\u016f. Bylo toho tolik, co jim cht\u011bla \u0159\u00edct, a tak je poprosila, aby se v klidu posadili a vyslechli si vypr\u00e1v\u011bn\u00ed z m\u00edst, kde li\u0161ky d\u00e1vaj\u00ed dobrou noc.<\/p>\n<p>&nbsp;<\/p>\n<h6>O \u010dem v knize autorka p\u00ed\u0161e<\/h6>\n<p>Kniha p\u0159in\u00e1\u0161\u00ed zaj\u00edmav\u00e9 poznatky o propojenosti \u010dlov\u011bka s p\u0159\u00edrodou. Na\u0165uk\u00e1v\u00e1 t\u00e9ma \u00farody, po\u010das\u00ed, horsk\u00e9ho podneb\u00ed a k\u0159ehkosti rostlinn\u00e9 a \u017eivo\u010di\u0161n\u00e9 \u0159\u00ed\u0161e.<\/p>\n<p>&nbsp;<\/p>\n<h6>Pro koho je kniha ur\u010dena<\/h6>\n<p>Pro v\u0161echny p\u0159\u00edznivce \u0160umavy.<\/p>\n<p>&nbsp;<\/p>\n<h6>Pro\u010d knihu napsala<\/h6>\n<p>Autorka m\u00e1 pocit, \u017ee se v t\u00e9to dynamick\u00e9 dob\u011b odkl\u00e1n\u00edme od p\u0159\u00edrody. R\u00e1da bych \u010dten\u00e1\u0159\u016fm p\u0159ipomn\u011bla \u010dasy, kdy je\u0161t\u011b p\u0159\u00edroda byla sou\u010d\u00e1st\u00ed na\u0161ich \u017eivot\u016f.<\/p>\n<p>&nbsp;<\/p>\n<h6>O autorce<\/h6>\n<p>Narodila se na \u0160umav\u011b a \u017eije \u0160umavou. M\u00e1 tuto krajinu hluboko ve sv\u00e9m srdci, proto nen\u00ed divu, \u017ee o n\u00ed st\u00e1le p\u00ed\u0161e. V sou\u010dasn\u00e9 dob\u011b pracuje na pozici soci\u00e1ln\u00edho pracovn\u00edka, je tedy neust\u00e1le v kontaktu s lidmi. Zaj\u00edm\u00e1 se o jejich osudy a sna\u017e\u00ed se jim pomoci. Voln\u00fd \u010das pak tr\u00e1v\u00ed se sv\u00fdmi d\u011btmi na \u0160umav\u011b \u2013 toulaj\u00ed se po les\u00edch a zapadl\u00fdch koutech t\u00e9to krajiny a sb\u00edraj\u00ed vypr\u00e1v\u011bn\u00ed o neoby\u010dejn\u00fdch lidech. Ty pak sepisuje do p\u0159\u00edb\u011bh\u016f, aby mohla v\u00fdjime\u010dn\u00e9 odkazy pam\u011btn\u00edk\u016f p\u0159ed\u00e1vat dal\u0161\u00edm generac\u00edm. V roce 2020 vy\u0161la jej\u00ed prvn\u00ed kniha s n\u00e1zvem Dary Po\u0161umav\u00ed, kter\u00e1 byla ur\u010den\u00e1 p\u0159edev\u0161\u00edm pro rodiny s d\u011btmi. Dva roky pot\u00e9 Bejv\u00e1valo na \u0160umav\u011b \u2013 smutno i veselo a nyn\u00ed by r\u00e1da \u010dten\u00e1\u0159\u016fm p\u0159edstavila novinku, kter\u00e1 navazuje na druhou knihu, a sice Bejv\u00e1valo na \u0160umav\u011b \u2013 p\u0159\u00edroda a lid\u00e9.<\/p>\n<p>&nbsp;<\/p>\n<h6>O Point\u011b:<\/h6>\n<p>Pointa je online nakladatelsk\u00e1 slu\u017eba, kter\u00e1 autor\u016fm pom\u00e1h\u00e1 sestavit kni\u017en\u00ed t\u00fdm a zafinancovat vyd\u00e1n\u00ed knihy s pomoc\u00ed crowdfundingu. N\u00e1sledn\u011b je provede cel\u00fdm procesem, zajist\u00ed tisk a distribuci a pom\u016f\u017ee s propagac\u00ed.<\/p>\n<p>&nbsp;<\/p>\n<p><strong>Text a foto: Ond\u0159ej HAMPL, ACCEDO\u00a0Czech Republic Communications s.r.o.<\/strong><\/p>\n<p>&nbsp;<\/p>\n<p><img loading=\"lazy\" decoding=\"async\" class=\"aligncenter wp-image-281039 size-full\" src=\"https:\/\/zakrasnejsivimperk.cz\/wp-content\/uploads\/2023\/06\/14\/bejvavalo-na-sumave-1.jpg\" alt=\"\" width=\"1400\" height=\"1973\" srcset=\"https:\/\/zakrasnejsivimperk.cz\/wp-content\/uploads\/2023\/06\/14\/bejvavalo-na-sumave-1.jpg 1400w, https:\/\/zakrasnejsivimperk.cz\/wp-content\/uploads\/2023\/06\/14\/bejvavalo-na-sumave-1-213x300.jpg 213w, https:\/\/zakrasnejsivimperk.cz\/wp-content\/uploads\/2023\/06\/14\/bejvavalo-na-sumave-1-727x1024.jpg 727w, https:\/\/zakrasnejsivimperk.cz\/wp-content\/uploads\/2023\/06\/14\/bejvavalo-na-sumave-1-768x1082.jpg 768w, https:\/\/zakrasnejsivimperk.cz\/wp-content\/uploads\/2023\/06\/14\/bejvavalo-na-sumave-1-1090x1536.jpg 1090w, https:\/\/zakrasnejsivimperk.cz\/wp-content\/uploads\/2023\/06\/14\/bejvavalo-na-sumave-1-253x357.jpg 253w, https:\/\/zakrasnejsivimperk.cz\/wp-content\/uploads\/2023\/06\/14\/bejvavalo-na-sumave-1-343x483.jpg 343w\" sizes=\"(max-width: 1400px) 100vw, 1400px\" \/><\/p>\n<p>&nbsp;<\/p>\n<p>&nbsp;<\/p>\n<p><img loading=\"lazy\" decoding=\"async\" class=\"aligncenter wp-image-281061 size-full\" src=\"https:\/\/zakrasnejsivimperk.cz\/wp-content\/uploads\/2023\/06\/14\/plakat-ruda-2406.jpg\" alt=\"\" width=\"1080\" height=\"1528\" srcset=\"https:\/\/zakrasnejsivimperk.cz\/wp-content\/uploads\/2023\/06\/14\/plakat-ruda-2406.jpg 1080w, https:\/\/zakrasnejsivimperk.cz\/wp-content\/uploads\/2023\/06\/14\/plakat-ruda-2406-212x300.jpg 212w, https:\/\/zakrasnejsivimperk.cz\/wp-content\/uploads\/2023\/06\/14\/plakat-ruda-2406-724x1024.jpg 724w, https:\/\/zakrasnejsivimperk.cz\/wp-content\/uploads\/2023\/06\/14\/plakat-ruda-2406-768x1087.jpg 768w, https:\/\/zakrasnejsivimperk.cz\/wp-content\/uploads\/2023\/06\/14\/plakat-ruda-2406-252x357.jpg 252w, https:\/\/zakrasnejsivimperk.cz\/wp-content\/uploads\/2023\/06\/14\/plakat-ruda-2406-341x483.jpg 341w\" sizes=\"(max-width: 1080px) 100vw, 1080px\" \/><\/p>\n<p>&nbsp;<\/p>\n<hr \/>\n<p>&nbsp;<\/p>\n<p>&nbsp;<\/p>\n","protected":false},"excerpt":{"rendered":"<p>&nbsp; V <\/p>\n","protected":false},"author":2,"featured_media":281040,"comment_status":"open","ping_status":"open","sticky":false,"template":"","format":"gallery","meta":{"footnotes":""},"categories":[1,69],"tags":[],"jetpack_featured_media_url":"https:\/\/zakrasnejsivimperk.cz\/wp-content\/uploads\/2023\/06\/14\/bejvavalo-na-sumave-2.jpg","_links":{"self":[{"href":"https:\/\/zakrasnejsivimperk.cz\/index.php?rest_route=\/wp\/v2\/posts\/281037"}],"collection":[{"href":"https:\/\/zakrasnejsivimperk.cz\/index.php?rest_route=\/wp\/v2\/posts"}],"about":[{"href":"https:\/\/zakrasnejsivimperk.cz\/index.php?rest_route=\/wp\/v2\/types\/post"}],"author":[{"embeddable":true,"href":"https:\/\/zakrasnejsivimperk.cz\/index.php?rest_route=\/wp\/v2\/users\/2"}],"replies":[{"embeddable":true,"href":"https:\/\/zakrasnejsivimperk.cz\/index.php?rest_route=%2Fwp%2Fv2%2Fcomments&post=281037"}],"version-history":[{"count":7,"href":"https:\/\/zakrasnejsivimperk.cz\/index.php?rest_route=\/wp\/v2\/posts\/281037\/revisions"}],"predecessor-version":[{"id":281062,"href":"https:\/\/zakrasnejsivimperk.cz\/index.php?rest_route=\/wp\/v2\/posts\/281037\/revisions\/281062"}],"wp:featuredmedia":[{"embeddable":true,"href":"https:\/\/zakrasnejsivimperk.cz\/index.php?rest_route=\/wp\/v2\/media\/281040"}],"wp:attachment":[{"href":"https:\/\/zakrasnejsivimperk.cz\/index.php?rest_route=%2Fwp%2Fv2%2Fmedia&parent=281037"}],"wp:term":[{"taxonomy":"category","embeddable":true,"href":"https:\/\/zakrasnejsivimperk.cz\/index.php?rest_route=%2Fwp%2Fv2%2Fcategories&post=281037"},{"taxonomy":"post_tag","embeddable":true,"href":"https:\/\/zakrasnejsivimperk.cz\/index.php?rest_route=%2Fwp%2Fv2%2Ftags&post=281037"}],"curies":[{"name":"wp","href":"https:\/\/api.w.org\/{rel}","templated":true}]}}