{"id":28098,"date":"2015-08-13T06:18:49","date_gmt":"2015-08-13T05:18:49","guid":{"rendered":"http:\/\/zakrasnejsivimperk.cz\/?p=28098"},"modified":"2015-08-13T07:42:52","modified_gmt":"2015-08-13T06:42:52","slug":"tri-hodiny-o-zamku-nakonec-dopadlo-vsechno-ruzove-vsichni-jsou-skveli-a-beseda-byla-vlastne-o-nicem","status":"publish","type":"post","link":"https:\/\/zakrasnejsivimperk.cz\/?p=28098","title":{"rendered":"T\u0158I HODINY O Z\u00c1MKU: Dopadlo to r\u016f\u017eov\u011b, v\u0161ichni jsou skv\u011bl\u00ed a beseda byla vlastn\u011b o ni\u010dem"},"content":{"rendered":"<p style=\"text-align: justify;\"><strong>Ve st\u0159edu 12. srpna se konala beseda o dal\u0161\u00edm sm\u011b\u0159ov\u00e1n\u00ed St\u00e1tn\u00edho z\u00e1mku Vimperk. Z\u00fa\u010dastnili se j\u00ed \u0159editel \u00dazemn\u00ed spr\u00e1vy N\u00e1rodn\u00edho pam\u00e1tkov\u00e9ho \u00fastavu (NP\u00da) v \u010cesk\u00fdch Bud\u011bjovic\u00edch Petr Pavelec, kastel\u00e1n st\u00e1tn\u00edho z\u00e1mku Vojt\u011bch Bro\u017e a starostka m\u011bsta Jaroslava Martanov\u00e1. &#8220;Diskutovalo se t\u0159i hodiny. Mnoho ot\u00e1zek nebylo vy\u0159\u010deno, ale na ty z\u00e1sadn\u00ed bylo odpov\u011bzeno,&#8221; \u0159\u00edk\u00e1 n\u00e1\u0161 spolupracovn\u00edk a mluv\u010d\u00ed iniciativy Z\u00e1chrana z\u00e1mku ve\u00a0<\/strong><strong>Vimperku Jan V\u00e1vra, kter\u00fd pr\u016fb\u011bh a z\u00e1v\u011bry besedy shrnul do n\u00e1sleduj\u00edc\u00edch deseti bod\u016f:<\/strong><\/p>\n<div class=\"_1dwg\">\n<div class=\"_5pbx userContent\" data-ft=\"{&quot;tn&quot;:&quot;K&quot;}\">\n<p style=\"text-align: justify;\">1) Z\u00e1mek Vimperk byl prosazen mezi \u010dty\u0159i subjekty v \u010cR na financov\u00e1n\u00ed z fond\u016f EU. Do konce b\u0159ezna p\u0159\u00ed\u0161t\u00edho roku mus\u00ed b\u00fdt p\u0159edlo\u017een projekt na jeho\u017e p\u0159\u00edprav\u011b se pod\u00edl\u00ed t\u00fdm pracovn\u00edk\u016f. Ve h\u0159e je 140 milion\u016f K\u010d. Do t\u00e9 doby, ne\u017e bude o t\u011bchto pen\u011bz\u00edch rozhodnuto se z\u00e1mek mus\u00ed financovat s\u00e1m.<\/p>\n<\/div>\n<\/div>\n<div class=\"_1dwg\">\n<div class=\"_5pbx userContent\" data-ft=\"{&quot;tn&quot;:&quot;K&quot;}\">\n<p style=\"text-align: justify;\">2) M\u011bsto Vimperk podpo\u0159\u00ed \u010d\u00e1stkou 350 tis\u00edc korun ro\u010dn\u011b financov\u00e1n\u00ed platu jednoho zam\u011bstnance muzea, kter\u00e9ho nebylo \u0159e\u010deno, proto\u017ee v tuto chv\u00edli, jak jsem pochopil, jsou zam\u011bstnanci muzea dva, a to Eva \u0158\u00edhov\u00e1 &#8211; depozit\u00e1\u0159ka a Vojt\u011bch Bro\u017e &#8211; vedouc\u00ed muzea a kastel\u00e1n v jedn\u00e9 osob\u011b.<\/p>\n<p>3) Z\u00e1mek Vimperk je podle \u0159editele Pavelce prioritou pro spr\u00e1vu NP\u00da v \u010cesk\u00fdch Bud\u011bjovic\u00edch.<\/p>\n<p>4) Koncept budoucnosti z\u00e1mku byl ve zkratce p\u0159edstaven, ale je mnoho m\u00edst, kde nen\u00ed je\u0161t\u011b jasno. Nap\u0159\u00edklad unik\u00e1tn\u00ed renesan\u010dn\u00ed s\u00e1l, kter\u00fd byl p\u0159ekryt barokn\u00ed vestavbou. Nen\u00ed je\u0161t\u011b rozhodnuto, zda bude rekonstruov\u00e1n ve sv\u00e9 p\u016fvodn\u00ed podob\u011b, nebo budou obnoveny barokn\u00ed kancel\u00e1\u0159e. Pavelec je pro renesan\u010dn\u00ed s\u00e1l, kastel\u00e1n pro baroko a takhle se n\u00e1zor t\u0159\u00ed\u0161t\u00ed i mezi ostatn\u00edmi specialisty NP\u00da.<\/p>\n<p style=\"text-align: justify;\">5) Pro\u010d nebyla prodlou\u017eena smlouva vedouc\u00edmu muzea Ladislavu \u010cepi\u010dkovi? Pavelec se vyj\u00e1d\u0159il, \u017ee je pln\u011b v kompetenci kastel\u00e1na rozhodovat, s k\u00fdm bude spolupracovat. Kdyby pr\u00fd za n\u00edm \u010cepi\u010dka za\u0161el a vznesl st\u00ed\u017enost na \u0161patnou komunikaci mezi n\u00edm a Bro\u017eem, mohlo pr\u00fd v\u0161e dopadnout jinak.<\/p>\n<p style=\"text-align: justify;\">6) Pavelec za kastel\u00e1nem pln\u011b stoj\u00ed a nab\u00eddl svoji osobu k jedn\u00e1n\u00ed, pokud bude m\u00edt n\u011bkdo n\u011bjak\u00e9 v\u00fdhrady a v\u00fdtky k fungov\u00e1n\u00ed z\u00e1mku. Hlavn\u011b pr\u00fd u\u017e \u017e\u00e1dn\u00e9 dopisy ministrovi. M\u00e1me prominout kastel\u00e1novo n\u011bkter\u00e9 slab\u00e9 vlastnosti, proto\u017ee je mlad\u00fd a nezku\u0161en\u00fd, ale \u017ee za n\u00edm stoj\u00ed cel\u00e1 \u0159ada zku\u0161en\u011bj\u0161\u00edch koleg\u016f a odborn\u00edk\u016f, kte\u0159\u00ed mu se v\u0161\u00edm pomohou.<\/p>\n<p style=\"text-align: justify;\">7) Na ot\u00e1zku, na kter\u00e9 kulturn\u00ed akce bylo kastel\u00e1nem Vojt\u011bchem Bro\u017eem v tomto roce nav\u00e1z\u00e1no z minul\u00fdch dob, byla zm\u00edn\u011bna hlavn\u011b na\u0161e akce Bitva na Winterbergu. Ano, jsme asi jedin\u00fd subjekt, kter\u00fd se dok\u00e1zal domluvit, krom\u011b z\u00e1meck\u00fdch m\u011bstsk\u00fdch slavnost\u00ed. Pro\u010d??? Proto\u017ee pro na\u0161i Bitvu nen\u00ed hez\u010d\u00edho a d\u016fstojn\u011bj\u0161\u00edho m\u00edsta a my tam prost\u011b chceme Bitvu m\u00edt. Jinak byli Pavelec s Bro\u017eem p\u0159ekvapeni, kolik akc\u00ed bylo loni na z\u00e1mku po\u0159\u00e1d\u00e1no. Odpov\u011b\u010f na ot\u00e1zku jsem nez\u00edskal, prost\u011b nebylo jak odpov\u011bd\u011bt.<\/p>\n<p style=\"text-align: justify;\">8) Bylo nazna\u010deno, \u017ee \u0161patn\u00e1 komunikace mezi kulturn\u011b \u010dinn\u00fdmi subjekty a kastel\u00e1nem vlastn\u011b le\u017e\u00ed na stran\u011b t\u011bchto subjekt\u016f, kdy\u017e se neum\u00ed s kastel\u00e1nem dohodnout, proto \u0159ada akc\u00ed na z\u00e1mku u\u017e nebude. Je ale d\u016fle\u017eit\u00e9 p\u0159ipomenout, \u017ee v\u011bt\u0161\u00ed \u010d\u00e1st akc\u00ed byla loni po\u0159\u00e1d\u00e1na ze strany muzea, ty rozhodn\u011b letos nebudou, a\u017e na v\u00fdstavy, kter\u00e9 stejn\u011b d\u011bl\u00e1 \u010cepi\u010dka.<\/p>\n<p style=\"text-align: justify;\">9) V muzeu je nyn\u00ed stop-stav. Funguje jen prohl\u00eddkov\u00e1 trasa. Sb\u00edrkotvorn\u00e1 a akvizi\u010dn\u00ed \u010dinnost je zastavena, depozit\u00e1\u0159e jsou zape\u010det\u011bny, proto\u017ee \u010cepi\u010dka byl odejit a dodnes nebyla ud\u011bl\u00e1na p\u0159eb\u00edrac\u00ed inventura. Jak dlouho bude fungovat v tomto provizorn\u00edm re\u017eimu nen\u00ed zn\u00e1mo. Podle slov kastel\u00e1na Bro\u017ee nepot\u0159ebuje muzeum vedouc\u00edho &#8211; velet zvl\u00e1dne s\u00e1m, ale pot\u0159ebuje spr\u00e1vce sb\u00edrek. Pavelec kontroval ozn\u00e1men\u00edm, \u017ee a\u017e bude p\u0159ed\u00e1vac\u00ed inventura hotova, tak n\u011bkdy v budoucnu, a\u017e bude zapot\u0159eb\u00ed, vyp\u00ed\u0161e v\u00fdb\u011brov\u00e9 \u0159\u00edzen\u00ed na post vedouc\u00edho muzea, kter\u00fd bude d\u00e1le pat\u0159it pod kastel\u00e1na.<\/p>\n<p>10) Besedu o z\u00e1mku jsme dopisem ministrovi jen urychlili, proto\u017ee se na n\u00ed v budoucnu Pavelec stejn\u011b chystal.<\/p>\n<p style=\"text-align: justify;\"><strong>Nakonec dopadlo v\u0161echno r\u016f\u017eov\u011b, v\u0161ichni jsou skv\u011bl\u00ed a beseda byla vlastn\u011b o ni\u010dem &#8211; jak \u0159ekl jeden \u00fa\u010dastn\u00edk, co odch\u00e1zel p\u0159ed koncem.\u00a0<\/strong><strong>Pan\u00ed z \u010cesk\u00e9 tiskov\u00e9 kancel\u00e1\u0159e, kter\u00e1 mi volala, byla skoro zklaman\u00e1 pr\u016fb\u011bhem besedy. \u010cekala, \u017ee \u010cepi\u010dku vyhodili pro krimin\u00e1ln\u00ed \u010dinnost, \u017ee jsme se tam \u0159\u00e1dn\u011b poh\u00e1dali a jin\u00e9 senzace. Tak\u017ee jsem ji \u0159ekl pravdu, \u017ee se vlastn\u011b v\u016fbec nic nestalo.\u00a0<\/strong><\/p>\n<p><strong>Jan V\u00c1VRA<\/strong><\/p>\n<\/div>\n<\/div>\n<p><strong>Foto: Milan PE\u0160EK<\/strong><\/p>\n<div id='gallery-1' class='gallery galleryid-28098 gallery-columns-3 gallery-size-medium'><figure class='gallery-item'>\n\t\t\t<div class='gallery-icon landscape'>\n\t\t\t\t<a href='https:\/\/zakrasnejsivimperk.cz\/?attachment_id=28126'><img loading=\"lazy\" decoding=\"async\" width=\"300\" height=\"215\" src=\"https:\/\/zakrasnejsivimperk.cz\/wp-content\/uploads\/2015\/08\/beseda-8-300x215.jpg\" class=\"attachment-medium size-medium\" alt=\"\" srcset=\"https:\/\/zakrasnejsivimperk.cz\/wp-content\/uploads\/2015\/08\/beseda-8-300x215.jpg 300w, https:\/\/zakrasnejsivimperk.cz\/wp-content\/uploads\/2015\/08\/beseda-8-326x235.jpg 326w, https:\/\/zakrasnejsivimperk.cz\/wp-content\/uploads\/2015\/08\/beseda-8-497x357.jpg 497w, https:\/\/zakrasnejsivimperk.cz\/wp-content\/uploads\/2015\/08\/beseda-8-673x483.jpg 673w, https:\/\/zakrasnejsivimperk.cz\/wp-content\/uploads\/2015\/08\/beseda-8-198x143.jpg 198w, https:\/\/zakrasnejsivimperk.cz\/wp-content\/uploads\/2015\/08\/beseda-8.jpg 960w\" sizes=\"(max-width: 300px) 100vw, 300px\" \/><\/a>\n\t\t\t<\/div><\/figure><figure class='gallery-item'>\n\t\t\t<div class='gallery-icon portrait'>\n\t\t\t\t<a href='https:\/\/zakrasnejsivimperk.cz\/?attachment_id=28125'><img loading=\"lazy\" decoding=\"async\" width=\"200\" height=\"300\" src=\"https:\/\/zakrasnejsivimperk.cz\/wp-content\/uploads\/2015\/08\/beseda-7-200x300.jpg\" class=\"attachment-medium size-medium\" alt=\"\" srcset=\"https:\/\/zakrasnejsivimperk.cz\/wp-content\/uploads\/2015\/08\/beseda-7-200x300.jpg 200w, https:\/\/zakrasnejsivimperk.cz\/wp-content\/uploads\/2015\/08\/beseda-7-238x357.jpg 238w, https:\/\/zakrasnejsivimperk.cz\/wp-content\/uploads\/2015\/08\/beseda-7-321x483.jpg 321w, https:\/\/zakrasnejsivimperk.cz\/wp-content\/uploads\/2015\/08\/beseda-7.jpg 639w\" sizes=\"(max-width: 200px) 100vw, 200px\" \/><\/a>\n\t\t\t<\/div><\/figure><figure class='gallery-item'>\n\t\t\t<div class='gallery-icon landscape'>\n\t\t\t\t<a href='https:\/\/zakrasnejsivimperk.cz\/?attachment_id=28124'><img loading=\"lazy\" decoding=\"async\" width=\"300\" height=\"200\" src=\"https:\/\/zakrasnejsivimperk.cz\/wp-content\/uploads\/2015\/08\/beseda-6-300x200.jpg\" class=\"attachment-medium size-medium\" alt=\"\" srcset=\"https:\/\/zakrasnejsivimperk.cz\/wp-content\/uploads\/2015\/08\/beseda-6-300x200.jpg 300w, https:\/\/zakrasnejsivimperk.cz\/wp-content\/uploads\/2015\/08\/beseda-6-536x357.jpg 536w, https:\/\/zakrasnejsivimperk.cz\/wp-content\/uploads\/2015\/08\/beseda-6-726x483.jpg 726w, https:\/\/zakrasnejsivimperk.cz\/wp-content\/uploads\/2015\/08\/beseda-6.jpg 960w\" sizes=\"(max-width: 300px) 100vw, 300px\" \/><\/a>\n\t\t\t<\/div><\/figure><figure class='gallery-item'>\n\t\t\t<div class='gallery-icon landscape'>\n\t\t\t\t<a href='https:\/\/zakrasnejsivimperk.cz\/?attachment_id=28123'><img loading=\"lazy\" decoding=\"async\" width=\"300\" height=\"200\" src=\"https:\/\/zakrasnejsivimperk.cz\/wp-content\/uploads\/2015\/08\/beseda-5-300x200.jpg\" class=\"attachment-medium size-medium\" alt=\"\" srcset=\"https:\/\/zakrasnejsivimperk.cz\/wp-content\/uploads\/2015\/08\/beseda-5-300x200.jpg 300w, https:\/\/zakrasnejsivimperk.cz\/wp-content\/uploads\/2015\/08\/beseda-5-536x357.jpg 536w, https:\/\/zakrasnejsivimperk.cz\/wp-content\/uploads\/2015\/08\/beseda-5-725x483.jpg 725w, https:\/\/zakrasnejsivimperk.cz\/wp-content\/uploads\/2015\/08\/beseda-5.jpg 960w\" sizes=\"(max-width: 300px) 100vw, 300px\" \/><\/a>\n\t\t\t<\/div><\/figure><figure class='gallery-item'>\n\t\t\t<div class='gallery-icon portrait'>\n\t\t\t\t<a href='https:\/\/zakrasnejsivimperk.cz\/?attachment_id=28122'><img loading=\"lazy\" decoding=\"async\" width=\"200\" height=\"300\" src=\"https:\/\/zakrasnejsivimperk.cz\/wp-content\/uploads\/2015\/08\/beseda-4-200x300.jpg\" class=\"attachment-medium size-medium\" alt=\"\" srcset=\"https:\/\/zakrasnejsivimperk.cz\/wp-content\/uploads\/2015\/08\/beseda-4-200x300.jpg 200w, https:\/\/zakrasnejsivimperk.cz\/wp-content\/uploads\/2015\/08\/beseda-4-238x357.jpg 238w, https:\/\/zakrasnejsivimperk.cz\/wp-content\/uploads\/2015\/08\/beseda-4-321x483.jpg 321w, https:\/\/zakrasnejsivimperk.cz\/wp-content\/uploads\/2015\/08\/beseda-4.jpg 639w\" sizes=\"(max-width: 200px) 100vw, 200px\" \/><\/a>\n\t\t\t<\/div><\/figure><figure class='gallery-item'>\n\t\t\t<div class='gallery-icon portrait'>\n\t\t\t\t<a href='https:\/\/zakrasnejsivimperk.cz\/?attachment_id=28121'><img loading=\"lazy\" decoding=\"async\" width=\"200\" height=\"300\" src=\"https:\/\/zakrasnejsivimperk.cz\/wp-content\/uploads\/2015\/08\/beseda-3-200x300.jpg\" class=\"attachment-medium size-medium\" alt=\"\" srcset=\"https:\/\/zakrasnejsivimperk.cz\/wp-content\/uploads\/2015\/08\/beseda-3-200x300.jpg 200w, https:\/\/zakrasnejsivimperk.cz\/wp-content\/uploads\/2015\/08\/beseda-3-238x357.jpg 238w, https:\/\/zakrasnejsivimperk.cz\/wp-content\/uploads\/2015\/08\/beseda-3-321x483.jpg 321w, https:\/\/zakrasnejsivimperk.cz\/wp-content\/uploads\/2015\/08\/beseda-3.jpg 639w\" sizes=\"(max-width: 200px) 100vw, 200px\" \/><\/a>\n\t\t\t<\/div><\/figure><figure class='gallery-item'>\n\t\t\t<div class='gallery-icon landscape'>\n\t\t\t\t<a href='https:\/\/zakrasnejsivimperk.cz\/?attachment_id=28120'><img loading=\"lazy\" decoding=\"async\" width=\"300\" height=\"182\" src=\"https:\/\/zakrasnejsivimperk.cz\/wp-content\/uploads\/2015\/08\/beseda-2-300x182.jpg\" class=\"attachment-medium size-medium\" alt=\"\" srcset=\"https:\/\/zakrasnejsivimperk.cz\/wp-content\/uploads\/2015\/08\/beseda-2-300x182.jpg 300w, https:\/\/zakrasnejsivimperk.cz\/wp-content\/uploads\/2015\/08\/beseda-2-588x357.jpg 588w, https:\/\/zakrasnejsivimperk.cz\/wp-content\/uploads\/2015\/08\/beseda-2-795x483.jpg 795w, https:\/\/zakrasnejsivimperk.cz\/wp-content\/uploads\/2015\/08\/beseda-2.jpg 960w\" sizes=\"(max-width: 300px) 100vw, 300px\" \/><\/a>\n\t\t\t<\/div><\/figure>\n\t\t<\/div>\n\n<p>&nbsp;<\/p>\n<div><\/div>\n","protected":false},"excerpt":{"rendered":"<p>Ve st\u0159edu <\/p>\n","protected":false},"author":2,"featured_media":28120,"comment_status":"open","ping_status":"open","sticky":false,"template":"","format":"gallery","meta":{"footnotes":""},"categories":[7],"tags":[],"jetpack_featured_media_url":"https:\/\/zakrasnejsivimperk.cz\/wp-content\/uploads\/2015\/08\/beseda-2.jpg","_links":{"self":[{"href":"https:\/\/zakrasnejsivimperk.cz\/index.php?rest_route=\/wp\/v2\/posts\/28098"}],"collection":[{"href":"https:\/\/zakrasnejsivimperk.cz\/index.php?rest_route=\/wp\/v2\/posts"}],"about":[{"href":"https:\/\/zakrasnejsivimperk.cz\/index.php?rest_route=\/wp\/v2\/types\/post"}],"author":[{"embeddable":true,"href":"https:\/\/zakrasnejsivimperk.cz\/index.php?rest_route=\/wp\/v2\/users\/2"}],"replies":[{"embeddable":true,"href":"https:\/\/zakrasnejsivimperk.cz\/index.php?rest_route=%2Fwp%2Fv2%2Fcomments&post=28098"}],"version-history":[{"count":14,"href":"https:\/\/zakrasnejsivimperk.cz\/index.php?rest_route=\/wp\/v2\/posts\/28098\/revisions"}],"predecessor-version":[{"id":28130,"href":"https:\/\/zakrasnejsivimperk.cz\/index.php?rest_route=\/wp\/v2\/posts\/28098\/revisions\/28130"}],"wp:featuredmedia":[{"embeddable":true,"href":"https:\/\/zakrasnejsivimperk.cz\/index.php?rest_route=\/wp\/v2\/media\/28120"}],"wp:attachment":[{"href":"https:\/\/zakrasnejsivimperk.cz\/index.php?rest_route=%2Fwp%2Fv2%2Fmedia&parent=28098"}],"wp:term":[{"taxonomy":"category","embeddable":true,"href":"https:\/\/zakrasnejsivimperk.cz\/index.php?rest_route=%2Fwp%2Fv2%2Fcategories&post=28098"},{"taxonomy":"post_tag","embeddable":true,"href":"https:\/\/zakrasnejsivimperk.cz\/index.php?rest_route=%2Fwp%2Fv2%2Ftags&post=28098"}],"curies":[{"name":"wp","href":"https:\/\/api.w.org\/{rel}","templated":true}]}}