{"id":280942,"date":"2023-06-13T13:07:53","date_gmt":"2023-06-13T12:07:53","guid":{"rendered":"https:\/\/zakrasnejsivimperk.cz\/?p=280942"},"modified":"2023-06-13T13:07:53","modified_gmt":"2023-06-13T12:07:53","slug":"region-sumava-pozvanka-na-slavnosti-do-stachu","status":"publish","type":"post","link":"https:\/\/zakrasnejsivimperk.cz\/?p=280942","title":{"rendered":"REGION &#8211; \u0160UMAVA: Pozv\u00e1nka na slavnosti do Stach\u016f"},"content":{"rendered":"<p><img loading=\"lazy\" decoding=\"async\" class=\"aligncenter wp-image-278630 size-full\" src=\"https:\/\/zakrasnejsivimperk.cz\/wp-content\/uploads\/2019\/04\/25\/plakat-stachy-1706-1.jpg\" alt=\"\" width=\"1450\" height=\"2048\" srcset=\"https:\/\/zakrasnejsivimperk.cz\/wp-content\/uploads\/2019\/04\/25\/plakat-stachy-1706-1.jpg 1450w, https:\/\/zakrasnejsivimperk.cz\/wp-content\/uploads\/2019\/04\/25\/plakat-stachy-1706-1-212x300.jpg 212w, https:\/\/zakrasnejsivimperk.cz\/wp-content\/uploads\/2019\/04\/25\/plakat-stachy-1706-1-725x1024.jpg 725w, https:\/\/zakrasnejsivimperk.cz\/wp-content\/uploads\/2019\/04\/25\/plakat-stachy-1706-1-768x1085.jpg 768w, https:\/\/zakrasnejsivimperk.cz\/wp-content\/uploads\/2019\/04\/25\/plakat-stachy-1706-1-1088x1536.jpg 1088w, https:\/\/zakrasnejsivimperk.cz\/wp-content\/uploads\/2019\/04\/25\/plakat-stachy-1706-1-253x357.jpg 253w, https:\/\/zakrasnejsivimperk.cz\/wp-content\/uploads\/2019\/04\/25\/plakat-stachy-1706-1-342x483.jpg 342w\" sizes=\"(max-width: 1450px) 100vw, 1450px\" \/><\/p>\n<hr \/>\n<p>&nbsp;<\/p>\n<p>&nbsp;<\/p>\n","protected":false},"excerpt":{"rendered":"<p>&nbsp; &nbsp;<\/p>\n","protected":false},"author":2,"featured_media":280943,"comment_status":"open","ping_status":"open","sticky":false,"template":"","format":"gallery","meta":{"footnotes":""},"categories":[72],"tags":[],"jetpack_featured_media_url":"https:\/\/zakrasnejsivimperk.cz\/wp-content\/uploads\/2023\/06\/12\/ram-stachy-slav.jpg","_links":{"self":[{"href":"https:\/\/zakrasnejsivimperk.cz\/index.php?rest_route=\/wp\/v2\/posts\/280942"}],"collection":[{"href":"https:\/\/zakrasnejsivimperk.cz\/index.php?rest_route=\/wp\/v2\/posts"}],"about":[{"href":"https:\/\/zakrasnejsivimperk.cz\/index.php?rest_route=\/wp\/v2\/types\/post"}],"author":[{"embeddable":true,"href":"https:\/\/zakrasnejsivimperk.cz\/index.php?rest_route=\/wp\/v2\/users\/2"}],"replies":[{"embeddable":true,"href":"https:\/\/zakrasnejsivimperk.cz\/index.php?rest_route=%2Fwp%2Fv2%2Fcomments&post=280942"}],"version-history":[{"count":1,"href":"https:\/\/zakrasnejsivimperk.cz\/index.php?rest_route=\/wp\/v2\/posts\/280942\/revisions"}],"predecessor-version":[{"id":280944,"href":"https:\/\/zakrasnejsivimperk.cz\/index.php?rest_route=\/wp\/v2\/posts\/280942\/revisions\/280944"}],"wp:featuredmedia":[{"embeddable":true,"href":"https:\/\/zakrasnejsivimperk.cz\/index.php?rest_route=\/wp\/v2\/media\/280943"}],"wp:attachment":[{"href":"https:\/\/zakrasnejsivimperk.cz\/index.php?rest_route=%2Fwp%2Fv2%2Fmedia&parent=280942"}],"wp:term":[{"taxonomy":"category","embeddable":true,"href":"https:\/\/zakrasnejsivimperk.cz\/index.php?rest_route=%2Fwp%2Fv2%2Fcategories&post=280942"},{"taxonomy":"post_tag","embeddable":true,"href":"https:\/\/zakrasnejsivimperk.cz\/index.php?rest_route=%2Fwp%2Fv2%2Ftags&post=280942"}],"curies":[{"name":"wp","href":"https:\/\/api.w.org\/{rel}","templated":true}]}}