{"id":280934,"date":"2023-06-25T12:04:38","date_gmt":"2023-06-25T11:04:38","guid":{"rendered":"https:\/\/zakrasnejsivimperk.cz\/?p=280934"},"modified":"2023-07-02T10:59:15","modified_gmt":"2023-07-02T09:59:15","slug":"region-sumava-pozvanka-na-pout-do-stachu","status":"publish","type":"post","link":"https:\/\/zakrasnejsivimperk.cz\/?p=280934","title":{"rendered":"REGION &#8211; \u0160UMAVA: Pozv\u00e1nka na pou\u0165 do Stach\u016f"},"content":{"rendered":"<p><img loading=\"lazy\" decoding=\"async\" class=\"aligncenter wp-image-280935 size-full\" src=\"https:\/\/zakrasnejsivimperk.cz\/wp-content\/uploads\/2023\/06\/12\/plakat-stachy-0207.jpg\" alt=\"\" width=\"1414\" height=\"2000\" srcset=\"https:\/\/zakrasnejsivimperk.cz\/wp-content\/uploads\/2023\/06\/12\/plakat-stachy-0207.jpg 1414w, https:\/\/zakrasnejsivimperk.cz\/wp-content\/uploads\/2023\/06\/12\/plakat-stachy-0207-212x300.jpg 212w, https:\/\/zakrasnejsivimperk.cz\/wp-content\/uploads\/2023\/06\/12\/plakat-stachy-0207-724x1024.jpg 724w, https:\/\/zakrasnejsivimperk.cz\/wp-content\/uploads\/2023\/06\/12\/plakat-stachy-0207-768x1086.jpg 768w, https:\/\/zakrasnejsivimperk.cz\/wp-content\/uploads\/2023\/06\/12\/plakat-stachy-0207-1086x1536.jpg 1086w, https:\/\/zakrasnejsivimperk.cz\/wp-content\/uploads\/2023\/06\/12\/plakat-stachy-0207-252x357.jpg 252w, https:\/\/zakrasnejsivimperk.cz\/wp-content\/uploads\/2023\/06\/12\/plakat-stachy-0207-341x483.jpg 341w\" sizes=\"(max-width: 1414px) 100vw, 1414px\" \/><\/p>\n<p>&nbsp;<\/p>\n<p>&nbsp;<\/p>\n<p><img loading=\"lazy\" decoding=\"async\" class=\"aligncenter wp-image-280998 size-full\" src=\"https:\/\/zakrasnejsivimperk.cz\/wp-content\/uploads\/2023\/06\/13\/Varhanni-koncert-pout-2023.jpg\" alt=\"\" width=\"1748\" height=\"2480\" srcset=\"https:\/\/zakrasnejsivimperk.cz\/wp-content\/uploads\/2023\/06\/13\/Varhanni-koncert-pout-2023.jpg 1748w, https:\/\/zakrasnejsivimperk.cz\/wp-content\/uploads\/2023\/06\/13\/Varhanni-koncert-pout-2023-211x300.jpg 211w, https:\/\/zakrasnejsivimperk.cz\/wp-content\/uploads\/2023\/06\/13\/Varhanni-koncert-pout-2023-722x1024.jpg 722w, https:\/\/zakrasnejsivimperk.cz\/wp-content\/uploads\/2023\/06\/13\/Varhanni-koncert-pout-2023-768x1090.jpg 768w, https:\/\/zakrasnejsivimperk.cz\/wp-content\/uploads\/2023\/06\/13\/Varhanni-koncert-pout-2023-1083x1536.jpg 1083w, https:\/\/zakrasnejsivimperk.cz\/wp-content\/uploads\/2023\/06\/13\/Varhanni-koncert-pout-2023-1444x2048.jpg 1444w, https:\/\/zakrasnejsivimperk.cz\/wp-content\/uploads\/2023\/06\/13\/Varhanni-koncert-pout-2023-252x357.jpg 252w, https:\/\/zakrasnejsivimperk.cz\/wp-content\/uploads\/2023\/06\/13\/Varhanni-koncert-pout-2023-340x483.jpg 340w\" sizes=\"(max-width: 1748px) 100vw, 1748px\" \/><\/p>\n<hr \/>\n<p>&nbsp;<\/p>\n<p>&nbsp;<\/p>\n","protected":false},"excerpt":{"rendered":"<p>&nbsp; &nbsp; <\/p>\n","protected":false},"author":2,"featured_media":280936,"comment_status":"open","ping_status":"open","sticky":false,"template":"","format":"gallery","meta":{"footnotes":""},"categories":[107],"tags":[],"jetpack_featured_media_url":"https:\/\/zakrasnejsivimperk.cz\/wp-content\/uploads\/2023\/06\/12\/ram-stachy-pout.jpg","_links":{"self":[{"href":"https:\/\/zakrasnejsivimperk.cz\/index.php?rest_route=\/wp\/v2\/posts\/280934"}],"collection":[{"href":"https:\/\/zakrasnejsivimperk.cz\/index.php?rest_route=\/wp\/v2\/posts"}],"about":[{"href":"https:\/\/zakrasnejsivimperk.cz\/index.php?rest_route=\/wp\/v2\/types\/post"}],"author":[{"embeddable":true,"href":"https:\/\/zakrasnejsivimperk.cz\/index.php?rest_route=\/wp\/v2\/users\/2"}],"replies":[{"embeddable":true,"href":"https:\/\/zakrasnejsivimperk.cz\/index.php?rest_route=%2Fwp%2Fv2%2Fcomments&post=280934"}],"version-history":[{"count":2,"href":"https:\/\/zakrasnejsivimperk.cz\/index.php?rest_route=\/wp\/v2\/posts\/280934\/revisions"}],"predecessor-version":[{"id":280999,"href":"https:\/\/zakrasnejsivimperk.cz\/index.php?rest_route=\/wp\/v2\/posts\/280934\/revisions\/280999"}],"wp:featuredmedia":[{"embeddable":true,"href":"https:\/\/zakrasnejsivimperk.cz\/index.php?rest_route=\/wp\/v2\/media\/280936"}],"wp:attachment":[{"href":"https:\/\/zakrasnejsivimperk.cz\/index.php?rest_route=%2Fwp%2Fv2%2Fmedia&parent=280934"}],"wp:term":[{"taxonomy":"category","embeddable":true,"href":"https:\/\/zakrasnejsivimperk.cz\/index.php?rest_route=%2Fwp%2Fv2%2Fcategories&post=280934"},{"taxonomy":"post_tag","embeddable":true,"href":"https:\/\/zakrasnejsivimperk.cz\/index.php?rest_route=%2Fwp%2Fv2%2Ftags&post=280934"}],"curies":[{"name":"wp","href":"https:\/\/api.w.org\/{rel}","templated":true}]}}