{"id":280773,"date":"2023-06-16T16:40:36","date_gmt":"2023-06-16T15:40:36","guid":{"rendered":"https:\/\/zakrasnejsivimperk.cz\/?p=280773"},"modified":"2023-06-16T16:40:36","modified_gmt":"2023-06-16T15:40:36","slug":"nase-mesto-vimperk-podklady-pro-6-zasedani-mestskeho-zastupitelstva","status":"publish","type":"post","link":"https:\/\/zakrasnejsivimperk.cz\/?p=280773","title":{"rendered":"NA\u0160E M\u011aSTO VIMPERK: Podklady pro 6. zased\u00e1n\u00ed m\u011bstsk\u00e9ho zastupitelstva"},"content":{"rendered":"<h4>Podkladov\u00e9 materi\u00e1ly pro jedn\u00e1n\u00ed m\u011bstsk\u00e9ho zastupitelstva dne 19. \u010dervna:<\/h4>\n<p>&nbsp;<\/p>\n<div><b>Program<\/b><\/div>\n<div><b>1. Zah\u00e1jen\u00ed, volba volebn\u00ed a n\u00e1vrhov\u00e9 komise\u00a0\u00a0(bez materi\u00e1lu)<\/b><\/div>\n<div><b>2. Kontrola usnesen\u00ed\u00a0\u00a0(bez materi\u00e1lu)<\/b><\/div>\n<div><\/div>\n<div><b>3. Majetkopr\u00e1vn\u00ed z\u00e1le\u017eitosti<\/b><\/div>\n<div><a href=\"https:\/\/www.vimperk.cz\/assets\/File.ashx?id_org=18208&amp;id_dokumenty=33190\" target=\"_blank\" rel=\"noopener\">a) Prodej pozemku parc. \u010d. 1607 v k. \u00fa. Vimperk, zahrada v ulici Pasovsk\u00e1 sm\u011brem\u00a0k \u0160umav\u011bnce \u2013 nab\u00eddky na zve\u0159ejn\u011bn\u00fd z\u00e1m\u011br \u010d. 07\/06\/2023<\/a><\/div>\n<div><\/div>\n<div><\/div>\n<div><a href=\"https:\/\/www.vimperk.cz\/assets\/File.ashx?id_org=18208&amp;id_dokumenty=33191\" target=\"_blank\" rel=\"noopener\">b) Prodej pozemku parc. st. \u010d. 35 v k. \u00fa. Bo\u0159anovice u Vimperka dle \u017e\u00e1dosti vlastn\u00edk\u016f\u00a0domu \u010dp. 32 Bo\u0159anovice \u2013 nab\u00eddky na zve\u0159ejn\u011bn\u00fd z\u00e1m\u011br \u010d. 11\/07\/2023<\/a><\/div>\n<div><\/div>\n<div><a href=\"https:\/\/www.vimperk.cz\/assets\/File.ashx?id_org=18208&amp;id_dokumenty=33192\" target=\"_blank\" rel=\"noopener\">c) Souhlas m\u011bsta Vimperk s vybudov\u00e1n\u00edm p\u0159\u00edstupov\u00e9 cesty k pozemku parc. \u010d. 1879\/4\u00a0v k. \u00fa. Vimperk dle p\u0159edlo\u017een\u00e9 projektov\u00e9 dokumentace a etapizace, dopravn\u00ed p\u0159ipojen\u00ed\u00a0na st\u00e1vaj\u00edc\u00ed komunikaci Pod Pek\u00e1rnou \u2013 smlouva o smlouv\u011b budouc\u00ed darovac\u00ed<\/a><\/div>\n<div><\/div>\n<div><a href=\"https:\/\/www.vimperk.cz\/assets\/File.ashx?id_org=18208&amp;id_dokumenty=33193\" target=\"_blank\" rel=\"noopener\">d) Souhlas m\u011bsta Vimperk s realizac\u00ed stavby \u201eKonverze b\u00fdval\u00fdch z\u00e1meck\u00fdch kon\u00edren na\u00a0\u0159adov\u00fd rodinn\u00fd d\u016fm\u201c a vybudov\u00e1n\u00edm technick\u00e9 infrastruktury na pozemc\u00edch m\u011bsta\u00a0Vimperk, p\u0159\u00edsp\u011bvek na opravu komunikace \u2013 smlouva o smlouv\u011b budouc\u00ed sm\u011bnn\u00e9 dle\u00a0z\u00e1m\u011bru \u010d. 10\/07\/2023<\/a><\/div>\n<div><\/div>\n<div><b><a href=\"https:\/\/www.vimperk.cz\/assets\/File.ashx?id_org=18208&amp;id_dokumenty=33194\" target=\"_blank\" rel=\"noopener\">4. P\u0159ehled rozpo\u010dtov\u00fdch opat\u0159en\u00ed schv\u00e1len\u00fdch Radou m\u011bsta Vimperk<\/a><\/b><\/div>\n<div><\/div>\n<div><b><a href=\"https:\/\/www.vimperk.cz\/assets\/File.ashx?id_org=18208&amp;id_dokumenty=33195\" target=\"_blank\" rel=\"noopener\">5. N\u00e1vrh rozpo\u010dtov\u00fdch opat\u0159en\u00ed<\/a><\/b><\/div>\n<div><\/div>\n<div><b>6. Dotace sportovn\u00edm odd\u00edl\u016fm a klub\u016fm \u2013 v\u00fdzva Podpora sportu 2023\/1<\/b><\/div>\n<div><a href=\"https:\/\/www.vimperk.cz\/assets\/File.ashx?id_org=18208&amp;id_dokumenty=33196\" target=\"_blank\" rel=\"noopener\">6.1 Dotace sportovn\u00edm odd\u00edl\u016fm a klub\u016fm v\u00fdzva 2023<\/a><\/div>\n<div><a href=\"https:\/\/www.vimperk.cz\/assets\/File.ashx?id_org=18208&amp;id_dokumenty=33197\" target=\"_blank\" rel=\"noopener\">6.2.\u00a0Sportovn\u00ed komise &#8211; Z\u00e1pis<\/a><\/div>\n<div><b><a href=\"https:\/\/www.vimperk.cz\/assets\/File.ashx?id_org=18208&amp;id_dokumenty=33198\" target=\"_blank\" rel=\"noopener\">7. Ur\u010den\u00ed n\u00e1zvu ulice ve m\u011bst\u011b Vimperk<\/a><\/b><\/div>\n<div><b><a href=\"https:\/\/www.vimperk.cz\/assets\/File.ashx?id_org=18208&amp;id_dokumenty=33199\" target=\"_blank\" rel=\"noopener\">8. Dopis M\u011bstsk\u00e9 knihovny Prachatice k \u010dinnosti M\u011bstsk\u00e9 knihovny Vimperk za rok 2022 \u2013\u00a0informace bez usnesen\u00ed<\/a><\/b><\/div>\n<div><\/div>\n<div><b>9. Z\u00e1pisy z jedn\u00e1n\u00ed kontroln\u00edho v\u00fdboru Zastupitelstva m\u011bsta Vimperk<\/b><\/div>\n<div><a href=\"https:\/\/www.vimperk.cz\/assets\/File.ashx?id_org=18208&amp;id_dokumenty=33200\" target=\"_blank\" rel=\"noopener\">9.1. Materi\u00e1l k projedn\u00e1n\u00ed<\/a><\/div>\n<div><a href=\"https:\/\/www.vimperk.cz\/assets\/File.ashx?id_org=18208&amp;id_dokumenty=33201\" target=\"_blank\" rel=\"noopener\">9.2.\u00a0Z\u00e1pis ze sch\u016fze kontroln\u00edho v\u00fdboru<\/a><\/div>\n<div><a href=\"https:\/\/www.vimperk.cz\/assets\/File.ashx?id_org=18208&amp;id_dokumenty=33202\" target=\"_blank\" rel=\"noopener\">9.3.\u00a0Z\u00e1pis sch\u016fze KV 4. 1. 2023<\/a><\/div>\n<div><a href=\"https:\/\/www.vimperk.cz\/assets\/File.ashx?id_org=18208&amp;id_dokumenty=33205\" target=\"_blank\" rel=\"noopener\">9.4.\u00a0Z\u00e1pis sch\u016fze KV 18. 1. 2023<\/a><\/div>\n<div><a href=\"https:\/\/www.vimperk.cz\/assets\/File.ashx?id_org=18208&amp;id_dokumenty=33204\" target=\"_blank\" rel=\"noopener\">9.5.\u00a0Z\u00e1pis jedn\u00e1n\u00ed KV 12. 4. 2023<\/a><\/div>\n<div><\/div>\n<div><b>10. Z\u00e1pisy ze sch\u016fze OV Skl\u00e1\u0159e<\/b><\/div>\n<div>10.1.\u00a0<a href=\"https:\/\/www.vimperk.cz\/assets\/File.ashx?id_org=18208&amp;id_dokumenty=33206\" target=\"_blank\" rel=\"noopener\">Materi\u00e1l k projedn\u00e1n\u00ed<\/a><\/div>\n<div>10.2.\u00a0<a href=\"https:\/\/www.vimperk.cz\/assets\/File.ashx?id_org=18208&amp;id_dokumenty=33207\" target=\"_blank\" rel=\"noopener\">Z\u00e1pis 05.04.2023<\/a><\/div>\n<div>10.3.\u00a0<a href=\"https:\/\/www.vimperk.cz\/assets\/File.ashx?id_org=18208&amp;id_dokumenty=33208\" target=\"_blank\" rel=\"noopener\">Z\u00e1pis 06.06.2023<\/a><\/div>\n<div><\/div>\n<div><b>11. R\u016fzn\u00e9\u00a0\u00a0\u00a0(bez materi\u00e1lu)<\/b><\/div>\n<div><b>12. Diskuse\u00a0\u00a0(bez materi\u00e1lu)<\/b><\/div>\n<div><b>13. Z\u00e1v\u011br\u00a0\u00a0(bez materi\u00e1lu)<\/b><\/div>\n<p>&nbsp;<\/p>\n<p>&nbsp;<\/p>\n<p><strong>Zdroj: M\u011aSTO VIMPERK<\/strong><\/p>\n<p>(red) &#8211; Za kr\u00e1sn\u011bj\u0161\u00ed Vimperk<\/p>\n<hr \/>\n<p>&nbsp;<\/p>\n<p><img loading=\"lazy\" decoding=\"async\" class=\"aligncenter wp-image-280771 size-full\" src=\"https:\/\/zakrasnejsivimperk.cz\/wp-content\/uploads\/2023\/06\/09\/program-mz-190623.jpg\" alt=\"\" width=\"684\" height=\"1091\" srcset=\"https:\/\/zakrasnejsivimperk.cz\/wp-content\/uploads\/2023\/06\/09\/program-mz-190623.jpg 684w, https:\/\/zakrasnejsivimperk.cz\/wp-content\/uploads\/2023\/06\/09\/program-mz-190623-188x300.jpg 188w, https:\/\/zakrasnejsivimperk.cz\/wp-content\/uploads\/2023\/06\/09\/program-mz-190623-642x1024.jpg 642w, https:\/\/zakrasnejsivimperk.cz\/wp-content\/uploads\/2023\/06\/09\/program-mz-190623-224x357.jpg 224w, https:\/\/zakrasnejsivimperk.cz\/wp-content\/uploads\/2023\/06\/09\/program-mz-190623-303x483.jpg 303w\" sizes=\"(max-width: 684px) 100vw, 684px\" \/><\/p>\n<hr \/>\n<p>&nbsp;<\/p>\n<p>&nbsp;<\/p>\n","protected":false},"excerpt":{"rendered":"<p>Podkladov\u00e9 materi\u00e1ly <\/p>\n","protected":false},"author":2,"featured_media":99814,"comment_status":"open","ping_status":"open","sticky":false,"template":"","format":"gallery","meta":{"footnotes":""},"categories":[115],"tags":[],"jetpack_featured_media_url":"https:\/\/zakrasnejsivimperk.cz\/wp-content\/uploads\/2017\/06\/07\/dokumenty.jpg","_links":{"self":[{"href":"https:\/\/zakrasnejsivimperk.cz\/index.php?rest_route=\/wp\/v2\/posts\/280773"}],"collection":[{"href":"https:\/\/zakrasnejsivimperk.cz\/index.php?rest_route=\/wp\/v2\/posts"}],"about":[{"href":"https:\/\/zakrasnejsivimperk.cz\/index.php?rest_route=\/wp\/v2\/types\/post"}],"author":[{"embeddable":true,"href":"https:\/\/zakrasnejsivimperk.cz\/index.php?rest_route=\/wp\/v2\/users\/2"}],"replies":[{"embeddable":true,"href":"https:\/\/zakrasnejsivimperk.cz\/index.php?rest_route=%2Fwp%2Fv2%2Fcomments&post=280773"}],"version-history":[{"count":5,"href":"https:\/\/zakrasnejsivimperk.cz\/index.php?rest_route=\/wp\/v2\/posts\/280773\/revisions"}],"predecessor-version":[{"id":281217,"href":"https:\/\/zakrasnejsivimperk.cz\/index.php?rest_route=\/wp\/v2\/posts\/280773\/revisions\/281217"}],"wp:featuredmedia":[{"embeddable":true,"href":"https:\/\/zakrasnejsivimperk.cz\/index.php?rest_route=\/wp\/v2\/media\/99814"}],"wp:attachment":[{"href":"https:\/\/zakrasnejsivimperk.cz\/index.php?rest_route=%2Fwp%2Fv2%2Fmedia&parent=280773"}],"wp:term":[{"taxonomy":"category","embeddable":true,"href":"https:\/\/zakrasnejsivimperk.cz\/index.php?rest_route=%2Fwp%2Fv2%2Fcategories&post=280773"},{"taxonomy":"post_tag","embeddable":true,"href":"https:\/\/zakrasnejsivimperk.cz\/index.php?rest_route=%2Fwp%2Fv2%2Ftags&post=280773"}],"curies":[{"name":"wp","href":"https:\/\/api.w.org\/{rel}","templated":true}]}}