{"id":280506,"date":"2023-06-08T13:23:04","date_gmt":"2023-06-08T12:23:04","guid":{"rendered":"https:\/\/zakrasnejsivimperk.cz\/?p=280506"},"modified":"2023-06-08T13:23:04","modified_gmt":"2023-06-08T12:23:04","slug":"nase-mesto-vimperk-zapis-ze-zasedani-mestske-rady-dne-5-cervna-2023","status":"publish","type":"post","link":"https:\/\/zakrasnejsivimperk.cz\/?p=280506","title":{"rendered":"NA\u0160E M\u011aSTO VIMPERK: Z\u00e1pis ze zased\u00e1n\u00ed m\u011bstsk\u00e9 rady dne 5. \u010dervna 2023"},"content":{"rendered":"<p><img loading=\"lazy\" decoding=\"async\" class=\"aligncenter wp-image-129874 size-full\" src=\"https:\/\/zakrasnejsivimperk.cz\/wp-content\/uploads\/2018\/05\/06\/dokumenty.jpg\" alt=\"\" width=\"799\" height=\"527\" srcset=\"https:\/\/zakrasnejsivimperk.cz\/wp-content\/uploads\/2018\/05\/06\/dokumenty.jpg 799w, https:\/\/zakrasnejsivimperk.cz\/wp-content\/uploads\/2018\/05\/06\/dokumenty-300x198.jpg 300w, https:\/\/zakrasnejsivimperk.cz\/wp-content\/uploads\/2018\/05\/06\/dokumenty-768x507.jpg 768w, https:\/\/zakrasnejsivimperk.cz\/wp-content\/uploads\/2018\/05\/06\/dokumenty-100x65.jpg 100w, https:\/\/zakrasnejsivimperk.cz\/wp-content\/uploads\/2018\/05\/06\/dokumenty-541x357.jpg 541w, https:\/\/zakrasnejsivimperk.cz\/wp-content\/uploads\/2018\/05\/06\/dokumenty-732x483.jpg 732w\" sizes=\"(max-width: 799px) 100vw, 799px\" \/><\/p>\n<p>&nbsp;<\/p>\n<h6>Rada m\u011bsta Vimperk na sv\u00e9m zased\u00e1n\u00ed 5. \u010dervna 2023 krom\u011b jin\u00e9ho projednala a schv\u00e1lila <em>(p\u0159in\u00e1\u0161\u00edme doslovn\u00fd p\u0159epis n\u011bkter\u00fdch usnesen\u00ed bez redak\u010dn\u00ed \u00fapravy)<\/em>:<\/h6>\n<p>&nbsp;<\/p>\n<p><strong>Usnesen\u00ed \u010d. 602<\/strong><br \/>\nRada m\u011bsta rozhodla uzav\u0159\u00edt Smlouvu o poskytnut\u00ed dotace SDO\/OEZI\/1564\/23, reg. \u010d. 428-01-003-021\/23, z Dota\u010dn\u00edho programu Jiho\u010desk\u00e9ho kraje Podpora kultury, 1. v\u00fdzva pro rok 2023, mezi m\u011bstem Vimperk, se s\u00eddlem Steinbrenerova 6\/2, 385 17 Vimperk, a Jiho\u010desk\u00fdm krajem, se s\u00eddlem U Zimn\u00edho stadionu 1952\/2, 370 76 \u010cesk\u00e9 Bud\u011bjovice, na realizaci projektu \u201eNaturVision &#8211; t\u00fdden p\u0159\u00edrody &#8211; 22. ro\u010dn\u00edk\u201c. V\u00fd\u0161e podpory formou dotace je stanovena maxim\u00e1ln\u011b ve v\u00fd\u0161i 40.000,00 K\u010d.<\/p>\n<p>&nbsp;<\/p>\n<p><strong>Usnesen\u00ed \u010d. 604<\/strong><br \/>\nRada m\u011bsta rozhodla ud\u011blit v\u00fdjimku z obecn\u011b z\u00e1vazn\u00e9 vyhl\u00e1\u0161ky \u010d. 3\/2018 z d\u016fvodu po\u0159\u00e1d\u00e1n\u00edch kulturn\u00ed akc\u00ed \u2013 L\u00e9to pod Boub\u00ednem vol. 1 \u2013 3 ve dnech 24.06.2023, 12.08.2023 a 01.09.2023 v dob\u011b od 22:00 hodin do n\u00e1sleduj\u00edc\u00edho dne do 02:00 hodin.<\/p>\n<p>&nbsp;<\/p>\n<p><strong>Usnesen\u00ed \u010d. 605<\/strong><br \/>\nRada m\u011bsta rozhodla ud\u011blit v\u00fdjimku z obecn\u011b z\u00e1vazn\u00e9 vyhl\u00e1\u0161ky \u010d. 3\/2018 z d\u016fvodu po\u0159\u00e1d\u00e1n\u00ed kulturn\u00ed akce \u2013 Divokej Bill 25 let Tour dne 22.07.2023 v dob\u011b od 22:00 hodin do 02:00 hodin n\u00e1sleduj\u00edc\u00edho dne.<\/p>\n<p>&nbsp;<\/p>\n<p><strong>Usnesen\u00ed \u010d. 606<\/strong><br \/>\nRada m\u011bsta rozhodla poskytnout finan\u010dn\u00ed dar ve v\u00fd\u0161i 3.420 K\u010d Hospicu sv. Jana N. Neumanna, o. p. s., Neumannova 144, 383 01 Prachatice, zastoupen\u00e9mu \u0159editelem PhDr. Mgr. R. H., MBA na provoz slu\u017eby dom\u00e1c\u00ed hospicov\u00e9 p\u00e9\u010de, dle p\u0159edlo\u017een\u00e9ho n\u00e1vrhu.<\/p>\n<p>&nbsp;<\/p>\n<p><strong>Usnesen\u00ed \u010d. 607<\/strong><br \/>\nRada m\u011bsta rozhodla poskytnout dotaci z rozpo\u010dtu odboru soci\u00e1ln\u00edch v\u011bc\u00ed a zdravotnictv\u00ed ve v\u00fd\u0161i 40.000 K\u010d organizaci KreBul, o. p. s. na projekt Ob\u010dansk\u00e1 poradna Prachatice, deta\u0161ovan\u00e9 pracovi\u0161t\u011b Vimperk dle p\u0159edlo\u017een\u00e9ho n\u00e1vrhu. Vy\u00fa\u010dtov\u00e1n\u00ed dotace je po\u017eadov\u00e1no dolo\u017eit do 31.01.2024.<\/p>\n<p>&nbsp;<\/p>\n<p><strong>Usnesen\u00ed \u010d. 608<\/strong><br \/>\nRada m\u011bsta rozhodla poskytnout dotaci z rozpo\u010dtu odboru soci\u00e1ln\u00edch v\u011bc\u00ed a zdravotnictv\u00ed ve v\u00fd\u0161i 5.000 K\u010d organizaci Centrum H\u00e1jek z. \u00fa. na projekt Soci\u00e1ln\u00ed rehabilitace Centrum H\u00e1jek dle p\u0159edlo\u017een\u00e9ho n\u00e1vrhu. Vy\u00fa\u010dtov\u00e1n\u00ed dotace je po\u017eadov\u00e1no dolo\u017eit do 31.01.2024.<\/p>\n<p>&nbsp;<\/p>\n<p><strong>Usnesen\u00ed \u010d. 609<\/strong><br \/>\nRada m\u011bsta rozhodla poskytnout finan\u010dn\u00ed p\u0159\u00edsp\u011bvek z rozpo\u010dtu odboru soci\u00e1ln\u00edch v\u011bc\u00ed a zdravotnictv\u00ed ve v\u00fd\u0161i 49.500 K\u010d organizaci PREVENT 99 z. \u00fa. na projekt Jiho\u010desk\u00fd streetwork PREVENT, Kontaktn\u00ed centrum PREVENT Prachatice a Adiktologick\u00e1 poradna PREVENT dle p\u0159edlo\u017een\u00e9ho n\u00e1vrhu. Vy\u00fa\u010dtov\u00e1n\u00ed finan\u010dn\u00edho p\u0159\u00edsp\u011bvku je po\u017eadov\u00e1no dolo\u017eit do 31.01.2024.<\/p>\n<p>&nbsp;<\/p>\n<p><strong>Usnesen\u00ed \u010d. 621<\/strong><br \/>\nRada m\u011bsta souhlas\u00ed s \u00fahradou dluhu M. \u0160., kter\u00fd vznikl z d\u016fvodu neplacen\u00ed n\u00e1jemn\u00e9ho v prostoru slou\u017e\u00edc\u00edmu podnik\u00e1n\u00ed \u010d. 304 v ulici 1. m\u00e1je \u010dp. 74 ve Vimperku ve v\u00fd\u0161i 39.767 K\u010d (v\u00fd\u0161e dluhu bez \u00farok\u016f z prodlen\u00ed), dle dohody o spl\u00e1tk\u00e1ch, av\u0161ak rozhodla o uzav\u0159en\u00ed dohody o spl\u00e1tk\u00e1ch tak, aby byl dluh uhrazen do 18 m\u011bs\u00edc\u016f.<\/p>\n<p>&nbsp;<\/p>\n<p><strong>Usnesen\u00ed \u010d. 622<\/strong><br \/>\nRada m\u011bsta rozhodla v souladu s ustanoven\u00edm odst. 7.3., \u010dl. 7. vnit\u0159n\u00ed sm\u011brnice \u010d. 2\/202 o zad\u00e1v\u00e1n\u00ed ve\u0159ejn\u00fdch zak\u00e1zek mal\u00e9ho rozsahu, zadat p\u0159\u00edm\u00fdm zad\u00e1n\u00edm ve\u0159ejnou zak\u00e1zku mal\u00e9ho rozsahu na zpracov\u00e1n\u00ed projektov\u00e9 dokumentace na akci \u201eP\u0159\u00edstupov\u00e9 schodi\u0161t\u011b a skluzavka z ulice Sadov\u00e1 do parku&#8221;.<\/p>\n<p>&nbsp;<\/p>\n<p><strong>Usnesen\u00ed \u010d. 623<\/strong><br \/>\nRada m\u011bsta rozhodla zadat zak\u00e1zku mal\u00e9ho rozsahu na zpracov\u00e1n\u00ed projektov\u00e9 dokumentace na akci \u201eP\u0159\u00edstupov\u00e9 schodi\u0161t\u011b a skluzavka z ulice Sadov\u00e1 do parku&#8221; Ing. Pavlovi Vysko\u010dilovi, \u0160pidrova 87, Vimperk, dle p\u0159edlo\u017een\u00e9ho n\u00e1vrhu a pov\u011b\u0159uje odbor \u017eivotn\u00edho prost\u0159ed\u00ed vystaven\u00edm objedn\u00e1vky.<\/p>\n<p>&nbsp;<\/p>\n<p><strong>Usnesen\u00ed \u010d. 625<\/strong><br \/>\nRada m\u011bsta rozhodla p\u0159id\u011blit dotaci ve v\u00fd\u0161i 3.500 K\u010d Z\u0160 TGM Vimperk, 1. m\u00e1je 268, 385 01 Vimperk na \u00fa\u010dast d\u011bt\u00ed v krajsk\u00e9m kole Poh\u00e1ru rozhlasu. Dotace bude poskytnuta z kapitoly rady m\u011bsta. Rada m\u011bsta po\u017eaduje p\u0159edlo\u017eit vy\u00fa\u010dtov\u00e1n\u00ed dotace do 20.06.2023.<\/p>\n<p>&nbsp;<\/p>\n<p><strong>Usnesen\u00ed \u010d. 626<\/strong><br \/>\nRada m\u011bsta rozhodla p\u0159id\u011blit dotaci ve v\u00fd\u0161i 10.000 K\u010d Z. V., Ka\u0161tanov\u00e1 814, 383 01 Prachatice na zhotoven\u00ed knihy Sportovn\u00ed osobnosti Prachaticka. Dotace bude poskytnuta z kapitoly rady m\u011bsta. Rada m\u011bsta po\u017eaduje p\u0159edlo\u017eit vy\u00fa\u010dtov\u00e1n\u00ed dotace do 30.11.2023.<\/p>\n<p>&nbsp;<\/p>\n<p><strong>Usnesen\u00ed \u010d. 627<\/strong><br \/>\nRada m\u011bsta rozhodla p\u0159id\u011blit dotaci ve v\u00fd\u0161i 6.000 K\u010d \u010cMMJ z. s., Starokas\u00e1rensk\u00e1 192, Prachatice na po\u0159\u00e1d\u00e1n\u00ed v\u00fdstavy trofej\u00ed za mysliveck\u00fd rok 2022 v La\u017ei\u0161t\u00edch. Dotace bude poskytnuta z kapitoly rady m\u011bsta. Rada m\u011bsta po\u017eaduje p\u0159edlo\u017eit vy\u00fa\u010dtov\u00e1n\u00ed dotace do 30.06.2023 spole\u010dn\u011b s vy\u00fa\u010dtov\u00e1n\u00ed celkov\u00fdch n\u00e1klad\u016f.<\/p>\n<p>&nbsp;<\/p>\n<p><strong>Usnesen\u00ed \u010d. 628<\/strong><br \/>\nRada m\u011bsta rozhodla p\u0159id\u011blit dotaci ve v\u00fd\u0161i 7.000 K\u010d TJ \u0160umavan Vimperk, 1. m\u00e1je 321, 385 01 Vimperk na po\u0159\u00e1d\u00e1n\u00ed fotbalov\u00e9ho turnaje Rohde &amp; Schwarz Cup 2023. Dotace bude poskytnuta z kapitoly rady m\u011bsta. Rada m\u011bsta po\u017eaduje p\u0159edlo\u017eit vy\u00fa\u010dtov\u00e1n\u00ed dotace do 31.08.2023.<\/p>\n<p>&nbsp;<\/p>\n<p><strong>Usnesen\u00ed \u010d. 629<\/strong><br \/>\nRada m\u011bsta rozhodla p\u0159id\u011blit dotaci ve v\u00fd\u0161i 5.000 K\u010d S\u0160 a Z\u0160 Vimperk, Nerudova 267, 385 01 Vimperk na po\u0159\u00e1d\u00e1n\u00ed netradi\u010dn\u00edho sportovn\u00edho dne \u201eI s handicapem jako ryba ve vod\u011b\u201c pro \u017e\u00e1ky speci\u00e1ln\u00edch \u0161kol, konan\u00fd dne 20.06.2023 Dotace bude poskytnuta z kapitoly rady m\u011bsta. Rada m\u011bsta po\u017eaduje p\u0159edlo\u017eit vy\u00fa\u010dtov\u00e1n\u00ed dotace do 31.07.2023.<\/p>\n<p>&nbsp;<\/p>\n<p>&nbsp;<\/p>\n<p><strong>Zdroj: M\u011aSTO VIMPERK<\/strong><\/p>\n<p>&nbsp;<\/p>\n<p><strong>(red)<\/strong><\/p>\n<p>Ilustra\u010dn\u00ed foto: archiv (red) \u2013 Za kr\u00e1sn\u011bj\u0161\u00ed Vimperk<\/p>\n<h6><a href=\"https:\/\/www.vimperk.cz\/zapisy-ze-zasedani-rady\/ds-1128\/p1=9521\" target=\"_blank\" rel=\"noopener\">Cel\u00fd z\u00e1pis z jedn\u00e1n\u00ed<\/a><\/h6>\n<hr \/>\n<p>&nbsp;<\/p>\n<p>&nbsp;<\/p>\n","protected":false},"excerpt":{"rendered":"<p>&nbsp; Rada <\/p>\n","protected":false},"author":2,"featured_media":150108,"comment_status":"open","ping_status":"open","sticky":false,"template":"","format":"gallery","meta":{"footnotes":""},"categories":[115],"tags":[],"jetpack_featured_media_url":"https:\/\/zakrasnejsivimperk.cz\/wp-content\/uploads\/2019\/01\/12\/dokument-1.png","_links":{"self":[{"href":"https:\/\/zakrasnejsivimperk.cz\/index.php?rest_route=\/wp\/v2\/posts\/280506"}],"collection":[{"href":"https:\/\/zakrasnejsivimperk.cz\/index.php?rest_route=\/wp\/v2\/posts"}],"about":[{"href":"https:\/\/zakrasnejsivimperk.cz\/index.php?rest_route=\/wp\/v2\/types\/post"}],"author":[{"embeddable":true,"href":"https:\/\/zakrasnejsivimperk.cz\/index.php?rest_route=\/wp\/v2\/users\/2"}],"replies":[{"embeddable":true,"href":"https:\/\/zakrasnejsivimperk.cz\/index.php?rest_route=%2Fwp%2Fv2%2Fcomments&post=280506"}],"version-history":[{"count":1,"href":"https:\/\/zakrasnejsivimperk.cz\/index.php?rest_route=\/wp\/v2\/posts\/280506\/revisions"}],"predecessor-version":[{"id":280507,"href":"https:\/\/zakrasnejsivimperk.cz\/index.php?rest_route=\/wp\/v2\/posts\/280506\/revisions\/280507"}],"wp:featuredmedia":[{"embeddable":true,"href":"https:\/\/zakrasnejsivimperk.cz\/index.php?rest_route=\/wp\/v2\/media\/150108"}],"wp:attachment":[{"href":"https:\/\/zakrasnejsivimperk.cz\/index.php?rest_route=%2Fwp%2Fv2%2Fmedia&parent=280506"}],"wp:term":[{"taxonomy":"category","embeddable":true,"href":"https:\/\/zakrasnejsivimperk.cz\/index.php?rest_route=%2Fwp%2Fv2%2Fcategories&post=280506"},{"taxonomy":"post_tag","embeddable":true,"href":"https:\/\/zakrasnejsivimperk.cz\/index.php?rest_route=%2Fwp%2Fv2%2Ftags&post=280506"}],"curies":[{"name":"wp","href":"https:\/\/api.w.org\/{rel}","templated":true}]}}