{"id":280422,"date":"2023-06-05T21:20:55","date_gmt":"2023-06-05T20:20:55","guid":{"rendered":"https:\/\/zakrasnejsivimperk.cz\/?p=280422"},"modified":"2023-06-07T16:43:37","modified_gmt":"2023-06-07T15:43:37","slug":"jizni-cechy-vimperk-dopoledni-program-premiera-petra-fialy-a-clenu-vlady-pred-vyjezdnim-zasedanim-ve-vimperku","status":"publish","type":"post","link":"https:\/\/zakrasnejsivimperk.cz\/?p=280422","title":{"rendered":"JI\u017dN\u00cd \u010cECHY &#8211; VIMPERK: Dopoledn\u00ed program premi\u00e9ra Petra Fialy a \u010dlen\u016f vl\u00e1dy p\u0159ed v\u00fdjezdn\u00edm zased\u00e1n\u00edm ve Vimperku"},"content":{"rendered":"<p><img loading=\"lazy\" decoding=\"async\" class=\"aligncenter wp-image-204506 size-full\" src=\"https:\/\/zakrasnejsivimperk.cz\/wp-content\/uploads\/2020\/09\/30\/vl\u00e1da-\u010dr-logo.jpg\" alt=\"\" width=\"498\" height=\"191\" srcset=\"https:\/\/zakrasnejsivimperk.cz\/wp-content\/uploads\/2020\/09\/30\/vl\u00e1da-\u010dr-logo.jpg 498w, https:\/\/zakrasnejsivimperk.cz\/wp-content\/uploads\/2020\/09\/30\/vl\u00e1da-\u010dr-logo-300x115.jpg 300w\" sizes=\"(max-width: 498px) 100vw, 498px\" \/><\/p>\n<p>&nbsp;<\/p>\n<h3 style=\"text-align: center;\">P\u0159edseda vl\u00e1dy Petr Fiala a \u010dlenov\u00e9 vl\u00e1dy nav\u0161t\u00edv\u00ed ve st\u0159edu 7. \u010dervna p\u0159ed zased\u00e1n\u00edm vl\u00e1dy ve Vimperku n\u011bkolik m\u00edst v Jiho\u010desk\u00e9m kraji.<\/h3>\n<p>&nbsp;<\/p>\n<h4>Program p\u0159edsedy vl\u00e1dy<\/h4>\n<p><strong>9.30\u201310.00 kontroln\u00ed den obchvatu d\u00e1lnice D3\u00a0<\/strong>(spole\u010dn\u011b s\u00a0ministrem dopravy \u010cR)<\/p>\n<p>M\u00edsto: tunel Poh\u016frka, Srubec<\/p>\n<p><strong>10.15\u201310.35 n\u00e1v\u0161t\u011bva V\u00fdstavi\u0161t\u011b \u010cesk\u00e9 Bud\u011bjovice\u00a0<\/strong>(spole\u010dn\u011b s\u00a0ministrem zem\u011bd\u011blstv\u00ed \u010cR)<\/p>\n<p>M\u00edsto: Husova 523\/30, \u010cesk\u00e9 Bud\u011bjovice<\/p>\n<p><strong>10.35-10.50 \u2013 tiskov\u00e1 konference p\u0159edsedy vl\u00e1dy, ministra zem\u011bd\u011blstv\u00ed, hejtmana Jiho\u010desk\u00e9ho kraje a prim\u00e1torky m\u011bsta \u010cesk\u00e9 Bud\u011bjovice<\/strong><\/p>\n<p><strong>11.00\u201312.25 \u2013 n\u00e1v\u0161t\u011bva Nemocnice \u010cesk\u00e9 Bud\u011bjovice<\/strong><\/p>\n<p>M\u00edsto: B. N\u011bmcov\u00e9 585\/54, \u010cesk\u00e9 Bud\u011bjovice<\/p>\n<h6><em><strong>13.20 \u2013 setk\u00e1n\u00ed se starostkou m\u011bsta Vimperka<\/strong><\/em><\/h6>\n<h6><em>M\u00edsto: M\u011bstsk\u00fd \u00fa\u0159ad Vimperk, Steinbrenerova 6\/2, Vimperk<\/em><\/h6>\n<p>&nbsp;<\/p>\n<p>&nbsp;<\/p>\n<h4>Orienta\u010dn\u00ed p\u0159ehled programu jednotliv\u00fdch \u010dlen\u016f vl\u00e1dy<\/h4>\n<p>&nbsp;<\/p>\n<h6><strong>1. vicepremi\u00e9r a ministr vnitra<\/strong><\/h6>\n<p><strong>10.00\u201311.00 n\u00e1v\u0161t\u011bva OO Policie \u010cR ve Vimperku<\/strong><\/p>\n<p><strong>11.00\u201312.00 n\u00e1v\u0161t\u011bva HZS ve Vimperku<\/strong><\/p>\n<p>&nbsp;<\/p>\n<h6><strong>Vicepremi\u00e9r a ministr pr\u00e1ce a soci\u00e1ln\u00edch v\u011bc\u00ed<\/strong><\/h6>\n<p>11.00 n\u00e1v\u0161t\u011bva Hospice sv. Jana N. Neumanna o. p. s.<\/p>\n<p>11.30\u201313.30 setk\u00e1n\u00ed a diskuze s poskytovateli soci\u00e1ln\u00edch slu\u017eeb J\u010c \u2013 ve Vzd\u011bl\u00e1vac\u00edm Institutu Prachatice, o. p. s.<\/p>\n<p>&nbsp;<\/p>\n<h6><strong>Vicepremi\u00e9r a ministr zdravotnictv\u00ed<\/strong><\/h6>\n<p>10.30\u201311.45 n\u00e1v\u0161t\u011bva Nemocnice Strakonice (spole\u010dn\u00fd program s\u00a0ministrem financ\u00ed)<\/p>\n<p>12.05\u201312.50 n\u00e1v\u0161t\u011bva Hospice Athelas v P\u00edsku<\/p>\n<p>&nbsp;<\/p>\n<h6><strong>Ministr financ\u00ed<\/strong><\/h6>\n<p>9.30\u201310.30 firma SAGE, Strakonice \u2013 n\u00e1v\u0161t\u011bva v\u00fdzkumn\u00e9ho centra + debata s veden\u00edm<\/p>\n<p>10.30\u201311.30 n\u00e1v\u0161t\u011bva Nemocnice Strakonice (spole\u010dn\u00fd program s\u00a0ministrem zdravotnictv\u00ed)<\/p>\n<p>12.15\u201312.50\u00a0 n\u00e1v\u0161t\u011bva Prachatic (spole\u010dn\u00fd program s ministrem kultury)<\/p>\n<p>&nbsp;<\/p>\n<h6><strong>Ministryn\u011b obrany<\/strong><\/h6>\n<p>10.30\u201312.00 n\u00e1v\u0161t\u011bva ministryn\u011b obrany Jany \u010cernochov\u00e9 15. \u017eenijn\u00edho pluku v\u00a0Bechyni<\/p>\n<p>&nbsp;<\/p>\n<h6><strong>Ministr zahrani\u010dn\u00edch v\u011bc\u00ed<\/strong><\/h6>\n<p>11.30\u201313.00 n\u00e1v\u0161t\u011bva Gymn\u00e1zia P\u00edsek a debata se studenty<\/p>\n<p>&nbsp;<\/p>\n<h6><strong>Ministr pr\u016fmyslu a obchodu<\/strong><\/h6>\n<p><strong>11.30\u201312.30 n\u00e1v\u0161t\u011bva spole\u010dnosti Rohde &amp; Schwarz ve Vimperku<\/strong><\/p>\n<p>&nbsp;<\/p>\n<h6><strong>Ministr dopravy<\/strong><\/h6>\n<p>9.30\u201310.00 kontroln\u00ed den stavby obchvatu d\u00e1lnice D3, tunel Poh\u016frka, Srubec<\/p>\n<p>&nbsp;<\/p>\n<h6><strong>Ministr \u0161kolstv\u00ed, ml\u00e1de\u017ee a t\u011blov\u00fdchovy<\/strong><\/h6>\n<p><strong>10.00 n\u00e1v\u0161t\u011bva Z\u0160 Vimperk, Smetanova ulice \u010dp. 405, Vimperk<\/strong><\/p>\n<p><strong>11.00 n\u00e1v\u0161t\u011bva Z\u0160 TGM Vimperk, ulice 1. m\u00e1je \u010dp. 268<\/strong><\/p>\n<p>&nbsp;<\/p>\n<h6><strong>Ministr zem\u011bd\u011blstv\u00ed<\/strong><\/h6>\n<p>8.00\u20139.30 n\u00e1v\u0161t\u011bva Bud\u011bjovick\u00e9ho Budvaru<\/p>\n<p>10.15\u201310.35 n\u00e1v\u0161t\u011bva V\u00fdstavi\u0161t\u011b \u010cesk\u00e9 Bud\u011bjovice<\/p>\n<p>10.35\u201310.50\u00a0tiskov\u00e1 konference p\u0159edsedy vl\u00e1dy, ministra zem\u011bd\u011blstv\u00ed, hejtmana Jiho\u010desk\u00e9ho kraje a prim\u00e1torky m\u011bsta \u010cesk\u00e9 Bud\u011bjovice<\/p>\n<p>&nbsp;<\/p>\n<h6><strong>Ministr \u017eivotn\u00edho prost\u0159ed<\/strong><strong>\u00ed<\/strong><\/h6>\n<p>8.00\u20138.30 NP \u0160umava, Vl\u010d\u00ed J\u00e1my<\/p>\n<p>9.00\u201310.00 revitalizace po b\u00fdval\u00e9 t\u011b\u017eb\u011b ra\u0161eliny + p\u0159esun do Sto\u017ece se zast\u00e1vkou v lese (k\u016frovec)<\/p>\n<p>10.00\u201310.40 setk\u00e1n\u00ed s d\u011btmi ve St\u0159edisku environment\u00e1ln\u00ed v\u00fdchovy Sto\u017eec<\/p>\n<p>&nbsp;<\/p>\n<h6><strong>Ministr kultury<\/strong><\/h6>\n<p><strong>10.15\u201311.45 n\u00e1v\u0161t\u011bva St\u00e1tn\u00edho z\u00e1mku Vimperk<\/strong><\/p>\n<p>12.15\u201313.30 n\u00e1v\u0161t\u011bva radnice Prachatice (spole\u010dn\u00fd program s\u00a0ministrem financ\u00ed)<\/p>\n<p>&nbsp;<\/p>\n<h6><strong>Ministr pro evropsk\u00e9 z\u00e1le\u017eitosti<\/strong><\/h6>\n<p>10.00\u201311.00 setk\u00e1n\u00ed s rozvojov\u00fdmi agenturami, MAS a z\u00e1stupci euroregionu (i z rakousk\u00fdch obc\u00ed)<\/p>\n<p><strong>11.30\u201312.15 sezn\u00e1men\u00ed se s viz\u00ed muzea p\u0159ipom\u00ednaj\u00edc\u00edho historii vztah\u016f \u010cech\u016f a N\u011bmc\u016f \u2013 prohl\u00eddka Steinbrenerov\u00fdch dom\u016f<\/strong><\/p>\n<p>&nbsp;<\/p>\n<h6><strong>Ministryn\u011b pro v\u011bdu, v\u00fdzkum a inovace<\/strong><\/h6>\n<p><strong>10.00\u201311.00 n\u00e1v\u0161t\u011bva spole\u010dnosti Rohde &amp;Schwarz ve Vimperku, kter\u00e1 vyr\u00e1b\u00ed a prod\u00e1v\u00e1 inovativn\u00ed produkty v oblasti m\u011b\u0159ic\u00ed, vys\u00edlac\u00ed a medi\u00e1ln\u00ed techniky, kybernetick\u00e9 bezpe\u010dnosti a tak\u00e9 v oblasti monitorov\u00e1n\u00ed a testov\u00e1n\u00ed s\u00edt\u00ed. Ministryn\u011b Lang\u0161\u00e1dlov\u00e1 bude jednat o technologick\u00fdch inovac\u00edch, spolupr\u00e1ci s \u010desk\u00fdmi v\u011bdeck\u00fdmi kapacitami a spolupr\u00e1ci v oblasti odborn\u00e9ho vzd\u011bl\u00e1v\u00e1n\u00ed.<\/strong><\/p>\n<p>&nbsp;<\/p>\n<h6><strong>Ministr pro legislativu a\u00a0<\/strong><strong>p\u0159edseda Legislativn\u00ed rady vl\u00e1dy<\/strong><\/h6>\n<p>10.00\u201311.30 p\u0159edn\u00e1\u0161ka na t\u00e9ma \u201eTajemn\u00e1 z\u00e1kout\u00ed legislativn\u00edho procesu\u201c a n\u00e1sledn\u011b beseda se studenty na Ekonomick\u00e9 fakult\u011b Jiho\u010desk\u00e9 univerzity v\u00a0\u010cesk\u00fdch Bud\u011bjovic\u00edch<\/p>\n<p>&nbsp;<\/p>\n<p><strong>Zdroj: VL\u00c1DA \u010cR<\/strong><\/p>\n<hr \/>\n<p>&nbsp;<\/p>\n<p>&nbsp;<\/p>\n","protected":false},"excerpt":{"rendered":"<p>&nbsp; P\u0159edseda <\/p>\n","protected":false},"author":2,"featured_media":280426,"comment_status":"open","ping_status":"open","sticky":false,"template":"","format":"gallery","meta":{"footnotes":""},"categories":[107,108],"tags":[],"jetpack_featured_media_url":"https:\/\/zakrasnejsivimperk.cz\/wp-content\/uploads\/2023\/06\/05\/ram-program-xx.jpg","_links":{"self":[{"href":"https:\/\/zakrasnejsivimperk.cz\/index.php?rest_route=\/wp\/v2\/posts\/280422"}],"collection":[{"href":"https:\/\/zakrasnejsivimperk.cz\/index.php?rest_route=\/wp\/v2\/posts"}],"about":[{"href":"https:\/\/zakrasnejsivimperk.cz\/index.php?rest_route=\/wp\/v2\/types\/post"}],"author":[{"embeddable":true,"href":"https:\/\/zakrasnejsivimperk.cz\/index.php?rest_route=\/wp\/v2\/users\/2"}],"replies":[{"embeddable":true,"href":"https:\/\/zakrasnejsivimperk.cz\/index.php?rest_route=%2Fwp%2Fv2%2Fcomments&post=280422"}],"version-history":[{"count":2,"href":"https:\/\/zakrasnejsivimperk.cz\/index.php?rest_route=\/wp\/v2\/posts\/280422\/revisions"}],"predecessor-version":[{"id":280425,"href":"https:\/\/zakrasnejsivimperk.cz\/index.php?rest_route=\/wp\/v2\/posts\/280422\/revisions\/280425"}],"wp:featuredmedia":[{"embeddable":true,"href":"https:\/\/zakrasnejsivimperk.cz\/index.php?rest_route=\/wp\/v2\/media\/280426"}],"wp:attachment":[{"href":"https:\/\/zakrasnejsivimperk.cz\/index.php?rest_route=%2Fwp%2Fv2%2Fmedia&parent=280422"}],"wp:term":[{"taxonomy":"category","embeddable":true,"href":"https:\/\/zakrasnejsivimperk.cz\/index.php?rest_route=%2Fwp%2Fv2%2Fcategories&post=280422"},{"taxonomy":"post_tag","embeddable":true,"href":"https:\/\/zakrasnejsivimperk.cz\/index.php?rest_route=%2Fwp%2Fv2%2Ftags&post=280422"}],"curies":[{"name":"wp","href":"https:\/\/api.w.org\/{rel}","templated":true}]}}