{"id":280301,"date":"2023-06-14T14:07:10","date_gmt":"2023-06-14T13:07:10","guid":{"rendered":"https:\/\/zakrasnejsivimperk.cz\/?p=280301"},"modified":"2023-06-17T19:59:29","modified_gmt":"2023-06-17T18:59:29","slug":"na-cestach-bezvadne-a-bezbarierove-v-jiznich-cechach","status":"publish","type":"post","link":"https:\/\/zakrasnejsivimperk.cz\/?p=280301","title":{"rendered":"NA CEST\u00c1CH: Bezvadn\u011b a bezbari\u00e9rov\u011b v ji\u017en\u00edch \u010cech\u00e1ch"},"content":{"rendered":"<figure id=\"attachment_280304\" aria-describedby=\"caption-attachment-280304\" style=\"width: 1040px\" class=\"wp-caption aligncenter\"><img loading=\"lazy\" decoding=\"async\" class=\"wp-image-280304 size-full\" src=\"https:\/\/zakrasnejsivimperk.cz\/wp-content\/uploads\/2023\/06\/03\/krumlov-vyhlidka.jpg\" alt=\"\" width=\"1040\" height=\"534\" srcset=\"https:\/\/zakrasnejsivimperk.cz\/wp-content\/uploads\/2023\/06\/03\/krumlov-vyhlidka.jpg 1040w, https:\/\/zakrasnejsivimperk.cz\/wp-content\/uploads\/2023\/06\/03\/krumlov-vyhlidka-300x154.jpg 300w, https:\/\/zakrasnejsivimperk.cz\/wp-content\/uploads\/2023\/06\/03\/krumlov-vyhlidka-1024x526.jpg 1024w, https:\/\/zakrasnejsivimperk.cz\/wp-content\/uploads\/2023\/06\/03\/krumlov-vyhlidka-768x394.jpg 768w, https:\/\/zakrasnejsivimperk.cz\/wp-content\/uploads\/2023\/06\/03\/krumlov-vyhlidka-695x357.jpg 695w, https:\/\/zakrasnejsivimperk.cz\/wp-content\/uploads\/2023\/06\/03\/krumlov-vyhlidka-941x483.jpg 941w\" sizes=\"(max-width: 1040px) 100vw, 1040px\" \/><figcaption id=\"caption-attachment-280304\" class=\"wp-caption-text\">\u010cesk\u00fd Krumlov &#8211; vyhl\u00eddka<\/figcaption><\/figure>\n<p>&nbsp;<\/p>\n<h6>Cestov\u00e1n\u00ed p\u0159in\u00e1\u0161\u00ed mnoho r\u016fzn\u00fdch v\u00fdzev. A pokud pou\u017e\u00edv\u00e1te invalidn\u00ed voz\u00edk nebo cestujete s d\u00edt\u011btem v ko\u010d\u00e1rku, v\u00fdzvy jsou mnohem v\u011bt\u0161\u00ed. V ji\u017en\u00edch \u010cech\u00e1ch je k dispozici spousta m\u00edst, na kter\u00fdch v\u00e1s bari\u00e9ry nebudou zbyte\u010dn\u011b konfrontovat s hendikepem. Bez starost\u00ed si zde ka\u017ed\u00fd m\u016f\u017ee u\u017e\u00edt to, co o\u010dek\u00e1v\u00e1. Od sportu, pozn\u00e1v\u00e1n\u00ed pam\u00e1tek a p\u0159\u00edrody, a\u017e po relax a na\u010derp\u00e1n\u00ed energie.<\/h6>\n<p><em><img loading=\"lazy\" decoding=\"async\" class=\"size-medium wp-image-119660 alignright\" src=\"https:\/\/zakrasnejsivimperk.cz\/wp-content\/uploads\/2018\/01\/11\/jccr-300x225.jpg\" alt=\"\" width=\"300\" height=\"225\" srcset=\"https:\/\/zakrasnejsivimperk.cz\/wp-content\/uploads\/2018\/01\/11\/jccr-300x225.jpg 300w, https:\/\/zakrasnejsivimperk.cz\/wp-content\/uploads\/2018\/01\/11\/jccr-768x576.jpg 768w, https:\/\/zakrasnejsivimperk.cz\/wp-content\/uploads\/2018\/01\/11\/jccr-476x357.jpg 476w, https:\/\/zakrasnejsivimperk.cz\/wp-content\/uploads\/2018\/01\/11\/jccr-644x483.jpg 644w, https:\/\/zakrasnejsivimperk.cz\/wp-content\/uploads\/2018\/01\/11\/jccr.jpg 800w\" sizes=\"(max-width: 300px) 100vw, 300px\" \/>&#8220;M\u00fdm c\u00edlem je, aby se v ji\u017en\u00edch \u010cech\u00e1ch v\u0161ichni c\u00edtili jako doma a aby i lid\u00e9 s omezenou pohyblivost\u00ed mohli pln\u011b vyu\u017e\u00edt kr\u00e1s na\u0161eho kraje. Proto jsme spole\u010dn\u011b s Jiho\u010deskou centr\u00e1lu cestovn\u00edho ruchu (JCCR) vybrali \u0159adu zaj\u00edmav\u00fdch m\u00edst, kter\u00e1 jsou bezbari\u00e9rov\u011b p\u0159\u00edstupn\u00e1,<\/em> &#8221; uv\u00e1d\u00ed n\u00e1m\u011bstek hejtmana Jiho\u010desk\u00e9ho kraje, Franti\u0161ek Tal\u00ed\u0159.<\/p>\n<p>V ji\u017en\u00edch \u010cech\u00e1ch vznik\u00e1 ka\u017ed\u00fdm rokem \u010d\u00edm d\u00e1l v\u00edce m\u00edst a mo\u017enost\u00ed pro bezbari\u00e9rovou n\u00e1v\u0161t\u011bvu, mnoho dechberouc\u00edch v\u00fdlet\u016f je tak p\u0159\u00edstupn\u00fdch i lidem s omezenou schopnost\u00ed pohybu<\/p>\n<p><em>&#8220;Na\u0161e nab\u00eddka bezbari\u00e9rov\u00fdch turistick\u00fdch c\u00edl\u016f a tip\u016f na v\u00fdlety je rozmanit\u00e1 a pestr\u00e1, tak\u017ee si zde mohou vybrat jak rodiny s d\u011btmi, tak i senio\u0159i \u010di skupiny s hendikepovan\u00fdmi \u010dleny. R\u00e1di bychom t\u00edmto p\u0159\u00edstupem podpo\u0159ili turistiku pro v\u0161echny a zv\u00fd\u0161ili kvalitu slu\u017eeb pro na\u0161e n\u00e1v\u0161t\u011bvn\u00edky,&#8221;<\/em> dopl\u0148uje \u0159editel JCCR, Petr Soukup.<\/p>\n<p>Historick\u00e9 pam\u00e1tky jsou jedn\u00edm z poklad\u016f ji\u017en\u00edch \u010cech. St\u0159edov\u011bk\u00e1 centra m\u011bst, hrad\u016f a z\u00e1mk\u016f, u nich\u017e se v minulosti o bezbari\u00e9rov\u00e9 p\u0159\u00edstupnosti neuva\u017eovalo. Postupn\u00e9 opravy a rekonstrukce t\u011bchto m\u00edst v\u0161ak upravila podm\u00ednky t\u011bchto m\u00edst tak, aby vyhovovala pot\u0159eb\u00e1m v\u0161ech.<\/p>\n<p>Mezi bezbari\u00e9rov\u00e9 dominanty pat\u0159\u00ed nap\u0159\u00edklad \u010cesk\u00e9 Bud\u011bjovice, \u010cesk\u00fd Krumlov nebo T\u0159ebo\u0148. Nav\u0161t\u00edvit m\u016f\u017eete tak\u00e9 z\u00e1mek Hlubok\u00e1 nad Vltavou, proj\u00edt se proch\u00e1zkou po nau\u010dn\u00e9 stezce Toulava, na \u0160umav\u011b, kolem rybn\u00edka Bezdrev, v z\u00e1meck\u00e9m parku v Blatn\u00e9 nebo nav\u0161t\u00edvit n\u011bkter\u00e1 z m\u00edstn\u00edch muze\u00ed.<\/p>\n<p>Tak\u00e9 aktivn\u00ed sportovci na jihu \u010cech naleznou \u010detn\u00e9 atrakce jako unik\u00e1tn\u00ed m\u00edsta pro workout. Vyzkou\u0161et m\u016f\u017eete nap\u0159\u00edklad handbike nebo paddleboard v Hlubok\u00e9 nad Vltavou. Za z\u00e1bavou m\u016f\u017eete vyrazit nap\u0159\u00edklad na ot\u00e1\u010div\u00e9 hledi\u0161t\u011b v \u010cesk\u00e9m Krumlov\u011b nebo do n\u011bkter\u00e9 z jiho\u010desk\u00fdch zoologick\u00fdch zahrad.<\/p>\n<p>V\u00edce spokojen\u00fdch aktivn\u00edch rodin s handicapovan\u00fdmi d\u011btmi, otev\u0159en\u00fd sportovn\u00ed are\u00e1l bez p\u0159ek\u00e1\u017eek, nav\u00edc zadarmo, a to pro celou rodinu bez ohledu na zdravotn\u00ed stav. To je v\u00fdsledek t\u00e9m\u011b\u0159 desetilet\u00e9ho trv\u00e1n\u00ed projektu Lipno bez bari\u00e9r, na kter\u00e9m se pod\u00edl\u00ed n\u011bkolik lipensk\u00fdch podnikatel\u016f. D\u00edky projektu Lipno bez bari\u00e9r mohou handicapovan\u00ed pro\u017e\u00edt plnohodnotn\u011b svou dovolenou na Lipn\u011b v jak\u00e9mkoliv ro\u010dn\u00edm obdob\u00ed. V l\u00e9t\u011b je mo\u017en\u00e9 zdarma vyzkou\u0161et si j\u00edzdu na handbic\u00edch a tandemov\u00fdch kolech, j\u00edzdu na bezbari\u00e9rov\u00e9m elektro\u010dlunu, vstup na Stezku korunami strom\u016f, bobovou dr\u00e1hu, a na z\u00e1v\u011br baz\u00e9n.<\/p>\n<p>Jiho\u010desk\u00fd kraj p\u0159edstavuje mnohem v\u00edce bezbari\u00e9rov\u00fdch turistick\u00fdch c\u00edl\u016f a tip\u016f na v\u00fdlety, kter\u00e9 jsou vhodn\u00e9 nejen pro voz\u00ed\u010dk\u00e1\u0159e a osoby s omezenou pohyblivost\u00ed, ale tak\u00e9 pro maminky s ko\u010d\u00e1rky. V\u0161echny atrakce lze nal\u00e9zt na webov\u00e9 str\u00e1nce <strong><a href=\"https:\/\/www.jiznicechy.cz\/top\/86-vozickar-vozickari-o-jiznich-cechach?fbclid=IwAR2_E7DEI3I4siukfNMFsThGuoAwB0RsNn0BU2OUG8891uRxL9fs708PegU&amp;utm_source=TZ&amp;utm_medium=TZ&amp;utm_campaign=Bezbari%C3%A9rov%C3%A9&amp;utm_term=online,+print\" target=\"_blank\" rel=\"noopener\">bit.ly\/jizni_cechy_bezbarierove<\/a>.<\/strong><\/p>\n<p>&nbsp;<\/p>\n<p><strong>Text a foto: (tz-jccr)<\/strong><\/p>\n<p>&nbsp;<\/p>\n<figure id=\"attachment_280306\" aria-describedby=\"caption-attachment-280306\" style=\"width: 504px\" class=\"wp-caption aligncenter\"><img loading=\"lazy\" decoding=\"async\" class=\"wp-image-280306 size-full\" src=\"https:\/\/zakrasnejsivimperk.cz\/wp-content\/uploads\/2023\/06\/03\/trebon.jpg\" alt=\"\" width=\"504\" height=\"757\" srcset=\"https:\/\/zakrasnejsivimperk.cz\/wp-content\/uploads\/2023\/06\/03\/trebon.jpg 504w, https:\/\/zakrasnejsivimperk.cz\/wp-content\/uploads\/2023\/06\/03\/trebon-200x300.jpg 200w, https:\/\/zakrasnejsivimperk.cz\/wp-content\/uploads\/2023\/06\/03\/trebon-238x357.jpg 238w, https:\/\/zakrasnejsivimperk.cz\/wp-content\/uploads\/2023\/06\/03\/trebon-322x483.jpg 322w\" sizes=\"(max-width: 504px) 100vw, 504px\" \/><figcaption id=\"caption-attachment-280306\" class=\"wp-caption-text\">T\u0159ebo\u0148<\/figcaption><\/figure>\n<p>&nbsp;<\/p>\n<figure id=\"attachment_280303\" aria-describedby=\"caption-attachment-280303\" style=\"width: 1040px\" class=\"wp-caption aligncenter\"><img loading=\"lazy\" decoding=\"async\" class=\"wp-image-280303 size-full\" src=\"https:\/\/zakrasnejsivimperk.cz\/wp-content\/uploads\/2023\/06\/03\/krumlov-otacko.jpg\" alt=\"\" width=\"1040\" height=\"644\" srcset=\"https:\/\/zakrasnejsivimperk.cz\/wp-content\/uploads\/2023\/06\/03\/krumlov-otacko.jpg 1040w, https:\/\/zakrasnejsivimperk.cz\/wp-content\/uploads\/2023\/06\/03\/krumlov-otacko-300x186.jpg 300w, https:\/\/zakrasnejsivimperk.cz\/wp-content\/uploads\/2023\/06\/03\/krumlov-otacko-1024x634.jpg 1024w, https:\/\/zakrasnejsivimperk.cz\/wp-content\/uploads\/2023\/06\/03\/krumlov-otacko-768x476.jpg 768w, https:\/\/zakrasnejsivimperk.cz\/wp-content\/uploads\/2023\/06\/03\/krumlov-otacko-577x357.jpg 577w, https:\/\/zakrasnejsivimperk.cz\/wp-content\/uploads\/2023\/06\/03\/krumlov-otacko-780x483.jpg 780w\" sizes=\"(max-width: 1040px) 100vw, 1040px\" \/><figcaption id=\"caption-attachment-280303\" class=\"wp-caption-text\">\u010cesk\u00fd Krumlov &#8211; ot\u00e1\u010div\u00e9 hledi\u0161t\u011b<\/figcaption><\/figure>\n<p>&nbsp;<\/p>\n<figure id=\"attachment_280305\" aria-describedby=\"caption-attachment-280305\" style=\"width: 1050px\" class=\"wp-caption aligncenter\"><img loading=\"lazy\" decoding=\"async\" class=\"wp-image-280305 size-full\" src=\"https:\/\/zakrasnejsivimperk.cz\/wp-content\/uploads\/2023\/06\/03\/lipno.jpg\" alt=\"\" width=\"1050\" height=\"700\" srcset=\"https:\/\/zakrasnejsivimperk.cz\/wp-content\/uploads\/2023\/06\/03\/lipno.jpg 1050w, https:\/\/zakrasnejsivimperk.cz\/wp-content\/uploads\/2023\/06\/03\/lipno-300x200.jpg 300w, https:\/\/zakrasnejsivimperk.cz\/wp-content\/uploads\/2023\/06\/03\/lipno-1024x683.jpg 1024w, https:\/\/zakrasnejsivimperk.cz\/wp-content\/uploads\/2023\/06\/03\/lipno-768x512.jpg 768w, https:\/\/zakrasnejsivimperk.cz\/wp-content\/uploads\/2023\/06\/03\/lipno-536x357.jpg 536w, https:\/\/zakrasnejsivimperk.cz\/wp-content\/uploads\/2023\/06\/03\/lipno-725x483.jpg 725w\" sizes=\"(max-width: 1050px) 100vw, 1050px\" \/><figcaption id=\"caption-attachment-280305\" class=\"wp-caption-text\">Lipno nad Vltavou<\/figcaption><\/figure>\n<hr \/>\n<p>&nbsp;<\/p>\n<p>&nbsp;<\/p>\n","protected":false},"excerpt":{"rendered":"<p>&nbsp; Cestov\u00e1n\u00ed <\/p>\n","protected":false},"author":2,"featured_media":280309,"comment_status":"open","ping_status":"open","sticky":false,"template":"","format":"gallery","meta":{"footnotes":""},"categories":[72,151,107],"tags":[],"jetpack_featured_media_url":"https:\/\/zakrasnejsivimperk.cz\/wp-content\/uploads\/2023\/06\/03\/ram-bezvadne.jpg","_links":{"self":[{"href":"https:\/\/zakrasnejsivimperk.cz\/index.php?rest_route=\/wp\/v2\/posts\/280301"}],"collection":[{"href":"https:\/\/zakrasnejsivimperk.cz\/index.php?rest_route=\/wp\/v2\/posts"}],"about":[{"href":"https:\/\/zakrasnejsivimperk.cz\/index.php?rest_route=\/wp\/v2\/types\/post"}],"author":[{"embeddable":true,"href":"https:\/\/zakrasnejsivimperk.cz\/index.php?rest_route=\/wp\/v2\/users\/2"}],"replies":[{"embeddable":true,"href":"https:\/\/zakrasnejsivimperk.cz\/index.php?rest_route=%2Fwp%2Fv2%2Fcomments&post=280301"}],"version-history":[{"count":3,"href":"https:\/\/zakrasnejsivimperk.cz\/index.php?rest_route=\/wp\/v2\/posts\/280301\/revisions"}],"predecessor-version":[{"id":280308,"href":"https:\/\/zakrasnejsivimperk.cz\/index.php?rest_route=\/wp\/v2\/posts\/280301\/revisions\/280308"}],"wp:featuredmedia":[{"embeddable":true,"href":"https:\/\/zakrasnejsivimperk.cz\/index.php?rest_route=\/wp\/v2\/media\/280309"}],"wp:attachment":[{"href":"https:\/\/zakrasnejsivimperk.cz\/index.php?rest_route=%2Fwp%2Fv2%2Fmedia&parent=280301"}],"wp:term":[{"taxonomy":"category","embeddable":true,"href":"https:\/\/zakrasnejsivimperk.cz\/index.php?rest_route=%2Fwp%2Fv2%2Fcategories&post=280301"},{"taxonomy":"post_tag","embeddable":true,"href":"https:\/\/zakrasnejsivimperk.cz\/index.php?rest_route=%2Fwp%2Fv2%2Ftags&post=280301"}],"curies":[{"name":"wp","href":"https:\/\/api.w.org\/{rel}","templated":true}]}}