{"id":279962,"date":"2023-06-25T20:48:11","date_gmt":"2023-06-25T19:48:11","guid":{"rendered":"https:\/\/zakrasnejsivimperk.cz\/?p=279962"},"modified":"2023-06-29T12:58:46","modified_gmt":"2023-06-29T11:58:46","slug":"jizni-cechy-do-lipna-nad-vltavou-miri-uz-12-rocnik-cez-lipno-sport-festivalu","status":"publish","type":"post","link":"https:\/\/zakrasnejsivimperk.cz\/?p=279962","title":{"rendered":"JI\u017dN\u00cd \u010cECHY: Do Lipna nad Vltavou m\u00ed\u0159\u00ed u\u017e 12. ro\u010dn\u00edk \u010cEZ Lipno Sport Festivalu"},"content":{"rendered":"<p><img loading=\"lazy\" decoding=\"async\" class=\"aligncenter wp-image-279980 size-full\" src=\"https:\/\/zakrasnejsivimperk.cz\/wp-content\/uploads\/2023\/05\/31\/lipno-sport-festival-2.jpg\" alt=\"\" width=\"1040\" height=\"693\" srcset=\"https:\/\/zakrasnejsivimperk.cz\/wp-content\/uploads\/2023\/05\/31\/lipno-sport-festival-2.jpg 1040w, https:\/\/zakrasnejsivimperk.cz\/wp-content\/uploads\/2023\/05\/31\/lipno-sport-festival-2-300x200.jpg 300w, https:\/\/zakrasnejsivimperk.cz\/wp-content\/uploads\/2023\/05\/31\/lipno-sport-festival-2-1024x682.jpg 1024w, https:\/\/zakrasnejsivimperk.cz\/wp-content\/uploads\/2023\/05\/31\/lipno-sport-festival-2-768x512.jpg 768w, https:\/\/zakrasnejsivimperk.cz\/wp-content\/uploads\/2023\/05\/31\/lipno-sport-festival-2-536x357.jpg 536w, https:\/\/zakrasnejsivimperk.cz\/wp-content\/uploads\/2023\/05\/31\/lipno-sport-festival-2-725x483.jpg 725w\" sizes=\"(max-width: 1040px) 100vw, 1040px\" \/><\/p>\n<p>&nbsp;<\/p>\n<h6>Na tradici p\u0159edchoz\u00edch \u00fasp\u011b\u0161n\u00fdch ro\u010dn\u00edk\u016f navazuje leto\u0161n\u00ed ji\u017e 12. ro\u010dn\u00edk \u010cEZ Lipno Sport Festivalu, kter\u00fd op\u011bt nab\u00eddne atraktivn\u00ed sportovn\u00ed a kulturn\u00ed program pro v\u0161echny v\u011bkov\u00e9 skupiny. Od p\u00e1tku 11. srpna do ned\u011ble 20. srpna se Lipno nad Vltavou stane sportovn\u011b &#8211; kulturn\u00edm centrem jiho\u010desk\u00e9ho regionu a p\u0159inese \u0159adu novinek a v\u00fdznamn\u00fdch host\u016f.<\/h6>\n<p><img loading=\"lazy\" decoding=\"async\" class=\"size-medium wp-image-247981 alignright\" src=\"https:\/\/zakrasnejsivimperk.cz\/wp-content\/uploads\/2022\/02\/24\/lipno-logo-300x116.jpg\" alt=\"\" width=\"300\" height=\"116\" srcset=\"https:\/\/zakrasnejsivimperk.cz\/wp-content\/uploads\/2022\/02\/24\/lipno-logo-300x116.jpg 300w, https:\/\/zakrasnejsivimperk.cz\/wp-content\/uploads\/2022\/02\/24\/lipno-logo.jpg 716w\" sizes=\"(max-width: 300px) 100vw, 300px\" \/>Z\u00e1zem\u00ed festivalu najdou n\u00e1v\u0161t\u011bvn\u00edci op\u011bt na pl\u00e1\u017ei pod Aquaworldem Lipno, kde bude nejenom relaxa\u010dn\u00ed \u010cEZ Energy z\u00f3na, ale i dal\u0161\u00ed vybaven\u00ed pro sport, odpo\u010dinek a gastronomii. Na nov\u00e9m p\u00f3diu se budou vyhla\u0161ovat v\u00fdsledky sportovn\u00edch sout\u011b\u017e\u00ed a denn\u011b od 17 hodin bude i m\u00edstem hran\u00fdch poh\u00e1dek pro d\u011bti pod n\u00e1zvem \u201e Poh\u00e1dkov\u00e9 l\u00e9to s dm\u201c. Bohat\u00fd kulturn\u00ed program v\u010detn\u011b popul\u00e1rn\u00edch kapel bude p\u0159edstaven b\u011bhem \u010dervna. U\u017e nyn\u00ed ale lze prozradit, \u017ee lze \u010dekat nev\u0161edn\u00ed z\u00e1\u017eitky. Ob\u011b festivalov\u00e9 soboty rozezn\u00ed koncerty v r\u00e1mci \u010cEZ Energy Fest\u016f a i v pr\u016fb\u011bhu t\u00fddne je p\u0159ipraven l\u00e1kav\u00fd kulturn\u011b hudebn\u00ed program.<\/p>\n<p>\u010cEZ Lipno sport festival je v\u0161ak i nad\u00e1le zejm\u00e9na o sportu. Doposud obl\u00edben\u00e9 discipl\u00edny letos podpo\u0159\u00ed spojen\u00ed s nov\u00fdmi partnery akce a na d\u011bti tak \u010dek\u00e1 nap\u0159\u00edklad Lip\u00e1nkova lezeck\u00e1 st\u011bna s odm\u011bnou z v\u00fdrobny jiho\u010desk\u00e9 Madety. Parkour bude prob\u00edhat pod k\u0159\u00eddly Intersport a letos to pod veden\u00edm \u00fasp\u011b\u0161n\u00e9ho \u010desk\u00e9ho reprezentanta v parkuru a aktu\u00e1ln\u011b bronzov\u00e9ho medailisty ze sv\u011btov\u00e9ho poh\u00e1ru ve Francii Jardy Chuma. Festivalovou premi\u00e9ru si odbyde i dal\u0161\u00ed popul\u00e1rn\u00ed modern\u00ed sport a to slackline. I tady se m\u016f\u017eete t\u011b\u0161it na skv\u011blou lektorku v pod\u00e1n\u00ed na\u0161\u00ed p\u0159edn\u00ed slacklinerky Anny Hanu\u0161 Kucha\u0159ov\u00e9.<\/p>\n<p>V\u0161em \u017een\u00e1m, ale i mu\u017e\u016fm, bude tradi\u010dn\u011b v\u011bnovan\u00e9 ka\u017edodenn\u00ed dopoledn\u00ed cvi\u010den\u00ed MORA Gym s obl\u00edben\u00fdmi lektory jako jsou Hanka Kynychov\u00e1 a Roman Ondr\u00e1\u0161ek. Nov\u011b se chyst\u00e1 tak\u00e9 cvi\u010den\u00ed pro d\u011bti do 10 let. V lo\u0148sk\u00e9m roce zaznamenalo velk\u00fd \u00fasp\u011bch sout\u011b\u017een\u00ed s \u010deskou firmou Gumotex. I letos se tak na lipenskou n\u00e1dr\u017e jejich lod\u011b vr\u00e1t\u00ed a op\u011bt bude mo\u017en\u00e9 sout\u011b\u017eit a vyhr\u00e1t zaj\u00edmav\u00e9 a hodnotn\u00e9 ceny. V ned\u011bli 13. srpna se po hladin\u011b jiho\u010desk\u00e9ho mo\u0159e rozjedou v\u0161echna mo\u017en\u00e1 plavidla a na startu tohoto mal\u00e9ho z\u00e1vodu bude st\u00e1t i kajak\u00e1\u0159 a mistr sv\u011bta z roku 2017 V\u00edt P\u0159indi\u0161 a mistryn\u011b Evropy na kajaku Am\u00e1lie Hilgertov\u00e1. Na lod\u00edch se bude nov\u011b konat i ve\u010dern\u00ed organizovan\u00e1 vyj\u00ed\u017e\u010fka s pr\u016fvodcem.<\/p>\n<p>Ti nejv\u011bt\u0161\u00ed sout\u011b\u017eivci si jist\u011b nenechaj\u00ed uj\u00edt dv\u011b nejv\u011bt\u0161\u00ed v\u00fdzvy, kter\u00fdmi bude v sobotu 12. srpna cyklistick\u00fd z\u00e1vod \u010cEZ kolem Lipna a v z\u00e1v\u011bru festivalu b\u011b\u017eeck\u00fd \u010cT Lipensk\u00fd p\u016flmaraton. Cykloz\u00e1vod je vhodn\u00fd pro MTB i Gravel kola. 60 km dlouhou tra\u0165 ocen\u00ed sp\u00ed\u0161e tr\u00e9novan\u011bj\u0161\u00ed cyklist\u00e9, tra\u0165 dlouhou 20 km zvl\u00e1dne skoro ka\u017ed\u00fd, v\u010detn\u011b rodin s d\u011btmi. \u201e<em>Oproti lo\u0148sk\u00e9mu roku jsme tra\u0165 upravili a c\u00edl z\u00e1vodu um\u00edstili k p\u0159\u00edvozu ve Fr\u00fddav\u011b. Sou\u010d\u00e1st\u00ed startovn\u00edho \u010d\u00edsla je i poukaz na p\u0159\u00edvoz do Frymburka, odkud ji\u017e bez m\u011b\u0159en\u00ed \u010dasu dojedou \u00fa\u010dastn\u00edci zp\u011bt do centra festivalu. Tam se bude konat i vyhl\u00e1\u0161en\u00ed v\u00edt\u011bz\u016f a losov\u00e1n\u00ed tomboly,\u201c<\/em> \u0159\u00edk\u00e1 v\u00fdkonn\u00fd \u0159editel leto\u0161n\u00edho ro\u010dn\u00edku \u010cEZ Lipno Sport Festivalu Milan Bene\u0161.<\/p>\n<p>B\u011b\u017eeck\u00fd vrchol sportovn\u00edho programu zajist\u00ed v ned\u011bli 20. srpna \u010cT Lipensk\u00fd p\u016flmaraton. Pob\u011b\u017e\u00ed se v kr\u00e1sn\u00e9m ter\u00e9nu v okol\u00ed lipensk\u00e9 p\u0159ehrady po nov\u00e9 trati, ale ani tentokr\u00e1t nebude chyb\u011bt b\u011bh p\u0159es Stezku korunami strom\u016f. P\u0159es vrchol Stezky povede i krat\u0161\u00ed 10km tra\u0165 Radio\u017eurn\u00e1lu. V\u0161echny jist\u011b pot\u011b\u0161\u00ed nov\u00e9 origin\u00e1ln\u00ed medaile s motivem lipensk\u00e9 p\u0159ehrady a tombola. Na startovn\u00ed b\u011b\u017eeckou i cyklistickou \u010d\u00e1ru se mohou postavit tak\u00e9 rodinn\u00e9, firemn\u00ed i p\u0159\u00e1telsk\u00e9 t\u00fdmy.<\/p>\n<p>Nen\u00ed p\u0159ekvapen\u00edm, \u017ee i dvan\u00e1ct\u00e9ho ro\u010dn\u00edku festivalu se z\u00fa\u010dastn\u00ed \u0159ada zn\u00e1m\u00fdch osobnost\u00ed ze sv\u011bta kultury a sportu. U\u017e nyn\u00ed lze, krom\u011b v\u00fd\u0161e zm\u00edn\u011bn\u00fdch, potvrdit \u00fa\u010dast volejbalist\u016f VK \u010cEZ Karlovarsko a VK Jihostroje \u010cesk\u00e9 Bud\u011bjovice, kte\u0159\u00ed si spolu op\u011bt zahraj\u00ed pl\u00e1\u017eovou exhibici. Festival u\u017e by se snad ani nemohl konat bez n\u00e1v\u0161t\u011bvy a aktivn\u00ed \u00fa\u010dastni paralympionika Ji\u0159\u00edho Je\u017eka a vesla\u0159e V\u00e1clava Chalupy. \u00da\u010dast v obou velk\u00fdch z\u00e1vodech p\u0159isl\u00edbila i b\u00fdval\u00e1 ly\u017ea\u0159ka a b\u011b\u017ekyn\u011b Eva Vrabcov\u00e1 N\u00fdvltov\u00e1, b\u011b\u017eeck\u00fd z\u00e1vod p\u0159il\u00e1k\u00e1 tak\u00e9 marat\u00f3nkyni Marcelu Joglovou. \u00dater\u00fd 15. srpna pak bude na festivalu pat\u0159it paralympionik\u016fm a do plaveck\u00e9 sout\u011b\u017ee se zapoj\u00ed i paralympijsk\u00fd v\u00edt\u011bz Arny Petr\u00e1\u010dek.<\/p>\n<p>Na n\u00e1v\u0161t\u011bv\u011b festivalu se ale \u0159editelka akce Kate\u0159ina Neumannov\u00e1 domluvila i s hv\u011bzdami nejz\u00e1\u0159iv\u011bj\u0161\u00edmi. V den cyklistick\u00e9ho z\u00e1vodu \u010cEZ Kolem Lipna se na festivalu uk\u00e1\u017ee biatlonov\u00e1 mistryn\u011b sv\u011bta Gabriela Soukalov\u00e1 a hokejov\u00fd g\u00f3lman, olympijsk\u00fd v\u00edt\u011bz Dominik Ha\u0161ek. Druh\u00fd v\u00edkend festivalu se budete m\u00edt mo\u017enost na startu z\u00e1vodu a p\u0159i autogrami\u00e1d\u011b setkat s Evou Adamczykovou, olympijskou v\u00edt\u011bzku a mistryn\u00ed sv\u011bta ve snowboardcrossu.<\/p>\n<p>Gener\u00e1ln\u00edm a titul\u00e1rn\u00edm partnerem je skupina \u010cEZ, kter\u00e9 pat\u0159\u00ed velk\u00fd d\u00edk za dlouhodobou podporu akce. <em>\u201eLipno pro n\u00e1s nep\u0159edstavuje jen stejnojmennou elektr\u00e1rnu, ale z\u00e1rove\u0148 tak\u00e9 region v\u00fdznamn\u00fd pro v\u00fdrobu \u010dist\u00e9 energie v \u0159ad\u011b dal\u0161\u00edch zdroj\u016f. I to je jedn\u00edm z d\u016fvod\u016f, pro\u010d jsme gener\u00e1ln\u00edm partnerem festivalu. Unik\u00e1tn\u00ed sportovn\u00ed a spole\u010densk\u00fd program budou v\u017edy v p\u00e1tek a sobotu doprov\u00e1zet kulturn\u00ed festivaly Energyfest, kter\u00e9 lidem zdarma p\u0159inesou vystoupen\u00ed \u0159ady \u0161pi\u010dkov\u00fdch um\u011blc\u016f,\u201c<\/em> \u0159\u00edk\u00e1 za spole\u010dnost \u010cEZ Petr \u0160ule\u0159. A \u0159editelka akce Kate\u0159ina Neumannov\u00e1 dod\u00e1v\u00e1: <em>\u201e\u010cEZ Lipno sport festival u\u017e d\u00e1vno nen\u00ed mal\u00fdm sportovn\u00edm festivalem, ale akc\u00ed p\u0159esahuj\u00edc\u00ed sv\u00fdm v\u00fdznamem hranice jiho\u010desk\u00e9ho regionu. M\u00e1m z toho velkou radost. P\u0159\u00edprav\u011b akce v\u011bnujeme s t\u00fdmem koleg\u016f velk\u00e9 mno\u017estv\u00ed \u010dasu a energie. Budu se t\u011b\u0161it na v\u0161echny hosty z \u0159ad skv\u011bl\u00fdch sportovc\u016f i ve\u0159ejnosti, kte\u0159\u00ed s n\u00e1mi str\u00e1v\u00ed kus l\u00e9ta nabit\u00fd sportem, kulturou a z\u00e1bavou. Nav\u00edc si budu moci stoupnout na start b\u011b\u017eeck\u00e9 des\u00edtky i se svou dcerou, co\u017e je na\u0161e leto\u0161n\u00ed rodinn\u00e1 v\u00fdzva.\u201c<\/em><\/p>\n<p>&nbsp;<\/p>\n<p><strong>Olga KNEIFLOV\u00c1, Lipno nad Vltavou<\/strong><\/p>\n<p>Foto: archiv po\u0159adatel\u016f<\/p>\n<hr \/>\n<p>&nbsp;<\/p>\n<h4>Kulturn\u00ed tah\u00e1ky \u010cEZ Lipno Sport Festivalu 2023<\/h4>\n<h6>Kdepak jen region\u00e1ln\u00ed sportovn\u00ed akce. Punc v\u00fdjime\u010dnosti dod\u00e1v\u00e1 lipensk\u00e9mu festivalu mimo jin\u00e9 i bohat\u00fd kulturn\u00ed program. Leto\u0161n\u00ed 12. ro\u010dn\u00edk \u010cEZ Lipno Sport Festivalu, kter\u00fd se letos na lipensk\u00e9 pl\u00e1\u017ei kon\u00e1 od 11. do 20. srpna nab\u00eddne hned plej\u00e1du zn\u00e1m\u00fdch tv\u00e1\u0159\u00ed showbyznysu, kter\u00e9 se b\u011bhem p\u011bti doprovodn\u00fdch ve\u010der\u016f v r\u00e1mci \u010cEZ Energy Fest\u016f prost\u0159\u00eddaj\u00ed na p\u00f3diu.<\/h6>\n<p><img loading=\"lazy\" decoding=\"async\" class=\"size-medium wp-image-247981 alignright\" src=\"https:\/\/zakrasnejsivimperk.cz\/wp-content\/uploads\/2022\/02\/24\/lipno-logo-300x116.jpg\" alt=\"\" width=\"300\" height=\"116\" srcset=\"https:\/\/zakrasnejsivimperk.cz\/wp-content\/uploads\/2022\/02\/24\/lipno-logo-300x116.jpg 300w, https:\/\/zakrasnejsivimperk.cz\/wp-content\/uploads\/2022\/02\/24\/lipno-logo.jpg 716w\" sizes=\"(max-width: 300px) 100vw, 300px\" \/>Zahajovac\u00ed den \u010cEZ Lipno Sport Festivalu v p\u00e1tek 11. srpna bude po autogrami\u00e1d\u011b sportovc\u016f pod taktovkou obl\u00edben\u00e9 poprockov\u00e9 kapely Cukr. Hlavn\u00ed atrakc\u00ed ve\u010dera pak bude novocirkusov\u00fd koncert Cirk La Putyka s projektem Hor\u00e1\u010dek GEN XYZ, kdy um\u011blci nab\u00eddnou poslucha\u010d\u016fm netradi\u010dn\u011b aran\u017eovan\u00e9 p\u00edsn\u011b texta\u0159e Michala Hor\u00e1\u010dka.<\/p>\n<p>O den pozd\u011bji bude lipensk\u00e9 p\u00f3dium pat\u0159it kapele P\u00edskomil s odpoledn\u00edm p\u0159edstaven\u00edm pro d\u011bti, podve\u010dern\u00ed a ve\u010dern\u00ed program obstaraj\u00ed hned t\u0159i koncertn\u00ed tah\u00e1ky \u2013 Ond\u0159ej Brzobohat\u00fd, skupina Slza a slovensk\u00e1 zp\u011bva\u010dka Jana Kirschner. V pr\u016fb\u011bhu ve\u010dera dojde i na p\u0159ed\u00e1v\u00e1n\u00ed \u0161ek\u016f Oran\u017eov\u00e9 kolo Nadace \u010cEZ a rozhovory s pozvan\u00fdmi sportovci.<\/p>\n<p>Na dal\u0161\u00ed kulturn\u00ed doprovodn\u00fd program nemusej\u00ed fanou\u0161ci \u010dekat a\u017e na n\u00e1sleduj\u00edc\u00ed v\u00edkend. U\u017e v \u00fater\u00fd si p\u0159ijdou na sv\u00e9 milovn\u00edci v\u00e1\u017en\u00e9 hudby. Ve st\u0159edu 16. srpna to na p\u00f3diu rozjede kapela CLPBND, co\u017e je samostatn\u011b vystupuj\u00edc\u00ed jednotka Cirku La Putyka hraj\u00edc\u00ed melodie a rytmy nejen ze sv\u00fdch inscenac\u00ed. \u201eJe jich \u0161est, ale hraj\u00ed na dvan\u00e1ct n\u00e1stroj\u016f,\u201c l\u00e1k\u00e1 div\u00e1ky upout\u00e1vka. Barevnost ve\u010dera dokresl\u00ed 60minutov\u00e1 epick\u00e1 show Snowflakes: Amerik\u00e1nka.<\/p>\n<p>V p\u00e1tek 18. srpna ovl\u00e1dne na dv\u011b hodiny p\u00f3dium DJ, po dal\u0161\u00edm p\u0159ed\u00e1v\u00e1n\u00ed \u0161ek\u016f Oran\u017eov\u00e9 kolo Nadace \u010cEZ a pov\u00edd\u00e1n\u00ed s hv\u011bzdn\u00fdmi sportovci p\u016fjde po t\u00fddnu op\u011bt do akce Cirk La Putyka s projektem Hor\u00e1\u010dek GEN XYZ.<\/p>\n<p>A sobotn\u00ed vyvrcholen\u00ed? Hotov\u00e1 smr\u0161\u0165! Koncerty Xindla X plus popul\u00e1rn\u00edch kapel Monkey Business a Tata Bojs slibuj\u00ed d\u016fstojnou te\u010dku za 12. ro\u010dn\u00edkem popul\u00e1rn\u00ed lipensk\u00e9 akce. P\u0159ij\u010fte, letn\u00ed festivalov\u00e1 atmosf\u00e9ra pod \u0161ir\u00fdm nebem bude st\u00e1t opravdu za to!<\/p>\n<p><strong>(jg)<\/strong><\/p>\n<p>&nbsp;<\/p>\n<p><img loading=\"lazy\" decoding=\"async\" class=\"aligncenter wp-image-279979 size-full\" src=\"https:\/\/zakrasnejsivimperk.cz\/wp-content\/uploads\/2023\/05\/31\/lipno-sport-festival-1.jpg\" alt=\"\" width=\"1040\" height=\"693\" srcset=\"https:\/\/zakrasnejsivimperk.cz\/wp-content\/uploads\/2023\/05\/31\/lipno-sport-festival-1.jpg 1040w, https:\/\/zakrasnejsivimperk.cz\/wp-content\/uploads\/2023\/05\/31\/lipno-sport-festival-1-300x200.jpg 300w, https:\/\/zakrasnejsivimperk.cz\/wp-content\/uploads\/2023\/05\/31\/lipno-sport-festival-1-1024x682.jpg 1024w, https:\/\/zakrasnejsivimperk.cz\/wp-content\/uploads\/2023\/05\/31\/lipno-sport-festival-1-768x512.jpg 768w, https:\/\/zakrasnejsivimperk.cz\/wp-content\/uploads\/2023\/05\/31\/lipno-sport-festival-1-536x357.jpg 536w, https:\/\/zakrasnejsivimperk.cz\/wp-content\/uploads\/2023\/05\/31\/lipno-sport-festival-1-725x483.jpg 725w\" sizes=\"(max-width: 1040px) 100vw, 1040px\" \/><\/p>\n<hr \/>\n<p>&nbsp;<\/p>\n<p>&nbsp;<\/p>\n","protected":false},"excerpt":{"rendered":"<p>&nbsp; Na <\/p>\n","protected":false},"author":2,"featured_media":279980,"comment_status":"open","ping_status":"open","sticky":false,"template":"","format":"gallery","meta":{"footnotes":""},"categories":[69],"tags":[],"jetpack_featured_media_url":"https:\/\/zakrasnejsivimperk.cz\/wp-content\/uploads\/2023\/05\/31\/lipno-sport-festival-2.jpg","_links":{"self":[{"href":"https:\/\/zakrasnejsivimperk.cz\/index.php?rest_route=\/wp\/v2\/posts\/279962"}],"collection":[{"href":"https:\/\/zakrasnejsivimperk.cz\/index.php?rest_route=\/wp\/v2\/posts"}],"about":[{"href":"https:\/\/zakrasnejsivimperk.cz\/index.php?rest_route=\/wp\/v2\/types\/post"}],"author":[{"embeddable":true,"href":"https:\/\/zakrasnejsivimperk.cz\/index.php?rest_route=\/wp\/v2\/users\/2"}],"replies":[{"embeddable":true,"href":"https:\/\/zakrasnejsivimperk.cz\/index.php?rest_route=%2Fwp%2Fv2%2Fcomments&post=279962"}],"version-history":[{"count":7,"href":"https:\/\/zakrasnejsivimperk.cz\/index.php?rest_route=\/wp\/v2\/posts\/279962\/revisions"}],"predecessor-version":[{"id":282107,"href":"https:\/\/zakrasnejsivimperk.cz\/index.php?rest_route=\/wp\/v2\/posts\/279962\/revisions\/282107"}],"wp:featuredmedia":[{"embeddable":true,"href":"https:\/\/zakrasnejsivimperk.cz\/index.php?rest_route=\/wp\/v2\/media\/279980"}],"wp:attachment":[{"href":"https:\/\/zakrasnejsivimperk.cz\/index.php?rest_route=%2Fwp%2Fv2%2Fmedia&parent=279962"}],"wp:term":[{"taxonomy":"category","embeddable":true,"href":"https:\/\/zakrasnejsivimperk.cz\/index.php?rest_route=%2Fwp%2Fv2%2Fcategories&post=279962"},{"taxonomy":"post_tag","embeddable":true,"href":"https:\/\/zakrasnejsivimperk.cz\/index.php?rest_route=%2Fwp%2Fv2%2Ftags&post=279962"}],"curies":[{"name":"wp","href":"https:\/\/api.w.org\/{rel}","templated":true}]}}