{"id":279872,"date":"2023-05-30T14:06:12","date_gmt":"2023-05-30T13:06:12","guid":{"rendered":"https:\/\/zakrasnejsivimperk.cz\/?p=279872"},"modified":"2023-05-30T20:02:36","modified_gmt":"2023-05-30T19:02:36","slug":"jizni-cechy-pozvanka-do-strakonic-3","status":"publish","type":"post","link":"https:\/\/zakrasnejsivimperk.cz\/?p=279872","title":{"rendered":"JI\u017dN\u00cd \u010cECHY: Pozv\u00e1nka do Strakonic"},"content":{"rendered":"<p><img loading=\"lazy\" decoding=\"async\" class=\"aligncenter wp-image-279862 size-full\" src=\"https:\/\/zakrasnejsivimperk.cz\/wp-content\/uploads\/2023\/05\/30\/plakat-st-0206-1.jpg\" alt=\"\" width=\"502\" height=\"189\" srcset=\"https:\/\/zakrasnejsivimperk.cz\/wp-content\/uploads\/2023\/05\/30\/plakat-st-0206-1.jpg 502w, https:\/\/zakrasnejsivimperk.cz\/wp-content\/uploads\/2023\/05\/30\/plakat-st-0206-1-300x113.jpg 300w\" sizes=\"(max-width: 502px) 100vw, 502px\" \/><\/p>\n<p>&nbsp;<\/p>\n<h1 style=\"text-align: center;\">Muzejn\u00ed noc<\/h1>\n<h4 style=\"text-align: center;\">\u00a0P\u00e1tek 2. \u010dervna<\/h4>\n<h6 style=\"text-align: center;\">strakonick\u00fd hrad<\/h6>\n<h6 style=\"text-align: center;\">16.00 \u2013 22.00 h<\/h6>\n<h6 style=\"text-align: center;\">Muzejn\u00ed noc pln\u00e1 hlavolam\u016f<\/h6>\n<p class=\"-wm-MsoNormal\" style=\"text-align: center;\">Noc\u00a0<b>zah\u00e1j\u00edme v\u00a016.00 hod.\u00a0<\/b>na II. n\u00e1dvo\u0159\u00ed strakonick\u00e9ho hradu a\u00a0p\u0159edstav\u00edme novou v\u00fdstavu\u00a0Hlavolamy, kter\u00e1 bude k\u00a0vid\u011bn\u00ed p\u0159es cel\u00e9 l\u00e9to.<\/p>\n<p class=\"-wm-MsoNormal\" style=\"text-align: center;\">N\u00e1sledovat bude prohl\u00eddka v\u00fdstavy.<\/p>\n<p class=\"-wm-MsoNormal\" style=\"text-align: center;\"><b>Program bude pokra\u010dovat v\u00a0prostor\u00e1ch hradu i\u00a0hradn\u00edch n\u00e1dvo\u0159\u00ed.<\/b><\/p>\n<p class=\"-wm-MsoNormal\" style=\"text-align: center;\">Na prvn\u00edm n\u00e1dvo\u0159\u00ed si m\u016f\u017eete 16.30 \u2013 22.00, ka\u017edou p\u016flhodinu, vyzkou\u0161et\u00a0<b>mobiln\u00ed \u00fanikovou hru\u00a0<\/b>Nucleus\u00a0a\u00a0zachr\u00e1nit tak lidstvo p\u0159ed mimozemskou katastrofou.<\/p>\n<p class=\"-wm-MsoNormal\" style=\"text-align: center;\">Na druh\u00e9m n\u00e1dvo\u0159\u00ed bude 16.30 \u2013 22.00 provozovat sv\u00e9 atrakce\u00a0<b>Al Ra\u0161\u00edd<\/b>.<\/p>\n<p class=\"-wm-MsoNormal\" style=\"text-align: center;\">18.00 \u2013 20.00 si SH\u0160 Berit Vimperk, ka\u017edou p\u016flhodinu, p\u0159ipravili\u00a0<b>Hled\u00e1n\u00ed pir\u00e1tsk\u00e9ho pokladu<\/b>.<\/p>\n<p class=\"-wm-MsoNormal\" style=\"text-align: center;\">Ve 21.15\u00a0vystoup\u00ed spolek\u00a0<b>P\u0159espoln\u00ed<\/b>\u00a0se svou hrou\u00a0<b>\u010cern\u00e1 slepice<\/b>.<\/p>\n<p class=\"-wm-MsoNormal\" style=\"text-align: center;\">Program na n\u00e1dvo\u0159\u00ed zakon\u010d\u00ed\u00a0<b>ve 22.00<\/b>\u00a0op\u011bt\u00a0SH\u0160 Berit\u00a0<b>oh\u0148ovou show<\/b>.<\/p>\n<p class=\"-wm-MsoNormal\" style=\"text-align: center;\"><b>V expozic\u00edch muzea jsou p\u0159ipravena stanovi\u0161t\u011b pln\u00e1 her, lu\u0161t\u011bn\u00ed a\u00a0kv\u00edz\u016f.<\/b><\/p>\n<p class=\"-wm-MsoNormal\" style=\"text-align: center;\">Ve v\u00edce\u00fa\u010delov\u00e9m s\u00e1le bude p\u0159ipravena\u00a0<b>uk\u00e1zka hlavolam\u016f a\u00a0stoln\u00ed deskov\u00fdch her<\/b>\u00a0s\u00a0mo\u017enost\u00ed pohr\u00e1t si.<\/p>\n<p class=\"-wm-MsoNormal\" style=\"text-align: center;\">Eduka\u010dn\u00ed s\u00e1l obsad\u00ed\u00a0<b>v\u00fdroba n\u00e1ramk\u016f a\u00a0malov\u00e1n\u00ed na obli\u010dej<\/b>.<\/p>\n<p class=\"-wm-MsoNormal\" style=\"text-align: center;\">Na tento den p\u0159ipad\u00e1 tak\u00e9\u00a0<b>Noc kostel\u016f.<\/b><\/p>\n<p class=\"-wm-MsoNormal\" style=\"text-align: center;\">Od 18.30 \u2013 22.00 budete m\u00edt tak<b>\u00a0jedine\u010dnou \u0161anci proch\u00e1zet skrz kostel do hradu a\u00a0na\u0161ich expozic<\/b>, p\u0159esn\u011b tak, jak tuto cestu vyu\u017e\u00edvali malt\u00e9z\u0161t\u00ed ryt\u00ed\u0159i v\u00a0dob\u00e1ch d\u00e1vno minul\u00fdch.<\/p>\n<p class=\"-wm-MsoNormal\" style=\"text-align: center;\">Ob\u010derstven\u00ed zaji\u0161t\u011bno.<\/p>\n<p class=\"-wm-MsoNormal\" style=\"text-align: center;\">Vstup zdarma.<\/p>\n<p>&nbsp;<\/p>\n<p style=\"text-align: center;\"><strong>MUZEUM ST\u0158EDN\u00cdHO POOTAV\u00cd STRAKONICE<\/strong><\/p>\n<p>&nbsp;<\/p>\n<p><img loading=\"lazy\" decoding=\"async\" class=\"aligncenter wp-image-279863 size-full\" src=\"https:\/\/zakrasnejsivimperk.cz\/wp-content\/uploads\/2023\/05\/30\/plakat-st-0206-2.jpg\" alt=\"\" width=\"990\" height=\"1400\" srcset=\"https:\/\/zakrasnejsivimperk.cz\/wp-content\/uploads\/2023\/05\/30\/plakat-st-0206-2.jpg 990w, https:\/\/zakrasnejsivimperk.cz\/wp-content\/uploads\/2023\/05\/30\/plakat-st-0206-2-212x300.jpg 212w, https:\/\/zakrasnejsivimperk.cz\/wp-content\/uploads\/2023\/05\/30\/plakat-st-0206-2-724x1024.jpg 724w, https:\/\/zakrasnejsivimperk.cz\/wp-content\/uploads\/2023\/05\/30\/plakat-st-0206-2-768x1086.jpg 768w, https:\/\/zakrasnejsivimperk.cz\/wp-content\/uploads\/2023\/05\/30\/plakat-st-0206-2-252x357.jpg 252w, https:\/\/zakrasnejsivimperk.cz\/wp-content\/uploads\/2023\/05\/30\/plakat-st-0206-2-342x483.jpg 342w\" sizes=\"(max-width: 990px) 100vw, 990px\" \/><\/p>\n<hr \/>\n<p>&nbsp;<\/p>\n<p>&nbsp;<\/p>\n","protected":false},"excerpt":{"rendered":"<p>&nbsp; Muzejn\u00ed <\/p>\n","protected":false},"author":2,"featured_media":279875,"comment_status":"open","ping_status":"open","sticky":false,"template":"","format":"gallery","meta":{"footnotes":""},"categories":[120],"tags":[],"jetpack_featured_media_url":"https:\/\/zakrasnejsivimperk.cz\/wp-content\/uploads\/2023\/05\/30\/ram-st-noc.jpg","_links":{"self":[{"href":"https:\/\/zakrasnejsivimperk.cz\/index.php?rest_route=\/wp\/v2\/posts\/279872"}],"collection":[{"href":"https:\/\/zakrasnejsivimperk.cz\/index.php?rest_route=\/wp\/v2\/posts"}],"about":[{"href":"https:\/\/zakrasnejsivimperk.cz\/index.php?rest_route=\/wp\/v2\/types\/post"}],"author":[{"embeddable":true,"href":"https:\/\/zakrasnejsivimperk.cz\/index.php?rest_route=\/wp\/v2\/users\/2"}],"replies":[{"embeddable":true,"href":"https:\/\/zakrasnejsivimperk.cz\/index.php?rest_route=%2Fwp%2Fv2%2Fcomments&post=279872"}],"version-history":[{"count":2,"href":"https:\/\/zakrasnejsivimperk.cz\/index.php?rest_route=\/wp\/v2\/posts\/279872\/revisions"}],"predecessor-version":[{"id":279876,"href":"https:\/\/zakrasnejsivimperk.cz\/index.php?rest_route=\/wp\/v2\/posts\/279872\/revisions\/279876"}],"wp:featuredmedia":[{"embeddable":true,"href":"https:\/\/zakrasnejsivimperk.cz\/index.php?rest_route=\/wp\/v2\/media\/279875"}],"wp:attachment":[{"href":"https:\/\/zakrasnejsivimperk.cz\/index.php?rest_route=%2Fwp%2Fv2%2Fmedia&parent=279872"}],"wp:term":[{"taxonomy":"category","embeddable":true,"href":"https:\/\/zakrasnejsivimperk.cz\/index.php?rest_route=%2Fwp%2Fv2%2Fcategories&post=279872"},{"taxonomy":"post_tag","embeddable":true,"href":"https:\/\/zakrasnejsivimperk.cz\/index.php?rest_route=%2Fwp%2Fv2%2Ftags&post=279872"}],"curies":[{"name":"wp","href":"https:\/\/api.w.org\/{rel}","templated":true}]}}