{"id":279775,"date":"2023-05-28T11:38:21","date_gmt":"2023-05-28T10:38:21","guid":{"rendered":"https:\/\/zakrasnejsivimperk.cz\/?p=279775"},"modified":"2023-05-28T11:39:19","modified_gmt":"2023-05-28T10:39:19","slug":"kalendar-rok-2023-v-lidovych-zvycich-rikadlech-a-moudrostech-22-tyden","status":"publish","type":"post","link":"https:\/\/zakrasnejsivimperk.cz\/?p=279775","title":{"rendered":"KALEND\u00c1\u0158: Rok 2023 v lidov\u00fdch zvyc\u00edch, \u0159\u00edkadlech a moudrostech \u2013 22. t\u00fdden"},"content":{"rendered":"<p><img loading=\"lazy\" decoding=\"async\" class=\"aligncenter wp-image-279777 size-full\" src=\"https:\/\/zakrasnejsivimperk.cz\/wp-content\/uploads\/2023\/05\/28\/kalendar-2223-2.jpg\" alt=\"\" width=\"937\" height=\"1100\" srcset=\"https:\/\/zakrasnejsivimperk.cz\/wp-content\/uploads\/2023\/05\/28\/kalendar-2223-2.jpg 937w, https:\/\/zakrasnejsivimperk.cz\/wp-content\/uploads\/2023\/05\/28\/kalendar-2223-2-256x300.jpg 256w, https:\/\/zakrasnejsivimperk.cz\/wp-content\/uploads\/2023\/05\/28\/kalendar-2223-2-872x1024.jpg 872w, https:\/\/zakrasnejsivimperk.cz\/wp-content\/uploads\/2023\/05\/28\/kalendar-2223-2-768x902.jpg 768w, https:\/\/zakrasnejsivimperk.cz\/wp-content\/uploads\/2023\/05\/28\/kalendar-2223-2-304x357.jpg 304w, https:\/\/zakrasnejsivimperk.cz\/wp-content\/uploads\/2023\/05\/28\/kalendar-2223-2-411x483.jpg 411w\" sizes=\"(max-width: 937px) 100vw, 937px\" \/><\/p>\n<p>&nbsp;<\/p>\n<h1 style=\"text-align: center;\"><a href=\"https:\/\/zakrasnejsivimperk.cz\/?p=270376\" target=\"_blank\" rel=\"noopener\">Rok 2023 v lidov\u00fdch zvyc\u00edch, \u0159\u00edkadlech a moudrostech<\/a><\/h1>\n<hr \/>\n<p>&nbsp;<\/p>\n<p>&nbsp;<\/p>\n","protected":false},"excerpt":{"rendered":"<p>&nbsp; Rok <\/p>\n","protected":false},"author":2,"featured_media":279776,"comment_status":"open","ping_status":"open","sticky":false,"template":"","format":"gallery","meta":{"footnotes":""},"categories":[120],"tags":[],"jetpack_featured_media_url":"https:\/\/zakrasnejsivimperk.cz\/wp-content\/uploads\/2023\/05\/28\/kalendar-2223-1.jpg","_links":{"self":[{"href":"https:\/\/zakrasnejsivimperk.cz\/index.php?rest_route=\/wp\/v2\/posts\/279775"}],"collection":[{"href":"https:\/\/zakrasnejsivimperk.cz\/index.php?rest_route=\/wp\/v2\/posts"}],"about":[{"href":"https:\/\/zakrasnejsivimperk.cz\/index.php?rest_route=\/wp\/v2\/types\/post"}],"author":[{"embeddable":true,"href":"https:\/\/zakrasnejsivimperk.cz\/index.php?rest_route=\/wp\/v2\/users\/2"}],"replies":[{"embeddable":true,"href":"https:\/\/zakrasnejsivimperk.cz\/index.php?rest_route=%2Fwp%2Fv2%2Fcomments&post=279775"}],"version-history":[{"count":2,"href":"https:\/\/zakrasnejsivimperk.cz\/index.php?rest_route=\/wp\/v2\/posts\/279775\/revisions"}],"predecessor-version":[{"id":279779,"href":"https:\/\/zakrasnejsivimperk.cz\/index.php?rest_route=\/wp\/v2\/posts\/279775\/revisions\/279779"}],"wp:featuredmedia":[{"embeddable":true,"href":"https:\/\/zakrasnejsivimperk.cz\/index.php?rest_route=\/wp\/v2\/media\/279776"}],"wp:attachment":[{"href":"https:\/\/zakrasnejsivimperk.cz\/index.php?rest_route=%2Fwp%2Fv2%2Fmedia&parent=279775"}],"wp:term":[{"taxonomy":"category","embeddable":true,"href":"https:\/\/zakrasnejsivimperk.cz\/index.php?rest_route=%2Fwp%2Fv2%2Fcategories&post=279775"},{"taxonomy":"post_tag","embeddable":true,"href":"https:\/\/zakrasnejsivimperk.cz\/index.php?rest_route=%2Fwp%2Fv2%2Ftags&post=279775"}],"curies":[{"name":"wp","href":"https:\/\/api.w.org\/{rel}","templated":true}]}}